{"id":9963,"date":"2023-07-05T16:19:30","date_gmt":"2023-07-05T16:19:30","guid":{"rendered":"https:\/\/tvnativoos.com.br\/wfe\/?p=9963"},"modified":"2023-07-05T16:19:31","modified_gmt":"2023-07-05T16:19:31","slug":"18a-feira-do-livro-de-santa-rosa-inicia-amanha-e-tem-como-patrono-o-professor-e-ex-prefeito-alcides-vicini","status":"publish","type":"post","link":"https:\/\/tvnativoos.com.br\/wfe\/18a-feira-do-livro-de-santa-rosa-inicia-amanha-e-tem-como-patrono-o-professor-e-ex-prefeito-alcides-vicini\/","title":{"rendered":"18\u00aa Feira do Livro de Santa Rosa inicia amanh\u00e3  e tem como patrono o professor e ex-prefeito Alcides Vicini"},"content":{"rendered":"\n<p>O Escritor Homenageado, ser\u00e1 o professor Gerson Miguel Lauermann<\/p>\n\n\n\n<p>Lan\u00e7amentos de livros e publica\u00e7\u00f5es diversas, sess\u00f5es de aut\u00f3grafos, conta\u00e7\u00e3o de hist\u00f3rias, oficinas, apresenta\u00e7\u00f5es art\u00edsticas, palestras e homenagens s\u00e3o algumas das atividades que v\u00e3o estar dispon\u00edveis para a comunidade, a partir desta semana.<\/p>\n\n\n\n<p>Nesta quinta-feira (06), \u00e0s 08h30min, vai acontecer a abertura da 18\u00aa Feira do Livro de Santa Rosa, que tem como tema: \u201cTransformando Vidas\u201d. O evento \u00e9 promovido pela prefeitura, atrav\u00e9s da Secretaria de Educa\u00e7\u00e3o e Cultura. Assim como na edi\u00e7\u00e3o anterior, a Feira do Livro 2023, ser\u00e1 realizada na Pra\u00e7a da Bandeira, ao ar livre. Ser\u00e3o 06 dias de programa\u00e7\u00e3o. Entre as atra\u00e7\u00f5es, est\u00e3o previstos os lan\u00e7amentos de 15 livros.<\/p>\n\n\n\n<p>s preparativos e a montagem da estrutura j\u00e1 est\u00e3o acontecendo. Nesta 18\u00aa edi\u00e7\u00e3o, foi escolhido como Patrono, o professor e ex-prefeito de Santa Rosa, Alcides Vicini e como Escritor Homenageado, o professor Gerson Miguel Lauermann. O Prefeito Anderson Mantei, recebeu os dois no gabinete, acompanhado da Secret\u00e1ria de Educa\u00e7\u00e3o e Cultura, Lires Zimmermann e parabenizou a comiss\u00e3o organizadora pelos nomes escolhidos, ressaltando que a feira deste ano, com certeza ser\u00e1 um sucesso, \u201cA Feira do Livro \u00e9 um momento aguardado por toda a comunidade e uma oportunidade de reencontro com a cultura e a leitura. Vamos estar presentes com o gabinete direto da feira, acompanhando todas as atividades e despachando os documentos. \u00c9 importante lembrar tamb\u00e9m, o investimento que o Governo Municipal realiza na feira, atrav\u00e9s da distribui\u00e7\u00e3o do vale-livro para todos os alunos da Rede Municipal, do Ensino Fundamental, 1\u00ba ao 9\u00ba ano. Um grande incentivo que proporciona aos jovens, adquirir de forma gratuita, um exemplar liter\u00e1rio\u201d.<\/p>\n\n\n\n<p>Neste ano, foram distribu\u00eddos cerca de 4.200 vales-livro, 3.700 para estudantes e 500 para os professores. Um investimento de mais de R$ 126 mil, de recursos pr\u00f3prios do munic\u00edpio. A 18\u00aa Feira do Livro de Santa Rosa vai acontecer de 06 a 11 de julho, na Pra\u00e7a da Bandeira, em frente ao Centro Cultural Prof. Fioravante Pedrazani. Confira nas p\u00e1ginas oficiais da prefeitura, o cronograma completo das atividades.<\/p>\n\n\n\n<p>Se inscreva em nosso canal do\u00a0<strong><a href=\"https:\/\/www.youtube.com\/@tvnativoos\">youtube.com\/@tvnativoos<\/a><\/strong>, curta nossa p\u00e1gina no\u00a0<strong><a href=\"https:\/\/www.facebook.com\/tvnativoos\">facebook<\/a><\/strong>,\u00a0<strong><a href=\"https:\/\/www.instagram.com\/tvnativoos\/\">instagram<\/a><\/strong>\u00a0e veja nossa programa\u00e7\u00e3o ao vivo pelo canal 6 da Claro Net ou pelo portal\u00a0<strong><a href=\"http:\/\/tvnativoos.com.br\/wfe\/\">tvnativoos.com.br<\/a><\/strong><\/p>\n\n\n\n<p><\/p>\n","protected":false},"excerpt":{"rendered":"<p>O Escritor Homenageado, ser\u00e1 o professor Gerson Miguel Lauermann Lan\u00e7amentos de livros e publica\u00e7\u00f5es diversas, sess\u00f5es de aut\u00f3grafos, conta\u00e7\u00e3o de hist\u00f3rias, oficinas, apresenta\u00e7\u00f5es art\u00edsticas, palestras e homenagens s\u00e3o algumas das atividades que v\u00e3o estar dispon\u00edveis para a comunidade, a partir desta semana. Nesta quinta-feira (06), \u00e0s 08h30min, vai acontecer a abertura da 18\u00aa Feira do [&hellip;]<\/p>\n","protected":false},"author":3,"featured_media":9964,"comment_status":"closed","ping_status":"open","sticky":false,"template":"","format":"standard","meta":{"footnotes":""},"categories":[8],"tags":[213,1613,179,308,65],"class_list":["post-9963","post","type-post","status-publish","format-standard","has-post-thumbnail","hentry","category-noticias","tag-cultura","tag-feiradolivro","tag-prefeitura","tag-santarosa","tag-tvnativoos"],"cc_featured_image_caption":{"caption_text":"","source_text":"","source_url":""},"_links":{"self":[{"href":"https:\/\/tvnativoos.com.br\/wfe\/wp-json\/wp\/v2\/posts\/9963","targetHints":{"allow":["GET"]}}],"collection":[{"href":"https:\/\/tvnativoos.com.br\/wfe\/wp-json\/wp\/v2\/posts"}],"about":[{"href":"https:\/\/tvnativoos.com.br\/wfe\/wp-json\/wp\/v2\/types\/post"}],"author":[{"embeddable":true,"href":"https:\/\/tvnativoos.com.br\/wfe\/wp-json\/wp\/v2\/users\/3"}],"replies":[{"embeddable":true,"href":"https:\/\/tvnativoos.com.br\/wfe\/wp-json\/wp\/v2\/comments?post=9963"}],"version-history":[{"count":1,"href":"https:\/\/tvnativoos.com.br\/wfe\/wp-json\/wp\/v2\/posts\/9963\/revisions"}],"predecessor-version":[{"id":9965,"href":"https:\/\/tvnativoos.com.br\/wfe\/wp-json\/wp\/v2\/posts\/9963\/revisions\/9965"}],"wp:featuredmedia":[{"embeddable":true,"href":"https:\/\/tvnativoos.com.br\/wfe\/wp-json\/wp\/v2\/media\/9964"}],"wp:attachment":[{"href":"https:\/\/tvnativoos.com.br\/wfe\/wp-json\/wp\/v2\/media?parent=9963"}],"wp:term":[{"taxonomy":"category","embeddable":true,"href":"https:\/\/tvnativoos.com.br\/wfe\/wp-json\/wp\/v2\/categories?post=9963"},{"taxonomy":"post_tag","embeddable":true,"href":"https:\/\/tvnativoos.com.br\/wfe\/wp-json\/wp\/v2\/tags?post=9963"}],"curies":[{"name":"wp","href":"https:\/\/api.w.org\/{rel}","templated":true}]}}