{"id":7670,"date":"2023-05-11T17:43:37","date_gmt":"2023-05-11T17:43:37","guid":{"rendered":"https:\/\/tvnativoos.com.br\/wfe\/?p=7670"},"modified":"2023-05-11T17:47:31","modified_gmt":"2023-05-11T17:47:31","slug":"tramandai-32a-festa-nacional-do-peixe-faltam-50-dias-para-o-maior-evento-gastronomico-do-estado","status":"publish","type":"post","link":"https:\/\/tvnativoos.com.br\/wfe\/tramandai-32a-festa-nacional-do-peixe-faltam-50-dias-para-o-maior-evento-gastronomico-do-estado\/","title":{"rendered":"Tramanda\u00ed &#8211; 32\u00aa Festa Nacional do Peixe, faltam 50 dias para o maior evento gastron\u00f4mico do Estado!"},"content":{"rendered":"\n<p>A 32\u00aa Festa Nacional do Peixe acontece entre os dias 29 de junho e 23 de julho e a Prefeitura de Tramanda\u00ed, por meio da Secretaria de Turismo est\u00e1 organizando uma ampla estrutura para esta edi\u00e7\u00e3o.<\/p>\n\n\n\n<p>Faltando 50 dias para o maior evento gastron\u00f4mico do Estado. Em video, destacamos as grandes atra\u00e7\u00f5es deste ano.<\/p>\n\n\n\n<p><strong>Confira os shows que acontecem na Arena:<\/strong><\/p>\n\n\n\n<p> Dia 02 de julho: <strong>ALEXANDRE PIRES E O BAILE DO NEGO V\u00c9IO 2<\/strong><br> Dia 16 de julho: <strong>MAIARA &amp; MARAISA<\/strong><br> Dia 23 de julho: <strong>FELIPE ARA\u00daJO<\/strong><\/p>\n\n\n\n<p>Voc\u00ea pode adquirir seus ingressos no site minhaentrada.com ou diretamente nos pontos de venda que est\u00e3o dispon\u00edveis em tr\u00eas cidades diferentes do Litoral, Tramanda\u00ed, Os\u00f3rio e Cap\u00e3o da Canoa.<\/p>\n\n\n\n<p>CR Diementz &#8211; <strong>Tramanda\u00ed, Avenida Fernandes Bastos, 478.<\/strong><br>CR Diementz &#8211; <strong>Os\u00f3rio, Rua Marechal Floriano Peixoto, 1038<\/strong><br>CR Diementz &#8211; <strong>Cap\u00e3o da Canoa, Avenida Paraguassu, 2153<\/strong><\/p>\n\n\n\n<p>No palco Central est\u00e3o previstos os seguintes shows:<\/p>\n\n\n\n<p>30\/06 &#8211; Morada (Entrada gratuita)<br>01\/07 &#8211; Chimarruts (Pagamento apenas da entrada no Centro de Eventos no valor de R$ 10,00)<br> 06\/07 &#8211; Tch\u00ea Garotos (Entrada gratuita)<br> 07\/07 &#8211; Tch\u00ea Barbaridade (Entrada gratuita)<br>08\/07 &#8211; Alem\u00e3o Ronaldo (Pagamento apenas da entrada no Centro de Eventos no valor de R$ 10,00)<br> 09\/07 &#8211; Musical San Francisco (Pagamento apenas da entrada no Centro de Eventos no valor de R$ 10,00)<br> 13\/07 &#8211; JJSV (Entrada gratuita)<br> 20\/07 &#8211; Musical JM (Entrada gratuita)<\/p>\n\n\n\n<p>Acompanhe todas as novidade no site e instagram da festa:<br>Site da festa: <a href=\"http:\/\/www.tramandai.rs.gov.br\/festadopeixe\/\">http:\/\/www.tramandai.rs.gov.br\/festadopeixe\/<\/a><br>Instagram da festa: <a href=\"http:\/\/@festanacionaldopeixe\">@festanacionaldopeixe<\/a><\/p>\n\n\n\n<p>Produ\u00e7\u00e3o: Assessoria de Comunica\u00e7\u00e3o Social da Prefeitura de Tramanda\u00ed (ASCOM)<br> Jornalista respons\u00e1vel: Maxwell Bernardes &#8211; Registro Profissional 19572\/RS<\/p>\n\n\n\n<p>Se inscreva em nosso canal do\u00a0<strong><a href=\"https:\/\/www.youtube.com\/@tvnativoos\">youtube.com\/@tvnativoos<\/a><\/strong>, curta nossa p\u00e1gina no\u00a0<strong><a href=\"https:\/\/www.facebook.com\/tvnativoos\">facebook<\/a><\/strong>,\u00a0<strong><a href=\"https:\/\/www.instagram.com\/tvnativoos\/\">instagram<\/a><\/strong>\u00a0e veja nossa programa\u00e7\u00e3o ao vivo pelo canal 6 da Claro Net ou pelo portal\u00a0<strong><a href=\"http:\/\/tvnativoos.com.br\/wfe\/\">tvnativoos.com.br<\/a><\/strong><\/p>\n","protected":false},"excerpt":{"rendered":"<p>A 32\u00aa Festa Nacional do Peixe acontece entre os dias 29 de junho e 23 de julho e a Prefeitura de Tramanda\u00ed, por meio da Secretaria de Turismo est\u00e1 organizando uma ampla estrutura para esta edi\u00e7\u00e3o. Faltando 50 dias para o maior evento gastron\u00f4mico do Estado. Em video, destacamos as grandes atra\u00e7\u00f5es deste ano. Confira [&hellip;]<\/p>\n","protected":false},"author":3,"featured_media":7673,"comment_status":"closed","ping_status":"open","sticky":false,"template":"","format":"standard","meta":{"footnotes":""},"categories":[8],"tags":[213,1143,179,37,74,65],"class_list":["post-7670","post","type-post","status-publish","format-standard","has-post-thumbnail","hentry","category-noticias","tag-cultura","tag-festadopeixe","tag-prefeitura","tag-tramandai","tag-turismo","tag-tvnativoos"],"cc_featured_image_caption":{"caption_text":"","source_text":"","source_url":""},"_links":{"self":[{"href":"https:\/\/tvnativoos.com.br\/wfe\/wp-json\/wp\/v2\/posts\/7670","targetHints":{"allow":["GET"]}}],"collection":[{"href":"https:\/\/tvnativoos.com.br\/wfe\/wp-json\/wp\/v2\/posts"}],"about":[{"href":"https:\/\/tvnativoos.com.br\/wfe\/wp-json\/wp\/v2\/types\/post"}],"author":[{"embeddable":true,"href":"https:\/\/tvnativoos.com.br\/wfe\/wp-json\/wp\/v2\/users\/3"}],"replies":[{"embeddable":true,"href":"https:\/\/tvnativoos.com.br\/wfe\/wp-json\/wp\/v2\/comments?post=7670"}],"version-history":[{"count":1,"href":"https:\/\/tvnativoos.com.br\/wfe\/wp-json\/wp\/v2\/posts\/7670\/revisions"}],"predecessor-version":[{"id":7672,"href":"https:\/\/tvnativoos.com.br\/wfe\/wp-json\/wp\/v2\/posts\/7670\/revisions\/7672"}],"wp:featuredmedia":[{"embeddable":true,"href":"https:\/\/tvnativoos.com.br\/wfe\/wp-json\/wp\/v2\/media\/7673"}],"wp:attachment":[{"href":"https:\/\/tvnativoos.com.br\/wfe\/wp-json\/wp\/v2\/media?parent=7670"}],"wp:term":[{"taxonomy":"category","embeddable":true,"href":"https:\/\/tvnativoos.com.br\/wfe\/wp-json\/wp\/v2\/categories?post=7670"},{"taxonomy":"post_tag","embeddable":true,"href":"https:\/\/tvnativoos.com.br\/wfe\/wp-json\/wp\/v2\/tags?post=7670"}],"curies":[{"name":"wp","href":"https:\/\/api.w.org\/{rel}","templated":true}]}}