{"id":7472,"date":"2023-05-05T19:15:36","date_gmt":"2023-05-05T19:15:36","guid":{"rendered":"https:\/\/tvnativoos.com.br\/wfe\/?p=7472"},"modified":"2023-05-05T19:15:37","modified_gmt":"2023-05-05T19:15:37","slug":"conecta-educacao-20a-cre-participa-do-lancamento-do-nucleo-de-inovacao-para-o-trabalho-nit","status":"publish","type":"post","link":"https:\/\/tvnativoos.com.br\/wfe\/conecta-educacao-20a-cre-participa-do-lancamento-do-nucleo-de-inovacao-para-o-trabalho-nit\/","title":{"rendered":"Conecta Educa\u00e7\u00e3o &#8211; 20\u00aa CRE participa do lan\u00e7amento do N\u00facleo de Inova\u00e7\u00e3o para o Trabalho &#8211; NIT"},"content":{"rendered":"\n<p>Ampliar o conhecimento e as oportunidades. Com essa finalidade, na manh\u00e3 desta sexta-feira, 5 de maio, a 20\u00aa Coordenadoria Regional de Educa\u00e7\u00e3o participou do lan\u00e7amento do N\u00facleo de Inova\u00e7\u00e3o para o Trabalho \u2013 NIT, curso de desenvolvimento pessoal para o trabalho que passa a ser ofertado no Col\u00e9gio Estadual Tr\u00eas M\u00e1rtires, em Palmeira das Miss\u00f5es.<\/p>\n\n\n\n<p>O NIT funcionar\u00e1 sob o eixo gest\u00e3o e neg\u00f3cios, com o tema inova\u00e7\u00e3o para o trabalho. O curso integra os N\u00facleos de Inova\u00e7\u00e3o Tecnol\u00f3gica (NITs) em parceria com a Secret\u00e1ria Estadual de Educa\u00e7\u00e3o \u2013 Seduc e a Superintend\u00eancia do Ensino Profissionalizante (Suepro). A primeira aula do curso aconteceu na tarde desta quinta-feira, 4 de maio.<\/p>\n\n\n\n<p>Durante o evento, a coordenadora regional, Jogelci do Carmo, destacou que o objetivo da Secretaria Estadual de Educa\u00e7\u00e3o \u00e9 investir na educa\u00e7\u00e3o profissional para que todos os estudantes tenham mais oportunidades e possam empreender no futuro.<\/p>\n\n\n\n<p>&#8220;S\u00e3o voc\u00eas que v\u00e3o fazer dessas 100 horas do NIT um tempo preciso e de aprendizado. O NIT foi idealizado e pensado para que voc\u00eas, alunos, possam aproveitar ao m\u00e1ximo o curso e todas as oportunidades que ele oferece&#8221;, incentivou a coordenadora.<\/p>\n\n\n\n<p>Na institui\u00e7\u00e3o de ensino, 18 estudantes participar\u00e3o do curso que tem como objetivo modernizar as estruturas e metodologias de ensino utilizadas pelas escolas, no sentido de adequ\u00e1-las ao mercado de trabalho atual.<\/p>\n\n\n\n<p>\u201cSou um dos primeiros alunos do NIT e estou muito empolgado. Eu espero adquirir muito conhecimento e ter grandes experi\u00eancias. A expectativa \u00e9 aprender muito com as nossas professoras\u201d, disse o aluno do 3\u00ba ano do Ensino M\u00e9dio, Gustavo Henrique da Silva, de 18 anos.<\/p>\n\n\n\n<p>O curso tem formato presencial e dura\u00e7\u00e3o de 100 horas por semestre, distribu\u00eddas em dois encontros semanais. As aulas s\u00e3o ministradas nas segundas-feiras e quintas-feiras, das 13h30 \u00e0s 17h30.<\/p>\n\n\n\n<p>O p\u00fablico-alvo s\u00e3o estudantes e comunidade escolar a partir de 16 anos, que ter\u00e3o a oportunidade de aprender dentro do ambiente escolar e tamb\u00e9m de realizar estudos e atividades de campo como visitas, entrevistas e pesquisas.<\/p>\n\n\n\n<figure class=\"wp-block-image size-large\"><img loading=\"lazy\" decoding=\"async\" width=\"1024\" height=\"768\" src=\"http:\/\/tvnativoos.com.br\/wfe\/wp-content\/uploads\/2023\/05\/NIT-3-1-1-1024x768.jpg\" alt=\"\" class=\"wp-image-7474\" srcset=\"https:\/\/tvnativoos.com.br\/wfe\/wp-content\/uploads\/2023\/05\/NIT-3-1-1-1024x768.jpg 1024w, https:\/\/tvnativoos.com.br\/wfe\/wp-content\/uploads\/2023\/05\/NIT-3-1-1-300x225.jpg 300w, https:\/\/tvnativoos.com.br\/wfe\/wp-content\/uploads\/2023\/05\/NIT-3-1-1-768x576.jpg 768w, https:\/\/tvnativoos.com.br\/wfe\/wp-content\/uploads\/2023\/05\/NIT-3-1-1.jpg 1080w\" sizes=\"auto, (max-width: 1024px) 100vw, 1024px\" \/><\/figure>\n\n\n\n<p>\u201cVoc\u00eas est\u00e3o no melhor lugar que poderiam estar. Sejam curiosos, criativos e busquem cada vez mais conhecimento. Aproveitem os momentos de aprendizado que ter\u00e3o durante o curso. Acreditem em voc\u00eas e no seu potencial\u201d, finalizou a coordenadora.<\/p>\n\n\n\n<p>A representante da Superintend\u00eancia do Ensino Profissionalizante (Suepro) e tamb\u00e9m assessora pedag\u00f3gica da 20\u00aa CRE, Nirlene Silveira, tamb\u00e9m esteve presente.<\/p>\n\n\n\n<p>Se inscreva em nosso canal do\u00a0<strong><a href=\"https:\/\/www.youtube.com\/@tvnativoos\">youtube.com\/@tvnativoos<\/a><\/strong>, curta nossa p\u00e1gina no\u00a0<strong><a href=\"https:\/\/www.facebook.com\/tvnativoos\">facebook<\/a><\/strong>,\u00a0<strong><a href=\"https:\/\/www.instagram.com\/tvnativoos\/\">instagram<\/a><\/strong>\u00a0e veja nossa programa\u00e7\u00e3o ao vivo pelo canal 6 da Claro Net ou pelo portal\u00a0<strong><a href=\"http:\/\/tvnativoos.com.br\/wfe\/\">tvnativoos.com.br<\/a><\/strong><\/p>\n\n\n\n<p>Fonte: <\/p>\n\n\n\n<p><em>Fonte: Ascom 20\u00aa CRE<\/em><\/p>\n\n\n\n<p><em>Fotos: Carine Zandon\u00e1 Badke<\/em><\/p>\n","protected":false},"excerpt":{"rendered":"<p>Ampliar o conhecimento e as oportunidades. Com essa finalidade, na manh\u00e3 desta sexta-feira, 5 de maio, a 20\u00aa Coordenadoria Regional de Educa\u00e7\u00e3o participou do lan\u00e7amento do N\u00facleo de Inova\u00e7\u00e3o para o Trabalho \u2013 NIT, curso de desenvolvimento pessoal para o trabalho que passa a ser ofertado no Col\u00e9gio Estadual Tr\u00eas M\u00e1rtires, em Palmeira das Miss\u00f5es. [&hellip;]<\/p>\n","protected":false},"author":3,"featured_media":7473,"comment_status":"closed","ping_status":"open","sticky":false,"template":"","format":"standard","meta":{"footnotes":""},"categories":[8],"tags":[26,110,65],"class_list":["post-7472","post","type-post","status-publish","format-standard","has-post-thumbnail","hentry","category-noticias","tag-educacao","tag-escola","tag-tvnativoos"],"cc_featured_image_caption":{"caption_text":"","source_text":"","source_url":""},"_links":{"self":[{"href":"https:\/\/tvnativoos.com.br\/wfe\/wp-json\/wp\/v2\/posts\/7472","targetHints":{"allow":["GET"]}}],"collection":[{"href":"https:\/\/tvnativoos.com.br\/wfe\/wp-json\/wp\/v2\/posts"}],"about":[{"href":"https:\/\/tvnativoos.com.br\/wfe\/wp-json\/wp\/v2\/types\/post"}],"author":[{"embeddable":true,"href":"https:\/\/tvnativoos.com.br\/wfe\/wp-json\/wp\/v2\/users\/3"}],"replies":[{"embeddable":true,"href":"https:\/\/tvnativoos.com.br\/wfe\/wp-json\/wp\/v2\/comments?post=7472"}],"version-history":[{"count":1,"href":"https:\/\/tvnativoos.com.br\/wfe\/wp-json\/wp\/v2\/posts\/7472\/revisions"}],"predecessor-version":[{"id":7475,"href":"https:\/\/tvnativoos.com.br\/wfe\/wp-json\/wp\/v2\/posts\/7472\/revisions\/7475"}],"wp:featuredmedia":[{"embeddable":true,"href":"https:\/\/tvnativoos.com.br\/wfe\/wp-json\/wp\/v2\/media\/7473"}],"wp:attachment":[{"href":"https:\/\/tvnativoos.com.br\/wfe\/wp-json\/wp\/v2\/media?parent=7472"}],"wp:term":[{"taxonomy":"category","embeddable":true,"href":"https:\/\/tvnativoos.com.br\/wfe\/wp-json\/wp\/v2\/categories?post=7472"},{"taxonomy":"post_tag","embeddable":true,"href":"https:\/\/tvnativoos.com.br\/wfe\/wp-json\/wp\/v2\/tags?post=7472"}],"curies":[{"name":"wp","href":"https:\/\/api.w.org\/{rel}","templated":true}]}}