{"id":7448,"date":"2023-05-05T14:48:55","date_gmt":"2023-05-05T14:48:55","guid":{"rendered":"https:\/\/tvnativoos.com.br\/wfe\/?p=7448"},"modified":"2023-05-05T14:48:57","modified_gmt":"2023-05-05T14:48:57","slug":"reparticoes-municipais-estarao-fechadas-na-segunda-e-terca-feira-em-imbe","status":"publish","type":"post","link":"https:\/\/tvnativoos.com.br\/wfe\/reparticoes-municipais-estarao-fechadas-na-segunda-e-terca-feira-em-imbe\/","title":{"rendered":"Reparti\u00e7\u00f5es municipais estar\u00e3o fechadas na segunda e ter\u00e7a-feira em Imb\u00e9"},"content":{"rendered":"\n<p>A Prefeitura de Imb\u00e9 informa que far\u00e1 ponto facultativo nesta segunda-feira, dia 08 de maio, e na ter\u00e7a-feira, dia 09, data em que \u00e9 celebrado o anivers\u00e1rio de 35 anos de emancipa\u00e7\u00e3o pol\u00edtico-administrativa da cidade.<\/p>\n\n\n\n<p>Conforme a Lei Municipal 106\/91 e o Decreto Municipal 4.108\/2022, neste dia funcionar\u00e3o apenas os servi\u00e7os considerados essenciais, como o Pronto Atendimento 12 Horas da Zona Norte, a Policl\u00ednica de Sa\u00fade 24 Horas do Centro, o recolhimento de lixo e a Guarda Municipal.<\/p>\n\n\n\n<p>O expediente nos \u00f3rg\u00e3os e reparti\u00e7\u00f5es p\u00fablicas da Administra\u00e7\u00e3o Municipal ser\u00e1 retomado normalmente na quarta-feira, dia 10, a partir das 8h.<\/p>\n\n\n\n<p>Se inscreva em nosso canal do\u00a0<strong><a href=\"https:\/\/www.youtube.com\/@tvnativoos\">youtube.com\/@tvnativoos<\/a><\/strong>, curta nossa p\u00e1gina no\u00a0<strong><a href=\"https:\/\/www.facebook.com\/tvnativoos\">facebook<\/a><\/strong>,\u00a0<strong><a href=\"https:\/\/www.instagram.com\/tvnativoos\/\">instagram<\/a><\/strong>\u00a0e veja nossa programa\u00e7\u00e3o ao vivo pelo canal 6 da Claro Net ou pelo portal\u00a0<strong><a href=\"http:\/\/tvnativoos.com.br\/wfe\/\">tvnativoos.com.br<\/a><\/strong><\/p>\n","protected":false},"excerpt":{"rendered":"<p>A Prefeitura de Imb\u00e9 informa que far\u00e1 ponto facultativo nesta segunda-feira, dia 08 de maio, e na ter\u00e7a-feira, dia 09, data em que \u00e9 celebrado o anivers\u00e1rio de 35 anos de emancipa\u00e7\u00e3o pol\u00edtico-administrativa da cidade. Conforme a Lei Municipal 106\/91 e o Decreto Municipal 4.108\/2022, neste dia funcionar\u00e3o apenas os servi\u00e7os considerados essenciais, como o [&hellip;]<\/p>\n","protected":false},"author":3,"featured_media":7449,"comment_status":"closed","ping_status":"open","sticky":false,"template":"","format":"standard","meta":{"footnotes":""},"categories":[8],"tags":[1330,24,179,65],"class_list":["post-7448","post","type-post","status-publish","format-standard","has-post-thumbnail","hentry","category-noticias","tag-feriado","tag-imbe","tag-prefeitura","tag-tvnativoos"],"cc_featured_image_caption":{"caption_text":"","source_text":"","source_url":""},"_links":{"self":[{"href":"https:\/\/tvnativoos.com.br\/wfe\/wp-json\/wp\/v2\/posts\/7448","targetHints":{"allow":["GET"]}}],"collection":[{"href":"https:\/\/tvnativoos.com.br\/wfe\/wp-json\/wp\/v2\/posts"}],"about":[{"href":"https:\/\/tvnativoos.com.br\/wfe\/wp-json\/wp\/v2\/types\/post"}],"author":[{"embeddable":true,"href":"https:\/\/tvnativoos.com.br\/wfe\/wp-json\/wp\/v2\/users\/3"}],"replies":[{"embeddable":true,"href":"https:\/\/tvnativoos.com.br\/wfe\/wp-json\/wp\/v2\/comments?post=7448"}],"version-history":[{"count":1,"href":"https:\/\/tvnativoos.com.br\/wfe\/wp-json\/wp\/v2\/posts\/7448\/revisions"}],"predecessor-version":[{"id":7450,"href":"https:\/\/tvnativoos.com.br\/wfe\/wp-json\/wp\/v2\/posts\/7448\/revisions\/7450"}],"wp:featuredmedia":[{"embeddable":true,"href":"https:\/\/tvnativoos.com.br\/wfe\/wp-json\/wp\/v2\/media\/7449"}],"wp:attachment":[{"href":"https:\/\/tvnativoos.com.br\/wfe\/wp-json\/wp\/v2\/media?parent=7448"}],"wp:term":[{"taxonomy":"category","embeddable":true,"href":"https:\/\/tvnativoos.com.br\/wfe\/wp-json\/wp\/v2\/categories?post=7448"},{"taxonomy":"post_tag","embeddable":true,"href":"https:\/\/tvnativoos.com.br\/wfe\/wp-json\/wp\/v2\/tags?post=7448"}],"curies":[{"name":"wp","href":"https:\/\/api.w.org\/{rel}","templated":true}]}}