{"id":7445,"date":"2023-05-05T14:43:11","date_gmt":"2023-05-05T14:43:11","guid":{"rendered":"https:\/\/tvnativoos.com.br\/wfe\/?p=7445"},"modified":"2023-05-05T14:43:13","modified_gmt":"2023-05-05T14:43:13","slug":"estudantes-de-medicina-da-uri-participam-de-congresso-em-gramado","status":"publish","type":"post","link":"https:\/\/tvnativoos.com.br\/wfe\/estudantes-de-medicina-da-uri-participam-de-congresso-em-gramado\/","title":{"rendered":"Estudantes de Medicina da URI participam de Congresso em Gramado\u00a0"},"content":{"rendered":"\n<p>Os alunos do Curso de Medicina da URI Erechim, Daniel Mews Deifeld, Rafael Vinicius Patzer e Rafaella Carlexo, acompanhados pelo professor e m\u00e9dico cardiologista C\u00e9lio Fahl, participaram do Congresso da Sociedade Ga\u00facha de Cardiologia do Rio Grande do Sul, (SOCERGS), realizado de 4 a 6 de maio, em Gramado.<\/p>\n\n\n\n<h4 class=\"wp-block-heading\"><strong>No Congresso, foram abordados temas de atualiza\u00e7\u00e3o em interven\u00e7\u00f5es invasivas, em preven\u00e7\u00e3o cardiovascular e em protocolos terap\u00eauticos das novas diretrizes cardiol\u00f3gicas com diversos profissionais da \u00e1rea.<\/strong><\/h4>\n\n\n\n<h4 class=\"wp-block-heading\"><strong>Daniel e Rafael foram convidados a representar a regi\u00e3o norte do Estado em um \u201cquiz\u201d envolvendo as Ligas Acad\u00eamicas de Cardiologia do Rio Grande do Sul.<\/strong><\/h4>\n\n\n\n<p>Se inscreva em nosso canal do\u00a0<strong><a href=\"https:\/\/www.youtube.com\/@tvnativoos\">youtube.com\/@tvnativoos<\/a><\/strong>, curta nossa p\u00e1gina no\u00a0<strong><a href=\"https:\/\/www.facebook.com\/tvnativoos\">facebook<\/a><\/strong>,\u00a0<strong><a href=\"https:\/\/www.instagram.com\/tvnativoos\/\">instagram<\/a><\/strong>\u00a0e veja nossa programa\u00e7\u00e3o ao vivo pelo canal 6 da Claro Net ou pelo portal\u00a0<strong><a href=\"http:\/\/tvnativoos.com.br\/wfe\/\">tvnativoos.com.br<\/a><\/strong><\/p>\n","protected":false},"excerpt":{"rendered":"<p>Os alunos do Curso de Medicina da URI Erechim, Daniel Mews Deifeld, Rafael Vinicius Patzer e Rafaella Carlexo, acompanhados pelo professor e m\u00e9dico cardiologista C\u00e9lio Fahl, participaram do Congresso da Sociedade Ga\u00facha de Cardiologia do Rio Grande do Sul, (SOCERGS), realizado de 4 a 6 de maio, em Gramado. No Congresso, foram abordados temas de [&hellip;]<\/p>\n","protected":false},"author":3,"featured_media":7446,"comment_status":"closed","ping_status":"open","sticky":false,"template":"","format":"standard","meta":{"footnotes":""},"categories":[8],"tags":[26,65,90],"class_list":["post-7445","post","type-post","status-publish","format-standard","has-post-thumbnail","hentry","category-noticias","tag-educacao","tag-tvnativoos","tag-uri"],"cc_featured_image_caption":{"caption_text":"Alunos da Medicina e o professor C\u00e9lio Fahl, no Congresso de Gramado\u00a0","source_text":"","source_url":""},"_links":{"self":[{"href":"https:\/\/tvnativoos.com.br\/wfe\/wp-json\/wp\/v2\/posts\/7445","targetHints":{"allow":["GET"]}}],"collection":[{"href":"https:\/\/tvnativoos.com.br\/wfe\/wp-json\/wp\/v2\/posts"}],"about":[{"href":"https:\/\/tvnativoos.com.br\/wfe\/wp-json\/wp\/v2\/types\/post"}],"author":[{"embeddable":true,"href":"https:\/\/tvnativoos.com.br\/wfe\/wp-json\/wp\/v2\/users\/3"}],"replies":[{"embeddable":true,"href":"https:\/\/tvnativoos.com.br\/wfe\/wp-json\/wp\/v2\/comments?post=7445"}],"version-history":[{"count":1,"href":"https:\/\/tvnativoos.com.br\/wfe\/wp-json\/wp\/v2\/posts\/7445\/revisions"}],"predecessor-version":[{"id":7447,"href":"https:\/\/tvnativoos.com.br\/wfe\/wp-json\/wp\/v2\/posts\/7445\/revisions\/7447"}],"wp:featuredmedia":[{"embeddable":true,"href":"https:\/\/tvnativoos.com.br\/wfe\/wp-json\/wp\/v2\/media\/7446"}],"wp:attachment":[{"href":"https:\/\/tvnativoos.com.br\/wfe\/wp-json\/wp\/v2\/media?parent=7445"}],"wp:term":[{"taxonomy":"category","embeddable":true,"href":"https:\/\/tvnativoos.com.br\/wfe\/wp-json\/wp\/v2\/categories?post=7445"},{"taxonomy":"post_tag","embeddable":true,"href":"https:\/\/tvnativoos.com.br\/wfe\/wp-json\/wp\/v2\/tags?post=7445"}],"curies":[{"name":"wp","href":"https:\/\/api.w.org\/{rel}","templated":true}]}}