{"id":692,"date":"2022-08-08T17:04:52","date_gmt":"2022-08-08T17:04:52","guid":{"rendered":"https:\/\/tvnativoos.com.br\/wfe\/?p=692"},"modified":"2022-08-08T17:04:53","modified_gmt":"2022-08-08T17:04:53","slug":"passageiro-de-onibus-e-flagrado-com-espingarda-na-br-101-em-torres","status":"publish","type":"post","link":"https:\/\/tvnativoos.com.br\/wfe\/passageiro-de-onibus-e-flagrado-com-espingarda-na-br-101-em-torres\/","title":{"rendered":"Passageiro de \u00f4nibus \u00e9 flagrado com espingarda na BR-101 em Torres"},"content":{"rendered":"\n<p>A Pol\u00edcia Rodovi\u00e1ria Federal apreendeu uma espingarda com um criminoso que viajava em um \u00f4nibus de linha abordado em Torres, nesta sexta-feira (05\/08). Os policiais realizavam uma opera\u00e7\u00e3o de combate ao crime na BR-101 quando abordaram um \u00f4nibus que fazia a linha Florian\u00f3polis \u2013 Caxias do Sul.<\/p>\n\n\n\n<p>Durante a verifica\u00e7\u00e3o das bagagens, o c\u00e3o farejador Baruk identificou odor de il\u00edcitos em uma das bagagens. Dentro dela os policiais encontraram uma espingarda calibre 20 com sete muni\u00e7\u00f5es. A arma n\u00e3o tinha registro. O dono da mala era um homem de 35 anos com passagem no sistema prisional por tr\u00e1fico de drogas.<\/p>\n\n\n\n<p>Ele disse que era usu\u00e1rio de drogas e transportava a arma pra vend\u00ea-la na serra ga\u00facha. Foi apreendida tamb\u00e9m uma pequena quantidade de maconha. O criminoso foi preso, conduzido para a delegacia e depois para o pres\u00eddio. A arma e droga foram apreendidas.<\/p>\n\n\n\n<p><\/p>\n\n\n\n<p><\/p>\n\n\n\n<p>Fonte: PRF\/LM<\/p>\n\n\n\n<p><\/p>\n\n\n\n<p><\/p>\n\n\n\n<p><\/p>\n","protected":false},"excerpt":{"rendered":"<p>A Pol\u00edcia Rodovi\u00e1ria Federal apreendeu uma espingarda com um criminoso que viajava em um \u00f4nibus de linha abordado em Torres, nesta sexta-feira (05\/08). Os policiais realizavam uma opera\u00e7\u00e3o de combate ao crime na BR-101 quando abordaram um \u00f4nibus que fazia a linha Florian\u00f3polis \u2013 Caxias do Sul. Durante a verifica\u00e7\u00e3o das bagagens, o c\u00e3o farejador [&hellip;]<\/p>\n","protected":false},"author":2,"featured_media":693,"comment_status":"closed","ping_status":"open","sticky":false,"template":"","format":"standard","meta":{"footnotes":""},"categories":[8],"tags":[],"class_list":["post-692","post","type-post","status-publish","format-standard","has-post-thumbnail","hentry","category-noticias"],"cc_featured_image_caption":{"caption_text":"","source_text":"","source_url":""},"_links":{"self":[{"href":"https:\/\/tvnativoos.com.br\/wfe\/wp-json\/wp\/v2\/posts\/692","targetHints":{"allow":["GET"]}}],"collection":[{"href":"https:\/\/tvnativoos.com.br\/wfe\/wp-json\/wp\/v2\/posts"}],"about":[{"href":"https:\/\/tvnativoos.com.br\/wfe\/wp-json\/wp\/v2\/types\/post"}],"author":[{"embeddable":true,"href":"https:\/\/tvnativoos.com.br\/wfe\/wp-json\/wp\/v2\/users\/2"}],"replies":[{"embeddable":true,"href":"https:\/\/tvnativoos.com.br\/wfe\/wp-json\/wp\/v2\/comments?post=692"}],"version-history":[{"count":1,"href":"https:\/\/tvnativoos.com.br\/wfe\/wp-json\/wp\/v2\/posts\/692\/revisions"}],"predecessor-version":[{"id":694,"href":"https:\/\/tvnativoos.com.br\/wfe\/wp-json\/wp\/v2\/posts\/692\/revisions\/694"}],"wp:featuredmedia":[{"embeddable":true,"href":"https:\/\/tvnativoos.com.br\/wfe\/wp-json\/wp\/v2\/media\/693"}],"wp:attachment":[{"href":"https:\/\/tvnativoos.com.br\/wfe\/wp-json\/wp\/v2\/media?parent=692"}],"wp:term":[{"taxonomy":"category","embeddable":true,"href":"https:\/\/tvnativoos.com.br\/wfe\/wp-json\/wp\/v2\/categories?post=692"},{"taxonomy":"post_tag","embeddable":true,"href":"https:\/\/tvnativoos.com.br\/wfe\/wp-json\/wp\/v2\/tags?post=692"}],"curies":[{"name":"wp","href":"https:\/\/api.w.org\/{rel}","templated":true}]}}