{"id":676,"date":"2022-08-07T16:40:29","date_gmt":"2022-08-07T16:40:29","guid":{"rendered":"https:\/\/tvnativoos.com.br\/wfe\/?p=676"},"modified":"2022-08-07T16:40:29","modified_gmt":"2022-08-07T16:40:29","slug":"35-moenda-da-cancao-e-lancada-em-porto-alegre","status":"publish","type":"post","link":"https:\/\/tvnativoos.com.br\/wfe\/35-moenda-da-cancao-e-lancada-em-porto-alegre\/","title":{"rendered":"35\u00b0 Moenda da Can\u00e7\u00e3o \u00e9 lan\u00e7ada em Porto Alegre"},"content":{"rendered":"<p style=\"text-align: justify;\">Com Mauro Moraes cantando Milonga Abaixo de Mau Tempo &#8211; m\u00fasica emblem\u00e1tica da 7\u00aa edi\u00e7\u00e3o interpretada por Jos\u00e9 Claudio Machado -, a 35\u00b0 Moenda da Can\u00e7\u00e3o, que ocorre de 12 a 14 de agosto em Santo Ant\u00f4nio da Patrulha, teve seu lan\u00e7amento na quinta-feira (4) no Instituto Estadual de M\u00fasica da Casa de Cultura M\u00e1rio Quintana em Porto Alegre.<\/p>\n<p style=\"text-align: justify;\">Na ocasi\u00e3o foi apresentada a programa\u00e7\u00e3o do festival, juntamente com a 11\u00b0 Moenda Instrumental e a 1\u00b0 Moendinha, que tem patroc\u00ednio da Da Col\u00f4nia Alimentos Naturais, Qualicoco, De Mello Incorpora\u00e7\u00f5es e Arroz Massulo, atrav\u00e9s da Lei de Incentivo \u00e0 Cultura (LIC) do Governo do Estado do Rio Grande do Sul.<\/p>\n<p style=\"text-align: justify;\">Gabriella Meindrad, secret\u00e1ria adjunta da Cultura do Estado que representou o governador Delegado Ranolfo Vieira J\u00fanior, enfatizou a diversidade musical da Moenda. &#8220;Esta sempre foi uma das suas marcas que encanta a todos e todas. E para n\u00f3s da Secretaria \u00e9 uma felicidade estarmos presentes e apoiando o festival&#8221;, ressaltou ela.<\/p>\n<p style=\"text-align: justify;\">O prefeito municipal Rodrigo Massulo refor\u00e7ou o convite a Moenda e a Feira Nacional da Cana-de-A\u00e7\u00facar, Rapadura, Sonho e Arroz (Fenacan) &#8211; que acontece de 10 a 21 de agosto &#8211; e citou os versos de Jaime Vaz Brasil em Profecias, da 1\u00aa edi\u00e7\u00e3o, para falar do reencontro do festival com seu p\u00fablico e mencionou a 1\u00aa Moendinha, que chega para dar as crian\u00e7as e jovens de 8 a 17 anos, a oportunidade para interpretar can\u00e7\u00f5es que fazem parte do vasto acervo do festival &#8220;Recorro a letra que diz \u2018nesse clima de espera h\u00e1 novidades maduras\u2019. Estamos ansiosos por este reencontro, ap\u00f3s dois anos. Uma espera e tanto. Mas temos certeza de um grande espet\u00e1culo em nossa cidade\u201d, disse.<\/p>\n<p style=\"text-align: justify;\">Nilton J\u00fanior da Silveira, presidente da Moenda, tamb\u00e9m destacou a import\u00e2ncia da Moendinha. &#8220;Abriremos um espa\u00e7o para os jovens talentos, para as crian\u00e7as, pois \u00e9 atrav\u00e9s delas, da educa\u00e7\u00e3o e da m\u00fasica que teremos um futuro melhor&#8221;, disse ele lembrando outra iniciativa, a digitaliza\u00e7\u00e3o de toda a discografia do festival nas plataformas digitais, al\u00e9m de agradecer o empenho de todos os colaboradores.<\/p>\n<p style=\"text-align: justify;\">O produtor cultural Jo\u00e3o Bosco Ayala Rodriguez enalteceu a parceria p\u00fablico privada que viabiliza esta edi\u00e7\u00e3o. &#8220;A Moenda avan\u00e7a com um projeto de Lei que associa grandes empresas a este festival que \u00e9 um dos principais do Brasil&#8221;, afirmou.<\/p>\n<p style=\"text-align: justify;\">Tamb\u00e9m estiveram presentes ao lan\u00e7amento Marcelo Ga\u00facho, vice-prefeito, S\u00e9rgio Airoldi, secret\u00e1rio de Cultura, Turismo e Esportes, Adriana Sperandir, diretora do Instituto Estadual de M\u00fasica, Willian Freitas e Jos\u00e9 Ricardo Vaz &#8211; representantes da Da Col\u00f4nia Alimentos Naturais, Gustavo Weber &#8211; Presidente da Associa\u00e7\u00e3o Seara de Arte e Cultura Ga\u00facha, Carmen Alminhana Monteiro e Ant\u00f4nio Carlos Maciel Monteiro, dois dos idealizadores e entusiastas do festival, entre outros convidados.<\/p>\n<p style=\"text-align: justify;\">Maria Luiza Benitez, Paulinho Goulart, Guilherme Castilhos e Raphael Madruga, que fez uma linda homenagem ao m\u00fasico e ator Alexandre Cardoso falecido recentemente, tamb\u00e9m foram estrelas de uma noite que terminou com o que a Moenda tem de melhor: excelente m\u00fasica.<\/p>\n<p style=\"text-align: justify;\">Confira a programa\u00e7\u00e3o da Moenda, Moenda Instrumental e Moendinha:<\/p>\n<p style=\"text-align: justify;\">Sexta-Feira \u2013 12\/08 \u2013 20h<br \/>\nApresenta\u00e7\u00e3o das 8 m\u00fasicas concorrentes da 1\u00aa Moendinha;<br \/>\nApresenta\u00e7\u00e3o das 6 m\u00fasicas concorrentes da 11\u00aa Moenda Instrumental;<br \/>\nShow com Renato Borghetti Quarteto;<br \/>\nPremia\u00e7\u00e3o da 1\u00aa Moendinha e resultado da classificat\u00f3ria da 11\u00aa Moenda Instrumental.<\/p>\n<p style=\"text-align: justify;\">S\u00e1bado \u2013 13\/08 &#8211; 20h<br \/>\nApresenta\u00e7\u00e3o das 14 m\u00fasicas concorrentes da 35\u00aa Moenda da Can\u00e7\u00e3o;<br \/>\nShow com Z\u00e9 Alexanddre e Banda<br \/>\nResultado da classificat\u00f3ria da 35\u00aa Moenda da Can\u00e7\u00e3o.<\/p>\n<p style=\"text-align: justify;\">Domingo \u2013 14\/08 \u2013 19h<br \/>\nFinal da 35\u00aa Moenda da Can\u00e7\u00e3o e 11\u00aa Moenda Instrumental;<br \/>\nShow com Grupo Mas Bah!<br \/>\nPremia\u00e7\u00e3o final.<\/p>\n<div id='gallery-1' class='gallery galleryid-676 gallery-columns-2 gallery-size-medium'><figure class='gallery-item'>\n\t\t\t<div class='gallery-icon landscape'>\n\t\t\t\t<a href='https:\/\/tvnativoos.com.br\/wfe\/wp-content\/uploads\/2022\/08\/Moenda_01.jpeg'><img loading=\"lazy\" decoding=\"async\" width=\"300\" height=\"169\" src=\"https:\/\/tvnativoos.com.br\/wfe\/wp-content\/uploads\/2022\/08\/Moenda_01-300x169.jpeg\" class=\"attachment-medium size-medium\" alt=\"\" srcset=\"https:\/\/tvnativoos.com.br\/wfe\/wp-content\/uploads\/2022\/08\/Moenda_01-300x169.jpeg 300w, https:\/\/tvnativoos.com.br\/wfe\/wp-content\/uploads\/2022\/08\/Moenda_01-1024x576.jpeg 1024w, https:\/\/tvnativoos.com.br\/wfe\/wp-content\/uploads\/2022\/08\/Moenda_01-768x432.jpeg 768w, https:\/\/tvnativoos.com.br\/wfe\/wp-content\/uploads\/2022\/08\/Moenda_01.jpeg 1408w\" sizes=\"auto, (max-width: 300px) 100vw, 300px\" \/><\/a>\n\t\t\t<\/div><\/figure><figure class='gallery-item'>\n\t\t\t<div class='gallery-icon landscape'>\n\t\t\t\t<a href='https:\/\/tvnativoos.com.br\/wfe\/wp-content\/uploads\/2022\/08\/Moenda_02.jpeg'><img loading=\"lazy\" decoding=\"async\" width=\"300\" height=\"169\" src=\"https:\/\/tvnativoos.com.br\/wfe\/wp-content\/uploads\/2022\/08\/Moenda_02-300x169.jpeg\" class=\"attachment-medium size-medium\" alt=\"\" srcset=\"https:\/\/tvnativoos.com.br\/wfe\/wp-content\/uploads\/2022\/08\/Moenda_02-300x169.jpeg 300w, https:\/\/tvnativoos.com.br\/wfe\/wp-content\/uploads\/2022\/08\/Moenda_02-1024x576.jpeg 1024w, https:\/\/tvnativoos.com.br\/wfe\/wp-content\/uploads\/2022\/08\/Moenda_02-768x432.jpeg 768w, https:\/\/tvnativoos.com.br\/wfe\/wp-content\/uploads\/2022\/08\/Moenda_02.jpeg 1408w\" sizes=\"auto, (max-width: 300px) 100vw, 300px\" \/><\/a>\n\t\t\t<\/div><\/figure>\n\t\t<\/div>\n\n<p>&nbsp;<\/p>\n<p>Fernando Baptista<\/p>\n<p>&nbsp;<\/p>\n","protected":false},"excerpt":{"rendered":"<p>Com Mauro Moraes cantando Milonga Abaixo de Mau Tempo &#8211; m\u00fasica emblem\u00e1tica da 7\u00aa edi\u00e7\u00e3o interpretada por Jos\u00e9 Claudio Machado -, a 35\u00b0 Moenda da Can\u00e7\u00e3o, que ocorre de 12 a 14 de agosto em Santo Ant\u00f4nio da Patrulha, teve seu lan\u00e7amento na quinta-feira (4) no Instituto Estadual de M\u00fasica da Casa de Cultura M\u00e1rio [&hellip;]<\/p>\n","protected":false},"author":2,"featured_media":677,"comment_status":"closed","ping_status":"open","sticky":false,"template":"","format":"standard","meta":{"footnotes":""},"categories":[8],"tags":[],"class_list":["post-676","post","type-post","status-publish","format-standard","has-post-thumbnail","hentry","category-noticias"],"cc_featured_image_caption":{"caption_text":"","source_text":"","source_url":""},"_links":{"self":[{"href":"https:\/\/tvnativoos.com.br\/wfe\/wp-json\/wp\/v2\/posts\/676","targetHints":{"allow":["GET"]}}],"collection":[{"href":"https:\/\/tvnativoos.com.br\/wfe\/wp-json\/wp\/v2\/posts"}],"about":[{"href":"https:\/\/tvnativoos.com.br\/wfe\/wp-json\/wp\/v2\/types\/post"}],"author":[{"embeddable":true,"href":"https:\/\/tvnativoos.com.br\/wfe\/wp-json\/wp\/v2\/users\/2"}],"replies":[{"embeddable":true,"href":"https:\/\/tvnativoos.com.br\/wfe\/wp-json\/wp\/v2\/comments?post=676"}],"version-history":[{"count":1,"href":"https:\/\/tvnativoos.com.br\/wfe\/wp-json\/wp\/v2\/posts\/676\/revisions"}],"predecessor-version":[{"id":680,"href":"https:\/\/tvnativoos.com.br\/wfe\/wp-json\/wp\/v2\/posts\/676\/revisions\/680"}],"wp:featuredmedia":[{"embeddable":true,"href":"https:\/\/tvnativoos.com.br\/wfe\/wp-json\/wp\/v2\/media\/677"}],"wp:attachment":[{"href":"https:\/\/tvnativoos.com.br\/wfe\/wp-json\/wp\/v2\/media?parent=676"}],"wp:term":[{"taxonomy":"category","embeddable":true,"href":"https:\/\/tvnativoos.com.br\/wfe\/wp-json\/wp\/v2\/categories?post=676"},{"taxonomy":"post_tag","embeddable":true,"href":"https:\/\/tvnativoos.com.br\/wfe\/wp-json\/wp\/v2\/tags?post=676"}],"curies":[{"name":"wp","href":"https:\/\/api.w.org\/{rel}","templated":true}]}}