{"id":6062,"date":"2023-03-28T02:00:00","date_gmt":"2023-03-28T02:00:00","guid":{"rendered":"https:\/\/tvnativoos.com.br\/wfe\/?p=6062"},"modified":"2023-03-28T12:24:28","modified_gmt":"2023-03-28T12:24:28","slug":"nativoos-esportes-confira-o-grupo-completo-do-inter-na-libertadores-2023","status":"publish","type":"post","link":"https:\/\/tvnativoos.com.br\/wfe\/nativoos-esportes-confira-o-grupo-completo-do-inter-na-libertadores-2023\/","title":{"rendered":"Nativoos Esportes &#8211; Confira o grupo completo do Inter na Libertadores 2023"},"content":{"rendered":"\n<p><strong><a href=\"https:\/\/internacional.com.br\/\">Colorado<\/a><\/strong> conheceu seus rivais na competi\u00e7\u00e3o em sorteio na sede da Conmebol, em Luque, no Paraguai<\/p>\n\n\n\n<p>O&nbsp;Inter&nbsp;descobriu quem ser\u00e3o seus rivais na&nbsp;fase de grupos da Libertadores&nbsp;2023:&nbsp;<strong>Nacional, do Uruguai, Metropolitanos, da Venezuela, e Independiente Medell\u00edn, da Col\u00f4mbia<\/strong>, foram os clubes sorteados na noite desta segunda-feira, em Luque, no Paraguai, na sede da Conmebol.&nbsp;<\/p>\n\n\n\n<p>O Colorado est\u00e1 no Grupo B e estrear\u00e1 na competi\u00e7\u00e3o entre os dias&nbsp;4 e 6 de abril. Nos rivais definidos, o time de Mano Menezes vai reencontrar os colombianos do Medell\u00edn. Em 2022, os times se encontraram na Copa Sul-Americana com duas vit\u00f3rias coloradas na Col\u00f4mbia e em Porto Alegre.&nbsp;<\/p>\n\n\n\n<figure class=\"wp-block-image size-full\"><a href=\" https:\/\/portal.senacrs.com.br\/cursos\/tecnico-em-enfermagem_WyIxNDE1IiwiNjkiLG51bGwsIjIiXQ\"><img loading=\"lazy\" decoding=\"async\" width=\"300\" height=\"250\" src=\"http:\/\/tvnativoos.com.br\/wfe\/wp-content\/uploads\/2023\/03\/tec-enfermagem-300x250-.jpg\" alt=\"\" class=\"wp-image-5554\"\/><\/a><\/figure>\n\n\n\n<p>O Nacional ostenta o t\u00edtulo de campe\u00e3o uruguaio, em que contou inclusive com dois atletas que hoje atuam no Gr\u00eamio: Luis Su\u00e1rez e Felipe Carballo. Atualmente, o time est\u00e1 em reformula\u00e7\u00e3o para a nova temporada.<\/p>\n\n\n\n<p>Estreante, o Metropolitanos da Venezuela \u00e9 em tese o mais acess\u00edvel da chave. O time est\u00e1 em crise e \u00e9 14\u00b0 no campeonato nacional. S\u00e3o 7 jogos e uma vit\u00f3ria. A Conmebol ir\u00e1 divulgar e confirmar a ordem das partidas. A tend\u00eancia \u00e9 que a estreia colorada seja diante do Independiente Medell\u00edn na Col\u00f4mbia.&nbsp;<\/p>\n\n\n\n<figure class=\"wp-block-image size-full\"><a href=\"https:\/\/www.sesc-rs.com.br\/tramandai\/ \"><img loading=\"lazy\" decoding=\"async\" width=\"300\" height=\"250\" src=\"http:\/\/tvnativoos.com.br\/wfe\/wp-content\/uploads\/2023\/03\/banners-tramandai-300x250-1.jpg\" alt=\"\" class=\"wp-image-5347\"\/><\/a><\/figure>\n\n\n\n<p>De acordo com o calend\u00e1rio da Conmebol, a fase de grupos vai come\u00e7ar no in\u00edcio de abril e termina no fim de junho. O mata-mata tem in\u00edcio em agosto. A decis\u00e3o est\u00e1 marcada para 11 de novembro, no Maracan\u00e3.<\/p>\n\n\n\n<p><strong>Todos os grupos:<\/strong><\/p>\n\n\n\n<figure class=\"wp-block-image size-full\"><img loading=\"lazy\" decoding=\"async\" width=\"720\" height=\"900\" src=\"http:\/\/tvnativoos.com.br\/wfe\/wp-content\/uploads\/2023\/03\/FsRM3nDWIAIOsdl.jpg\" alt=\"\" class=\"wp-image-6063\" srcset=\"https:\/\/tvnativoos.com.br\/wfe\/wp-content\/uploads\/2023\/03\/FsRM3nDWIAIOsdl.jpg 720w, https:\/\/tvnativoos.com.br\/wfe\/wp-content\/uploads\/2023\/03\/FsRM3nDWIAIOsdl-240x300.jpg 240w\" sizes=\"auto, (max-width: 720px) 100vw, 720px\" \/><\/figure>\n\n\n\n<p>Se inscreva em nosso canal do&nbsp;<strong><a href=\"https:\/\/www.youtube.com\/@tvnativoos\">youtube.com\/@tvnativoos<\/a><\/strong>, curta nossa p\u00e1gina no&nbsp;<strong><a href=\"https:\/\/www.facebook.com\/tvnativoos\">facebook<\/a><\/strong>,&nbsp;<strong><a href=\"https:\/\/www.instagram.com\/tvnativoos\/\">instagram<\/a><\/strong>&nbsp;e veja nossa programa\u00e7\u00e3o ao vivo pelo canal 6 da Claro Net ou pelo portal&nbsp;<strong><a href=\"http:\/\/tvnativoos.com.br\/wfe\/\">tvnativoos.com.br<\/a><\/strong><\/p>\n\n\n\n<p>Fonte: Jornal Correio do Povo<\/p>\n","protected":false},"excerpt":{"rendered":"<p>Colorado conheceu seus rivais na competi\u00e7\u00e3o em sorteio na sede da Conmebol, em Luque, no Paraguai O&nbsp;Inter&nbsp;descobriu quem ser\u00e3o seus rivais na&nbsp;fase de grupos da Libertadores&nbsp;2023:&nbsp;Nacional, do Uruguai, Metropolitanos, da Venezuela, e Independiente Medell\u00edn, da Col\u00f4mbia, foram os clubes sorteados na noite desta segunda-feira, em Luque, no Paraguai, na sede da Conmebol.&nbsp; O Colorado est\u00e1 [&hellip;]<\/p>\n","protected":false},"author":3,"featured_media":6068,"comment_status":"closed","ping_status":"open","sticky":false,"template":"","format":"standard","meta":{"footnotes":""},"categories":[8],"tags":[223,177,1126,65],"class_list":["post-6062","post","type-post","status-publish","format-standard","has-post-thumbnail","hentry","category-noticias","tag-esporte","tag-internacional","tag-libertadores","tag-tvnativoos"],"cc_featured_image_caption":{"caption_text":"","source_text":"","source_url":""},"_links":{"self":[{"href":"https:\/\/tvnativoos.com.br\/wfe\/wp-json\/wp\/v2\/posts\/6062","targetHints":{"allow":["GET"]}}],"collection":[{"href":"https:\/\/tvnativoos.com.br\/wfe\/wp-json\/wp\/v2\/posts"}],"about":[{"href":"https:\/\/tvnativoos.com.br\/wfe\/wp-json\/wp\/v2\/types\/post"}],"author":[{"embeddable":true,"href":"https:\/\/tvnativoos.com.br\/wfe\/wp-json\/wp\/v2\/users\/3"}],"replies":[{"embeddable":true,"href":"https:\/\/tvnativoos.com.br\/wfe\/wp-json\/wp\/v2\/comments?post=6062"}],"version-history":[{"count":3,"href":"https:\/\/tvnativoos.com.br\/wfe\/wp-json\/wp\/v2\/posts\/6062\/revisions"}],"predecessor-version":[{"id":6069,"href":"https:\/\/tvnativoos.com.br\/wfe\/wp-json\/wp\/v2\/posts\/6062\/revisions\/6069"}],"wp:featuredmedia":[{"embeddable":true,"href":"https:\/\/tvnativoos.com.br\/wfe\/wp-json\/wp\/v2\/media\/6068"}],"wp:attachment":[{"href":"https:\/\/tvnativoos.com.br\/wfe\/wp-json\/wp\/v2\/media?parent=6062"}],"wp:term":[{"taxonomy":"category","embeddable":true,"href":"https:\/\/tvnativoos.com.br\/wfe\/wp-json\/wp\/v2\/categories?post=6062"},{"taxonomy":"post_tag","embeddable":true,"href":"https:\/\/tvnativoos.com.br\/wfe\/wp-json\/wp\/v2\/tags?post=6062"}],"curies":[{"name":"wp","href":"https:\/\/api.w.org\/{rel}","templated":true}]}}