{"id":596,"date":"2022-08-03T18:07:33","date_gmt":"2022-08-03T18:07:33","guid":{"rendered":"https:\/\/tvnativoos.com.br\/wfe\/?p=596"},"modified":"2022-08-03T18:07:33","modified_gmt":"2022-08-03T18:07:33","slug":"imbe-podera-sediar-evento-de-carros-rebaixados-sem-som","status":"publish","type":"post","link":"https:\/\/tvnativoos.com.br\/wfe\/imbe-podera-sediar-evento-de-carros-rebaixados-sem-som\/","title":{"rendered":"Imb\u00e9 poder\u00e1 sediar evento de carros rebaixados sem som"},"content":{"rendered":"<p style=\"text-align: justify;\">O secret\u00e1rio municipal de Turismo, Desporto e Cultura de Imb\u00e9, Uira\u00e7u Pinto, esteve reunido na segunda-feira (1\u00ba de agosto) com um grupo de organizadores de eventos de carros rebaixados para uma poss\u00edvel viabiliza\u00e7\u00e3o de evento na cidade. Conforme ele, a atividade n\u00e3o ter\u00e1 som automotivo, sendo apenas expositivas de ve\u00edculos baixos. Denominado Made in Brazil, a iniciativa visa contemplar o p\u00fablico apaixonado por esse hobby. Caso seja realizado em Imb\u00e9, ser\u00e1 no dia 25 de setembro, no Parque Municipal de Eventos, e ter\u00e1 car\u00e1ter social, com arrecada\u00e7\u00e3o de alimentos para as fam\u00edlias em situa\u00e7\u00e3o de vulnerabilidade social.<\/p>\n<p>&nbsp;<\/p>\n<p>&nbsp;<\/p>\n<p>*Imagem meramente ilustrativa<\/p>\n<p>&nbsp;<\/p>\n","protected":false},"excerpt":{"rendered":"<p>O secret\u00e1rio municipal de Turismo, Desporto e Cultura de Imb\u00e9, Uira\u00e7u Pinto, esteve reunido na segunda-feira (1\u00ba de agosto) com um grupo de organizadores de eventos de carros rebaixados para uma poss\u00edvel viabiliza\u00e7\u00e3o de evento na cidade. Conforme ele, a atividade n\u00e3o ter\u00e1 som automotivo, sendo apenas expositivas de ve\u00edculos baixos. Denominado Made in Brazil, [&hellip;]<\/p>\n","protected":false},"author":2,"featured_media":597,"comment_status":"closed","ping_status":"open","sticky":false,"template":"","format":"standard","meta":{"footnotes":""},"categories":[8],"tags":[],"class_list":["post-596","post","type-post","status-publish","format-standard","has-post-thumbnail","hentry","category-noticias"],"cc_featured_image_caption":{"caption_text":false,"source_text":false,"source_url":false},"_links":{"self":[{"href":"https:\/\/tvnativoos.com.br\/wfe\/wp-json\/wp\/v2\/posts\/596","targetHints":{"allow":["GET"]}}],"collection":[{"href":"https:\/\/tvnativoos.com.br\/wfe\/wp-json\/wp\/v2\/posts"}],"about":[{"href":"https:\/\/tvnativoos.com.br\/wfe\/wp-json\/wp\/v2\/types\/post"}],"author":[{"embeddable":true,"href":"https:\/\/tvnativoos.com.br\/wfe\/wp-json\/wp\/v2\/users\/2"}],"replies":[{"embeddable":true,"href":"https:\/\/tvnativoos.com.br\/wfe\/wp-json\/wp\/v2\/comments?post=596"}],"version-history":[{"count":1,"href":"https:\/\/tvnativoos.com.br\/wfe\/wp-json\/wp\/v2\/posts\/596\/revisions"}],"predecessor-version":[{"id":598,"href":"https:\/\/tvnativoos.com.br\/wfe\/wp-json\/wp\/v2\/posts\/596\/revisions\/598"}],"wp:featuredmedia":[{"embeddable":true,"href":"https:\/\/tvnativoos.com.br\/wfe\/wp-json\/wp\/v2\/media\/597"}],"wp:attachment":[{"href":"https:\/\/tvnativoos.com.br\/wfe\/wp-json\/wp\/v2\/media?parent=596"}],"wp:term":[{"taxonomy":"category","embeddable":true,"href":"https:\/\/tvnativoos.com.br\/wfe\/wp-json\/wp\/v2\/categories?post=596"},{"taxonomy":"post_tag","embeddable":true,"href":"https:\/\/tvnativoos.com.br\/wfe\/wp-json\/wp\/v2\/tags?post=596"}],"curies":[{"name":"wp","href":"https:\/\/api.w.org\/{rel}","templated":true}]}}