{"id":590,"date":"2022-08-03T16:54:33","date_gmt":"2022-08-03T16:54:33","guid":{"rendered":"https:\/\/tvnativoos.com.br\/wfe\/?p=590"},"modified":"2022-08-03T16:54:33","modified_gmt":"2022-08-03T16:54:33","slug":"corpo-de-bombeiros-militar-lancara-edital-para-salva-vidas-temporario-com-remuneracao-mensal-de-r-4-24000","status":"publish","type":"post","link":"https:\/\/tvnativoos.com.br\/wfe\/corpo-de-bombeiros-militar-lancara-edital-para-salva-vidas-temporario-com-remuneracao-mensal-de-r-4-24000\/","title":{"rendered":"Corpo de Bombeiros Militar lan\u00e7ar\u00e1 edital para salva vidas tempor\u00e1rio com remunera\u00e7\u00e3o mensal de R$ 4.240,00"},"content":{"rendered":"<p style=\"text-align: justify;\">Na tarde desta segunda-feira (01\/08), o Prefeito Luiz Carlos Gauto recebeu em seu gabinete a visita do Comandante do 1\u00ba Pelot\u00e3o do Corpo de Bombeiros Militar de Tramanda\u00ed, 1\u00b0 Tenente El\u00edsio Oliveira Lucr\u00e9cio.<\/p>\n<p style=\"text-align: justify;\">Na pauta do encontro a temporada de ver\u00e3o 2022\/2023, onde foram tratadas quest\u00f5es gerais da temporada e outras pontuais, como a manuten\u00e7\u00e3o, revitaliza\u00e7\u00e3o e constru\u00e7\u00e3o das guaritas e o processo de contrata\u00e7\u00e3o de guarda-vidas.<\/p>\n<p style=\"text-align: justify;\">De acordo com o Comandante Lucr\u00e9cio, em breve, o Corpo de Bombeiros Militar publicar\u00e1 edital de sele\u00e7\u00e3o para Guarda-Vidas Civil Tempor\u00e1rio para a opera\u00e7\u00e3o ver\u00e3o, com 800 vagas e remunera\u00e7\u00e3o mensal de R$ 4.240,00.<\/p>\n<p style=\"text-align: justify;\">Para maiores informa\u00e7\u00f5es, acompanhe a divulga\u00e7\u00e3o da contrata\u00e7\u00e3o de Guarda-Vidas Civil por meio do site do Corpo de Bombeiros: www.bombeiros.rs.gov.br. No edital constar\u00e1 todas as informa\u00e7\u00f5es para os candidatos se inscreverem \u00e0 capacita\u00e7\u00e3o.<\/p>\n<p style=\"text-align: justify;\">Tamb\u00e9m participou do encontro o Secret\u00e1rio de Seguran\u00e7a, Direitos Humanos e Transporte, Claudiomir da Silva Pedro.<\/p>\n<p>&nbsp;<\/p>\n<p>&nbsp;<\/p>\n<p>&nbsp;<\/p>\n<p>Fonte: Prefeitura de Tramanda\u00ed<\/p>\n","protected":false},"excerpt":{"rendered":"<p>Na tarde desta segunda-feira (01\/08), o Prefeito Luiz Carlos Gauto recebeu em seu gabinete a visita do Comandante do 1\u00ba Pelot\u00e3o do Corpo de Bombeiros Militar de Tramanda\u00ed, 1\u00b0 Tenente El\u00edsio Oliveira Lucr\u00e9cio. Na pauta do encontro a temporada de ver\u00e3o 2022\/2023, onde foram tratadas quest\u00f5es gerais da temporada e outras pontuais, como a manuten\u00e7\u00e3o, [&hellip;]<\/p>\n","protected":false},"author":2,"featured_media":591,"comment_status":"closed","ping_status":"open","sticky":false,"template":"","format":"standard","meta":{"footnotes":""},"categories":[8],"tags":[],"class_list":["post-590","post","type-post","status-publish","format-standard","has-post-thumbnail","hentry","category-noticias"],"cc_featured_image_caption":{"caption_text":false,"source_text":false,"source_url":false},"_links":{"self":[{"href":"https:\/\/tvnativoos.com.br\/wfe\/wp-json\/wp\/v2\/posts\/590","targetHints":{"allow":["GET"]}}],"collection":[{"href":"https:\/\/tvnativoos.com.br\/wfe\/wp-json\/wp\/v2\/posts"}],"about":[{"href":"https:\/\/tvnativoos.com.br\/wfe\/wp-json\/wp\/v2\/types\/post"}],"author":[{"embeddable":true,"href":"https:\/\/tvnativoos.com.br\/wfe\/wp-json\/wp\/v2\/users\/2"}],"replies":[{"embeddable":true,"href":"https:\/\/tvnativoos.com.br\/wfe\/wp-json\/wp\/v2\/comments?post=590"}],"version-history":[{"count":1,"href":"https:\/\/tvnativoos.com.br\/wfe\/wp-json\/wp\/v2\/posts\/590\/revisions"}],"predecessor-version":[{"id":592,"href":"https:\/\/tvnativoos.com.br\/wfe\/wp-json\/wp\/v2\/posts\/590\/revisions\/592"}],"wp:featuredmedia":[{"embeddable":true,"href":"https:\/\/tvnativoos.com.br\/wfe\/wp-json\/wp\/v2\/media\/591"}],"wp:attachment":[{"href":"https:\/\/tvnativoos.com.br\/wfe\/wp-json\/wp\/v2\/media?parent=590"}],"wp:term":[{"taxonomy":"category","embeddable":true,"href":"https:\/\/tvnativoos.com.br\/wfe\/wp-json\/wp\/v2\/categories?post=590"},{"taxonomy":"post_tag","embeddable":true,"href":"https:\/\/tvnativoos.com.br\/wfe\/wp-json\/wp\/v2\/tags?post=590"}],"curies":[{"name":"wp","href":"https:\/\/api.w.org\/{rel}","templated":true}]}}