{"id":557,"date":"2022-08-01T18:03:29","date_gmt":"2022-08-01T18:03:29","guid":{"rendered":"https:\/\/tvnativoos.com.br\/wfe\/?p=557"},"modified":"2022-08-01T18:03:29","modified_gmt":"2022-08-01T18:03:29","slug":"prefeitura-de-torres-abre-inscricoes-para-ambulantes-a-beira-mar-pessoas-fisicas-e-juridicas","status":"publish","type":"post","link":"https:\/\/tvnativoos.com.br\/wfe\/prefeitura-de-torres-abre-inscricoes-para-ambulantes-a-beira-mar-pessoas-fisicas-e-juridicas\/","title":{"rendered":"Prefeitura de Torres abre inscri\u00e7\u00f5es para ambulantes \u00e0 beira-mar, pessoas f\u00edsicas e jur\u00eddicas"},"content":{"rendered":"<p style=\"text-align: justify;\">A Prefeitura de Torres publicou na sexta-feira, 29 de julho, editais de credenciamento p\u00fablico 004\/2022 e 005\/2022 que abre as inscri\u00e7\u00f5es para ambulantes itinerantes \u00e0 beira-mar no per\u00edodo de 1\u00ba de novembro de 2022 a 31 de mar\u00e7o de 2023 para pessoas f\u00edsicas e jur\u00eddicas. As inscri\u00e7\u00f5es iniciaram na segunda-feira, 1\u00ba de agosto e estendem-se at\u00e9 22 de agosto de 2022. Todo o regramento e o cronograma de execu\u00e7\u00e3o dos editais est\u00e3o no link logo abaixo.<\/p>\n<p>LINKS <a href=\"https:\/\/torres.rs.gov.br\/prefeitura\/editais\/\"><strong>AQUI<\/strong><\/a><\/p>\n<p style=\"text-align: justify;\">As inscri\u00e7\u00f5es dever\u00e3o ser realizadas de forma presencial, impreterivelmente, no per\u00edodo estabelecido no edital. O edital estar\u00e1 dispon\u00edvel no site www.torres.rs.gov.br ou ainda poder\u00e1 ser solicitado atrav\u00e9s do e-mail administrativoindustriaecomercio@torres.rs.gov.br . Para inscrever-se, o interessado deve entregar envelope lacrado na Secretaria de Trabalho, Ind\u00fastria e Com\u00e9rcio (Rua Jos\u00e9 Ant\u00f4nio Picoral, n\u00b0 79, 1\u00b0 andar, Centro), de segunda a sexta-feira, em dias \u00fateis, nos seguintes hor\u00e1rios: segundas, quartas e sextas, das 8h \u00e0s 11h30min e das 13h \u00e0s 17h30.<\/p>\n<p style=\"text-align: justify;\">Para autoriza\u00e7\u00e3o de pessoas f\u00edsicas interessadas no uso de espa\u00e7o p\u00fablico para com\u00e9rcio ambulante itinerante, podem inscrever-se o com\u00e9rcio de: churros, somente em recipiente de pl\u00e1stico, algod\u00e3o-doce, ma\u00e7a do amor, cocada, rapaduras, p\u00e9 de moleque, sonho, casquinha, docinhos, produtos farin\u00e1ceos, tapioca, sandu\u00edche natural, vegano, batata-chips embalada, pipoca embalada, pamonha, chopp, espumante, clericot, bebidas prontas, coquet\u00e9is, coco verde, a\u00e7a\u00ed, salada de frutas, queijinho industrializado assado em carrinho, picol\u00e9s milk shake, salgados e outros produtos como brinquedos, infl\u00e1veis, luminosos, avi\u00f5es, frescobol, pandorgas, artesanato, mantas, redes, roupas de praia, cangas, biquinis, chap\u00e9us e viseiras.<\/p>\n<p style=\"text-align: justify;\">Para autoriza\u00e7\u00e3o de pessoas jur\u00eddicas interessadas no uso de espa\u00e7o p\u00fablico para com\u00e9rcio ambulante itinerante, podem inscrever-se o com\u00e9rcio de: picol\u00e9 e sorvete em carrinho e fabricantes de sorvetes\/picol\u00e9s.<\/p>\n<p>&nbsp;<\/p>\n<p>&nbsp;<\/p>\n<p>&nbsp;<\/p>\n<p>Fonte: Prefeitura de Torres<\/p>\n","protected":false},"excerpt":{"rendered":"<p>A Prefeitura de Torres publicou na sexta-feira, 29 de julho, editais de credenciamento p\u00fablico 004\/2022 e 005\/2022 que abre as inscri\u00e7\u00f5es para ambulantes itinerantes \u00e0 beira-mar no per\u00edodo de 1\u00ba de novembro de 2022 a 31 de mar\u00e7o de 2023 para pessoas f\u00edsicas e jur\u00eddicas. As inscri\u00e7\u00f5es iniciaram na segunda-feira, 1\u00ba de agosto e estendem-se [&hellip;]<\/p>\n","protected":false},"author":2,"featured_media":558,"comment_status":"closed","ping_status":"open","sticky":false,"template":"","format":"standard","meta":{"footnotes":""},"categories":[8],"tags":[],"class_list":["post-557","post","type-post","status-publish","format-standard","has-post-thumbnail","hentry","category-noticias"],"cc_featured_image_caption":{"caption_text":false,"source_text":false,"source_url":false},"_links":{"self":[{"href":"https:\/\/tvnativoos.com.br\/wfe\/wp-json\/wp\/v2\/posts\/557","targetHints":{"allow":["GET"]}}],"collection":[{"href":"https:\/\/tvnativoos.com.br\/wfe\/wp-json\/wp\/v2\/posts"}],"about":[{"href":"https:\/\/tvnativoos.com.br\/wfe\/wp-json\/wp\/v2\/types\/post"}],"author":[{"embeddable":true,"href":"https:\/\/tvnativoos.com.br\/wfe\/wp-json\/wp\/v2\/users\/2"}],"replies":[{"embeddable":true,"href":"https:\/\/tvnativoos.com.br\/wfe\/wp-json\/wp\/v2\/comments?post=557"}],"version-history":[{"count":1,"href":"https:\/\/tvnativoos.com.br\/wfe\/wp-json\/wp\/v2\/posts\/557\/revisions"}],"predecessor-version":[{"id":559,"href":"https:\/\/tvnativoos.com.br\/wfe\/wp-json\/wp\/v2\/posts\/557\/revisions\/559"}],"wp:featuredmedia":[{"embeddable":true,"href":"https:\/\/tvnativoos.com.br\/wfe\/wp-json\/wp\/v2\/media\/558"}],"wp:attachment":[{"href":"https:\/\/tvnativoos.com.br\/wfe\/wp-json\/wp\/v2\/media?parent=557"}],"wp:term":[{"taxonomy":"category","embeddable":true,"href":"https:\/\/tvnativoos.com.br\/wfe\/wp-json\/wp\/v2\/categories?post=557"},{"taxonomy":"post_tag","embeddable":true,"href":"https:\/\/tvnativoos.com.br\/wfe\/wp-json\/wp\/v2\/tags?post=557"}],"curies":[{"name":"wp","href":"https:\/\/api.w.org\/{rel}","templated":true}]}}