{"id":554,"date":"2022-08-01T17:56:18","date_gmt":"2022-08-01T17:56:18","guid":{"rendered":"https:\/\/tvnativoos.com.br\/wfe\/?p=554"},"modified":"2022-08-01T17:56:18","modified_gmt":"2022-08-01T17:56:18","slug":"secretaria-de-seguranca-realiza-reuniao-com-representantes-dos-taxistas-em-capao-da-canoa","status":"publish","type":"post","link":"https:\/\/tvnativoos.com.br\/wfe\/secretaria-de-seguranca-realiza-reuniao-com-representantes-dos-taxistas-em-capao-da-canoa\/","title":{"rendered":"Secretaria de Seguran\u00e7a realiza reuni\u00e3o com representantes dos taxistas, em Cap\u00e3o da Canoa"},"content":{"rendered":"<p style=\"text-align: justify;\">A Prefeitura de Cap\u00e3o da Canoa, por meio da Secretaria de Seguran\u00e7a, Mobilidade e Tecnologia, realizou, nesta sexta-feira (29), reuni\u00e3o com representantes dos taxistas, com objetivo de acolher as demandas da classe.<\/p>\n<p style=\"text-align: justify;\">Na oportunidade, o Secret\u00e1rio de Seguran\u00e7a, Mobilidade e Tecnologia de Cap\u00e3o da Canoa, Claudiomir Souza de Oliveira, recebeu o presidente da Associa\u00e7\u00e3o de Taxistas de Cap\u00e3o da Canoa, Jeferson Fernandes, e o diretor Alexandre Valim. O objetivo foi a maior aproxima\u00e7\u00e3o da categoria com a Administra\u00e7\u00e3o P\u00fablica para juntos buscarem constantes melhorias para os taxistas, bem como a troca de informa\u00e7\u00f5es e experi\u00eancias nas \u00e1reas de tr\u00e2nsito e seguran\u00e7a p\u00fablica.<\/p>\n<p style=\"text-align: justify;\">Al\u00e9m disso, foi explanado aos representantes sobre o cadastramento que est\u00e1 sendo realizado pela prefeitura dos profissionais para o benef\u00edcio Bem-Taxista. Tamb\u00e9m participaram da reuni\u00e3o o Diretor de Tr\u00e2nsito do Munic\u00edpio, Sauro Santos Nunes, e os assessores Mar\u00edlia e Ilton.<\/p>\n<p>&nbsp;<\/p>\n<p>&nbsp;<\/p>\n<p>Fonte: Prefeitura de Cap\u00e3o da Canoa<\/p>\n<p>&nbsp;<\/p>\n<p>&nbsp;<\/p>\n","protected":false},"excerpt":{"rendered":"<p>A Prefeitura de Cap\u00e3o da Canoa, por meio da Secretaria de Seguran\u00e7a, Mobilidade e Tecnologia, realizou, nesta sexta-feira (29), reuni\u00e3o com representantes dos taxistas, com objetivo de acolher as demandas da classe. Na oportunidade, o Secret\u00e1rio de Seguran\u00e7a, Mobilidade e Tecnologia de Cap\u00e3o da Canoa, Claudiomir Souza de Oliveira, recebeu o presidente da Associa\u00e7\u00e3o de [&hellip;]<\/p>\n","protected":false},"author":2,"featured_media":555,"comment_status":"closed","ping_status":"open","sticky":false,"template":"","format":"standard","meta":{"footnotes":""},"categories":[8],"tags":[],"class_list":["post-554","post","type-post","status-publish","format-standard","has-post-thumbnail","hentry","category-noticias"],"cc_featured_image_caption":{"caption_text":false,"source_text":false,"source_url":false},"_links":{"self":[{"href":"https:\/\/tvnativoos.com.br\/wfe\/wp-json\/wp\/v2\/posts\/554","targetHints":{"allow":["GET"]}}],"collection":[{"href":"https:\/\/tvnativoos.com.br\/wfe\/wp-json\/wp\/v2\/posts"}],"about":[{"href":"https:\/\/tvnativoos.com.br\/wfe\/wp-json\/wp\/v2\/types\/post"}],"author":[{"embeddable":true,"href":"https:\/\/tvnativoos.com.br\/wfe\/wp-json\/wp\/v2\/users\/2"}],"replies":[{"embeddable":true,"href":"https:\/\/tvnativoos.com.br\/wfe\/wp-json\/wp\/v2\/comments?post=554"}],"version-history":[{"count":1,"href":"https:\/\/tvnativoos.com.br\/wfe\/wp-json\/wp\/v2\/posts\/554\/revisions"}],"predecessor-version":[{"id":556,"href":"https:\/\/tvnativoos.com.br\/wfe\/wp-json\/wp\/v2\/posts\/554\/revisions\/556"}],"wp:featuredmedia":[{"embeddable":true,"href":"https:\/\/tvnativoos.com.br\/wfe\/wp-json\/wp\/v2\/media\/555"}],"wp:attachment":[{"href":"https:\/\/tvnativoos.com.br\/wfe\/wp-json\/wp\/v2\/media?parent=554"}],"wp:term":[{"taxonomy":"category","embeddable":true,"href":"https:\/\/tvnativoos.com.br\/wfe\/wp-json\/wp\/v2\/categories?post=554"},{"taxonomy":"post_tag","embeddable":true,"href":"https:\/\/tvnativoos.com.br\/wfe\/wp-json\/wp\/v2\/tags?post=554"}],"curies":[{"name":"wp","href":"https:\/\/api.w.org\/{rel}","templated":true}]}}