{"id":5400,"date":"2023-03-01T22:55:56","date_gmt":"2023-03-01T22:55:56","guid":{"rendered":"https:\/\/tvnativoos.com.br\/wfe\/?p=5400"},"modified":"2023-03-01T22:55:58","modified_gmt":"2023-03-01T22:55:58","slug":"licao-de-empatia-trote-do-bem-aproxima-novos-estudantes-de-medicina-e-criancas-em-tratamento-oncologico","status":"publish","type":"post","link":"https:\/\/tvnativoos.com.br\/wfe\/licao-de-empatia-trote-do-bem-aproxima-novos-estudantes-de-medicina-e-criancas-em-tratamento-oncologico\/","title":{"rendered":"Li\u00e7\u00e3o de empatia: Trote do Bem aproxima novos estudantes de Medicina e crian\u00e7as em tratamento oncol\u00f3gico"},"content":{"rendered":"\n<p><em>Calouros de Medicina da UPF participaram da iniciativa, realizada no Espa\u00e7o L\u00fadico da Oncologia Pedi\u00e1trica do HSVP<\/em><\/p>\n\n\n\n<p>A entrada no curso de Medicina gera muita alegria e expectativa por parte dos estudantes, que aguardam ansiosos para ter o primeiro contato com os pacientes. Na Universidade de Passo Fundo (UPF), o Trote do Bem marca o in\u00edcio dessa trajet\u00f3ria j\u00e1 nos primeiros dias de aula, por meio de um gesto de empatia e solidariedade.<\/p>\n\n\n\n<p>Uma tradi\u00e7\u00e3o na Universidade, a iniciativa promovida pela Associa\u00e7\u00e3o Atl\u00e9tica Acad\u00eamica Ga\u00fachos de Passo Fundo (AAAGPF) da Escola de Medicina da UPF, transportou os estudantes, nesta quarta-feira, 1\u00ba de mar\u00e7o, para o Espa\u00e7o L\u00fadico da Oncologia Pedi\u00e1trica do Hospital S\u00e3o Vicente de Paulo (HSVP), onde as crian\u00e7as em tratamento quimioter\u00e1pico &nbsp;rasparam os cabelos dos alunos e cortaram os cabelos das alunas, que ser\u00e3o doados para a confec\u00e7\u00e3o de perucas a pacientes oncol\u00f3gicos.<\/p>\n\n\n\n<p>Neste ano, dez novos ingressantes participaram da a\u00e7\u00e3o, que ocorre desde 2018. \u201cO Trote do Bem se difere dos trotes tradicionais, pois buscamos proporcionar um momento de fuga e al\u00edvio para os pacientes pedi\u00e1tricos da oncologia e marcar o in\u00edcio da caminhada dos calouros no curso de Medicina, tendo esse primeiro contato com o ambiente hospitalar\u201d, afirma o presidente da AAAGPF e acad\u00eamico do oitavo n\u00edvel de Medicina, Luis Henrique Zahner.<\/p>\n\n\n\n<p><strong>\u201cProporcionar um sorriso faz uma diferen\u00e7a enorme\u201d<\/strong><\/p>\n\n\n\n<p>O estudante do primeiro n\u00edvel Gabriel Reck Brentano teve seu cabelo raspado pelo Enzo, um menino de tr\u00eas anos que est\u00e1 em tratamento contra a leucemia e que se divertiu bastante ao interagir com os estudantes. \u201cFiquei muito feliz e emocionado de participar. O Enzo \u00e9 uma crian\u00e7a muito querida e estava todo feliz e sorridente fazendo o corte. C\u00e2ncer \u00e9 uma doen\u00e7a muito dif\u00edcil, ent\u00e3o poder proporcionar um sorriso a uma pessoa faz uma diferen\u00e7a enorme, foi uma \u00f3tima experi\u00eancia\u201d, conta o acad\u00eamico.<\/p>\n\n\n\n<p>Para o oncologista pedi\u00e1trico do HSVP, Pablo Santiago, al\u00e9m de um momento de celebra\u00e7\u00e3o e boas-vindas aos novos acad\u00eamicos, a a\u00e7\u00e3o gera mais leveza \u00e0 rotina de tratamento das crian\u00e7as. \u201cEssa aproxima\u00e7\u00e3o entre os pacientes e os estudantes que est\u00e3o ingressando na faculdade transforma a rotina de tratamento em um momento leve e divertido, tocando ambos os lados com essa a\u00e7\u00e3o de raspar a cabe\u00e7a, vinda de crian\u00e7as que tamb\u00e9m tiveram que perder o cabelo para fazer o tratamento e ainda estabelece na cabe\u00e7a dos estudantes a necessidade da empatia, da proximidade com os pacientes, como se fosse um primeiro batismo deles, com rela\u00e7\u00e3o ao que ser\u00e3o depois como profissionais\u201d, destaca o m\u00e9dico.<\/p>\n\n\n\n<figure class=\"wp-block-gallery has-nested-images columns-default is-cropped wp-block-gallery-1 is-layout-flex wp-block-gallery-is-layout-flex\">\n<figure class=\"wp-block-image size-large\"><img loading=\"lazy\" decoding=\"async\" width=\"1024\" height=\"683\" data-id=\"5401\" src=\"https:\/\/tvnativoos.com.br\/wfe\/wp-content\/uploads\/2023\/03\/trote-do-bem-medicina-upf-9-1024x683.jpg\" alt=\"\" class=\"wp-image-5401\" srcset=\"https:\/\/tvnativoos.com.br\/wfe\/wp-content\/uploads\/2023\/03\/trote-do-bem-medicina-upf-9-1024x683.jpg 1024w, https:\/\/tvnativoos.com.br\/wfe\/wp-content\/uploads\/2023\/03\/trote-do-bem-medicina-upf-9-300x200.jpg 300w, https:\/\/tvnativoos.com.br\/wfe\/wp-content\/uploads\/2023\/03\/trote-do-bem-medicina-upf-9-768x512.jpg 768w, https:\/\/tvnativoos.com.br\/wfe\/wp-content\/uploads\/2023\/03\/trote-do-bem-medicina-upf-9.jpg 1200w\" sizes=\"auto, (max-width: 1024px) 100vw, 1024px\" \/><\/figure>\n\n\n\n<figure class=\"wp-block-image size-large\"><img loading=\"lazy\" decoding=\"async\" width=\"1024\" height=\"683\" data-id=\"5403\" src=\"https:\/\/tvnativoos.com.br\/wfe\/wp-content\/uploads\/2023\/03\/trote-do-bem-medicina-upf-7-1024x683.jpg\" alt=\"\" class=\"wp-image-5403\" srcset=\"https:\/\/tvnativoos.com.br\/wfe\/wp-content\/uploads\/2023\/03\/trote-do-bem-medicina-upf-7-1024x683.jpg 1024w, https:\/\/tvnativoos.com.br\/wfe\/wp-content\/uploads\/2023\/03\/trote-do-bem-medicina-upf-7-300x200.jpg 300w, https:\/\/tvnativoos.com.br\/wfe\/wp-content\/uploads\/2023\/03\/trote-do-bem-medicina-upf-7-768x512.jpg 768w, https:\/\/tvnativoos.com.br\/wfe\/wp-content\/uploads\/2023\/03\/trote-do-bem-medicina-upf-7.jpg 1200w\" sizes=\"auto, (max-width: 1024px) 100vw, 1024px\" \/><\/figure>\n\n\n\n<figure class=\"wp-block-image size-large\"><img loading=\"lazy\" decoding=\"async\" width=\"1024\" height=\"683\" data-id=\"5402\" src=\"https:\/\/tvnativoos.com.br\/wfe\/wp-content\/uploads\/2023\/03\/trote-do-bem-medicina-upf-enzo-e-gabriel-4-1024x683.jpg\" alt=\"\" class=\"wp-image-5402\" srcset=\"https:\/\/tvnativoos.com.br\/wfe\/wp-content\/uploads\/2023\/03\/trote-do-bem-medicina-upf-enzo-e-gabriel-4-1024x683.jpg 1024w, https:\/\/tvnativoos.com.br\/wfe\/wp-content\/uploads\/2023\/03\/trote-do-bem-medicina-upf-enzo-e-gabriel-4-300x200.jpg 300w, https:\/\/tvnativoos.com.br\/wfe\/wp-content\/uploads\/2023\/03\/trote-do-bem-medicina-upf-enzo-e-gabriel-4-768x512.jpg 768w, https:\/\/tvnativoos.com.br\/wfe\/wp-content\/uploads\/2023\/03\/trote-do-bem-medicina-upf-enzo-e-gabriel-4.jpg 1200w\" sizes=\"auto, (max-width: 1024px) 100vw, 1024px\" \/><\/figure>\n<\/figure>\n\n\n\n<p>Se inscreva em nosso canal do&nbsp;<strong><a href=\"https:\/\/www.youtube.com\/@tvnativoos\">youtube.com\/@tvnativoos<\/a><\/strong>, curta nossa p\u00e1gina no&nbsp;<strong><a href=\"https:\/\/www.facebook.com\/tvnativoos\">facebook<\/a><\/strong>,&nbsp;<strong><a href=\"https:\/\/www.instagram.com\/tvnativoos\/\">instagram<\/a><\/strong>&nbsp;e veja nossa programa\u00e7\u00e3o ao vivo pelo canal 6 da Claro Net ou pelo portal&nbsp;<strong><a href=\"http:\/\/tvnativoos.com.br\/wfe\/\">tvnativoos.com.br.<\/a><\/strong><\/p>\n\n\n\n<p>No m\u00eas de mar\u00e7o a&nbsp;<strong><a href=\"http:\/\/tvnativoos.com.br\/wfe\/\">TV Nativoos<\/a><\/strong>&nbsp;est\u00e1 programando muitas novidades na \u00e1rea de comunica\u00e7\u00e3o!<\/p>\n","protected":false},"excerpt":{"rendered":"<p>Calouros de Medicina da UPF participaram da iniciativa, realizada no Espa\u00e7o L\u00fadico da Oncologia Pedi\u00e1trica do HSVP A entrada no curso de Medicina gera muita alegria e expectativa por parte dos estudantes, que aguardam ansiosos para ter o primeiro contato com os pacientes. Na Universidade de Passo Fundo (UPF), o Trote do Bem marca o [&hellip;]<\/p>\n","protected":false},"author":3,"featured_media":5404,"comment_status":"closed","ping_status":"open","sticky":false,"template":"","format":"standard","meta":{"footnotes":""},"categories":[8],"tags":[26,110,298,1013,65,58],"class_list":["post-5400","post","type-post","status-publish","format-standard","has-post-thumbnail","hentry","category-noticias","tag-educacao","tag-escola","tag-saude","tag-trotedobem","tag-tvnativoos","tag-upf"],"cc_featured_image_caption":{"caption_text":"","source_text":"","source_url":""},"_links":{"self":[{"href":"https:\/\/tvnativoos.com.br\/wfe\/wp-json\/wp\/v2\/posts\/5400","targetHints":{"allow":["GET"]}}],"collection":[{"href":"https:\/\/tvnativoos.com.br\/wfe\/wp-json\/wp\/v2\/posts"}],"about":[{"href":"https:\/\/tvnativoos.com.br\/wfe\/wp-json\/wp\/v2\/types\/post"}],"author":[{"embeddable":true,"href":"https:\/\/tvnativoos.com.br\/wfe\/wp-json\/wp\/v2\/users\/3"}],"replies":[{"embeddable":true,"href":"https:\/\/tvnativoos.com.br\/wfe\/wp-json\/wp\/v2\/comments?post=5400"}],"version-history":[{"count":1,"href":"https:\/\/tvnativoos.com.br\/wfe\/wp-json\/wp\/v2\/posts\/5400\/revisions"}],"predecessor-version":[{"id":5405,"href":"https:\/\/tvnativoos.com.br\/wfe\/wp-json\/wp\/v2\/posts\/5400\/revisions\/5405"}],"wp:featuredmedia":[{"embeddable":true,"href":"https:\/\/tvnativoos.com.br\/wfe\/wp-json\/wp\/v2\/media\/5404"}],"wp:attachment":[{"href":"https:\/\/tvnativoos.com.br\/wfe\/wp-json\/wp\/v2\/media?parent=5400"}],"wp:term":[{"taxonomy":"category","embeddable":true,"href":"https:\/\/tvnativoos.com.br\/wfe\/wp-json\/wp\/v2\/categories?post=5400"},{"taxonomy":"post_tag","embeddable":true,"href":"https:\/\/tvnativoos.com.br\/wfe\/wp-json\/wp\/v2\/tags?post=5400"}],"curies":[{"name":"wp","href":"https:\/\/api.w.org\/{rel}","templated":true}]}}