{"id":5083,"date":"2023-02-21T18:28:54","date_gmt":"2023-02-21T18:28:54","guid":{"rendered":"https:\/\/tvnativoos.com.br\/wfe\/?p=5083"},"modified":"2023-02-21T21:36:54","modified_gmt":"2023-02-21T21:36:54","slug":"saude-e-bem-estar-jovem-que-esta-na-uti-apos-cheirar-pimenta-tem-edema-cerebral-diz-hospital","status":"publish","type":"post","link":"https:\/\/tvnativoos.com.br\/wfe\/saude-e-bem-estar-jovem-que-esta-na-uti-apos-cheirar-pimenta-tem-edema-cerebral-diz-hospital\/","title":{"rendered":"Sa\u00fade e Bem Estar &#8211; Jovem que est\u00e1 na UTI ap\u00f3s cheirar pimenta tem edema cerebral, diz hospital"},"content":{"rendered":"\n<p>Muitas pessoas sofrem com alergia a pimenta, muitos restaurantes n\u00e3o est\u00e3o preparados para atender esse p\u00fablico cada vez mais comum.<\/p>\n\n\n\n<p>De acordo com Santa Casa de An\u00e1polis, Thais de Oliveira j\u00e1 tinha asma e deu entrada no hospital ap\u00f3s ter uma parada cardiorrespirat\u00f3ria. Ela chegou a ser entubada.<\/p>\n\n\n\n<p>A trancista Thais Medeiros de Oliveira, de 25 anos, passou por uma tomografia que mostrou um edema cerebral. Conforme divulgado pela Santa Casa de&nbsp;An\u00e1polis&nbsp;nesta ter\u00e7a-feira (21), ela deve passar por novo exame para avaliar o c\u00e9rebro e, apesar de ainda estar em estado grave, apresentou melhora do quadro respirat\u00f3rio. A m\u00e3e da jovem, Adriana Medeiros, contou que ela passou mal ap\u00f3s cheirar pimenta bode.<\/p>\n\n\n\n<p>De acordo com o hospital, Thais de Oliveira j\u00e1 tinha asma e deu entrada no hospital ap\u00f3s ter uma parada cardiorrespirat\u00f3ria. Ela chegou a ser entubada. A jovem apresentou febre durante a madrugada desta ter\u00e7a-feira e continua sedada.<\/p>\n\n\n\n<p>Thais passou mal na sexta-feira (17), por volta de 12h, na Vila Jaiara, em An\u00e1polis. Segundo o namorado da jovem, Matheus Oliveira, ela estava almo\u00e7ando na casa dele quando aconteceu a situa\u00e7\u00e3o.<\/p>\n\n\n\n<p>&#8220;Ela estava na cozinha e entraram em assunto de pimenta. Ent\u00e3o ela passou a pimenta no nariz e cheirou. A garganta dela come\u00e7ou a co\u00e7ar e, logo em seguida, ela j\u00e1 foi perdendo as for\u00e7as. E a levamos para o hospital&#8221;, explicou o namorado.<\/p>\n\n\n\n<p>Segundo a m\u00e3e da jovem, Adriana Medeiros, ela nunca tinha tido um quadro grave de rea\u00e7\u00e3o al\u00e9rgica. Segundo ela, a jovem teve contato com &#8220;pimenta bode&#8221;.<\/p>\n\n\n\n<p><strong>Alergia a pimenta: Entenda rea\u00e7\u00e3o que jovem pode ter tido ap\u00f3s cheirar especiaria e passar mal<\/strong><\/p>\n\n\n\n<p>A imunologista Lorena de Castro, explica que essa se trata de uma alergia rara.<\/p>\n\n\n\n<p>Apesar de ser um tipo de alergia raro, h\u00e1 alguns tipos de pimentas que s\u00e3o mais comuns pessoas terem alergia. Entre elas a pimenta-preta, tamb\u00e9m conhecida como pimenta-do-reino. A m\u00e9dica ainda cita a pimenta malagueta e a pimenta-da-jamaica. Al\u00e9m da pimenta, especiarias que a alergista menciona como comuns de despertarem alergias s\u00e3o o curry e a noz moscada.<\/p>\n\n\n\n<p>Como as pimentas v\u00eam de plantas, os componentes al\u00e9rgicos s\u00e3o derivados das prote\u00ednas vegetais destes alimentos.<\/p>\n\n\n\n<p><strong>Como funcionam as rea\u00e7\u00f5es al\u00e9rgicas?<\/strong><\/p>\n\n\n\n<p>As rea\u00e7\u00f5es al\u00e9rgicas, segundo a m\u00e9dica, podem se manifestar de duas formas:<\/p>\n\n\n\n<p><strong>Local<\/strong><\/p>\n\n\n\n<p>\u00c9 a rea\u00e7\u00e3o mais leve, que se manifesta em locais espec\u00edficos;<\/p>\n\n\n\n<ul class=\"wp-block-list\">\n<li><strong>Sintomas<\/strong>:&nbsp;formigamentos na l\u00edngua, alergia perioral, que s\u00e3o \u201cerup\u00e7\u00f5es\u201d no rosto, como \u201cbolinhas\u201d ao redor da boca, tosse, coriza, entre outros.<\/li>\n<\/ul>\n\n\n\n<p><strong>Anafilaxia<\/strong><\/p>\n\n\n\n<p>\u00c9 a rea\u00e7\u00e3o al\u00e9rgica grave aguda, que pode acontecer de forma imediata ou algumas horas ap\u00f3s o contato da pessoa com algum componente que ela seja al\u00e9rgica, como a pimenta.<\/p>\n\n\n\n<ul class=\"wp-block-list\">\n<li><strong>Sintomas:&nbsp;<\/strong>Ela ocorre quando acontece o comprometimento simult\u00e2neo de mais de um sistema (cardiovascular, respirat\u00f3rio, pele, gastrointestinal, entre outros),&nbsp;apresentando uma combina\u00e7\u00e3o de sintomas;<br>Como exemplo, quando a pessoa apresenta incha\u00e7os e problemas respirat\u00f3rios, incha\u00e7os e problemas gastrointestinais, como v\u00f4mitos, dores abdominais e diarr\u00e9ia, coceira e problemas respirat\u00f3rios, entre outras combina\u00e7\u00f5es.<br>Tamb\u00e9m pode ocorrer quando apenas um sistema do corpo \u00e9 comprometido, mas de forma grave, como um edema de glote, que \u00e9 quando a pessoa tem o incha\u00e7o na garganta.<\/li>\n<\/ul>\n\n\n\n<p><strong>A anafilaxia pode ser gerada de duas formas:<\/strong><\/p>\n\n\n\n<p><strong>&#8211;&nbsp;<\/strong>Pela rea\u00e7\u00e3o dos anticorpos do organismo contra esses alimentos;<br>&#8211; Podem ser \u201cimunomediadas\u201d, quando o organismo forma um anticorpo espec\u00edfico contra uma prote\u00edna Alergenic ou n\u00e3o imunomediadas em uma rea\u00e7\u00e3o anafilact\u00f3ide, alguns alimentos t\u00eam a capacidade de \u201cimitar\u201d uma rea\u00e7\u00e3o al\u00e9rgica, liberando citocinas que fazem vasodilata\u00e7\u00e3o, gerando incha\u00e7os, tendo tosse;<\/p>\n\n\n\n<p>A m\u00e9dica explica que&nbsp;a anafilaxia, que \u00e9 a rea\u00e7\u00e3o al\u00e9rgica aguda grave, pode levar a um choque anafil\u00e1tico, que \u00e9 o colapso do sistema cardiovascular da pessoa.<\/p>\n\n\n\n<p><strong>\u201cA anafilaxia pode ter diversas causas. Entre elas, os alimentos\u201d<\/strong><\/p>\n\n\n\n<p>A alergista ainda explicou que os sintomas apresentados com a rea\u00e7\u00e3o al\u00e9rgica dependem do organismo de cada pessoa e que fatores de risco podem fazer com que a sensibilidade do corpo para as rea\u00e7\u00f5es al\u00e9rgicas sejam maiores.<\/p>\n\n\n\n<p><strong>&#8220;Muitas vezes n\u00e3o \u00e9 possivel o socorro pela velocidade que essas rea\u00e7\u00f5es acontecem, mas \u00e9 preciso ir \u00e0 emerg\u00eancia e explicar a possivel rea\u00e7\u00e3o al\u00e9rgica para que o m\u00e9dico possa fazer os primeiros socorros&#8221;, detalha.<\/strong><\/p>\n\n\n\n<p>Ela ainda explica que&nbsp;alguns casos de anafilaxia evoluem para parada cardiorespirat\u00f3ria, precisando de ressucita\u00e7\u00e3o ou massagem card\u00edaca. Outros, como quando a garganta da pessoa incha, os m\u00e9dicos acabam precisando fazer uma traqueostomia, abrindo a traqu\u00e9ia do paciente, para que ele consiga respirar.<\/p>\n\n\n\n<p><strong>O que fazer quando tiver uma rea\u00e7\u00e3o al\u00e9rgica?<\/strong><\/p>\n\n\n\n<p>A alergista e imunologista recomenda que, as pessoas que j\u00e1 t\u00eam conhecimento sobre as alergias que possuem, precisam ter um \u201cplano de a\u00e7\u00e3o orientado pelo m\u00e9dico alergista que ela fizer acompanhamento\u201d.<\/p>\n\n\n\n<p>Nos casos mais leves. que causam rea\u00e7\u00e3o al\u00e9rgica envolvendo apenas um sistema do oraganismo, como apenas alguma coceira, a pessoa deve ter com ela algum tipo de antial\u00e9rgico. J\u00e1 nos casos mais graves, que envolvem dois ou mais sistemas do corpo, a pessoa deve carregar uma caneta de adrenalina autoinjet\u00e1vel, que deve ser indicada pelo m\u00e9dico e aplicada o mais r\u00e1pido poss\u00edvel.<\/p>\n\n\n\n<p>J\u00e1 quando a pessoa n\u00e3o souber que tem determinada alergia, \u00e9 preciso ficar atento aos sintomas para que seja poss\u00edvel buscar o m\u00e9dico, quando necess\u00e1rio.<\/p>\n\n\n\n<p><strong>\u201cSe ela n\u00e3o souber e tiver uma rea\u00e7\u00e3o, ela n\u00e3o vai ter nada com ela no momento, ent\u00e3o vai precisar, imediatamente, procurar uma emerg\u00eancia para ser medicada o mais breve poss\u00edvel\u201d, explicou.<\/strong><\/p>\n\n\n\n<p>Se inscreva em nosso canal do&nbsp;<strong><a href=\"https:\/\/www.youtube.com\/@tvnativoos\">youtube.com\/@tvnativoos<\/a><\/strong>, curta nossa p\u00e1gina no&nbsp;<strong><a href=\"https:\/\/www.facebook.com\/tvnativoos\">facebook<\/a><\/strong>,&nbsp;<strong><a href=\"https:\/\/www.instagram.com\/tvnativoos\/\">instagram<\/a><\/strong>&nbsp;e veja nossa programa\u00e7\u00e3o ao vivo pelo canal 6 da Claro Net ou pelo portal&nbsp;<strong><a href=\"http:\/\/tvnativoos.com.br\/wfe\/\">tvnativoos.com.br.<\/a><\/strong><\/p>\n\n\n\n<p>No m\u00eas de mar\u00e7o a&nbsp;<strong><a href=\"http:\/\/tvnativoos.com.br\/wfe\/\">TV Nativoos<\/a><\/strong>&nbsp;est\u00e1 programando muitas novidades na \u00e1rea de comunica\u00e7\u00e3o!<\/p>\n\n\n\n<p>Fonte: Globo.com<\/p>\n","protected":false},"excerpt":{"rendered":"<p>Muitas pessoas sofrem com alergia a pimenta, muitos restaurantes n\u00e3o est\u00e3o preparados para atender esse p\u00fablico cada vez mais comum. De acordo com Santa Casa de An\u00e1polis, Thais de Oliveira j\u00e1 tinha asma e deu entrada no hospital ap\u00f3s ter uma parada cardiorrespirat\u00f3ria. Ela chegou a ser entubada. A trancista Thais Medeiros de Oliveira, de [&hellip;]<\/p>\n","protected":false},"author":3,"featured_media":5084,"comment_status":"closed","ping_status":"open","sticky":false,"template":"","format":"standard","meta":{"footnotes":""},"categories":[8],"tags":[938,939,298,65,940],"class_list":["post-5083","post","type-post","status-publish","format-standard","has-post-thumbnail","hentry","category-noticias","tag-alergia","tag-pimenta","tag-saude","tag-tvnativoos","tag-urticaria"],"cc_featured_image_caption":{"caption_text":"","source_text":"","source_url":""},"_links":{"self":[{"href":"https:\/\/tvnativoos.com.br\/wfe\/wp-json\/wp\/v2\/posts\/5083","targetHints":{"allow":["GET"]}}],"collection":[{"href":"https:\/\/tvnativoos.com.br\/wfe\/wp-json\/wp\/v2\/posts"}],"about":[{"href":"https:\/\/tvnativoos.com.br\/wfe\/wp-json\/wp\/v2\/types\/post"}],"author":[{"embeddable":true,"href":"https:\/\/tvnativoos.com.br\/wfe\/wp-json\/wp\/v2\/users\/3"}],"replies":[{"embeddable":true,"href":"https:\/\/tvnativoos.com.br\/wfe\/wp-json\/wp\/v2\/comments?post=5083"}],"version-history":[{"count":4,"href":"https:\/\/tvnativoos.com.br\/wfe\/wp-json\/wp\/v2\/posts\/5083\/revisions"}],"predecessor-version":[{"id":5102,"href":"https:\/\/tvnativoos.com.br\/wfe\/wp-json\/wp\/v2\/posts\/5083\/revisions\/5102"}],"wp:featuredmedia":[{"embeddable":true,"href":"https:\/\/tvnativoos.com.br\/wfe\/wp-json\/wp\/v2\/media\/5084"}],"wp:attachment":[{"href":"https:\/\/tvnativoos.com.br\/wfe\/wp-json\/wp\/v2\/media?parent=5083"}],"wp:term":[{"taxonomy":"category","embeddable":true,"href":"https:\/\/tvnativoos.com.br\/wfe\/wp-json\/wp\/v2\/categories?post=5083"},{"taxonomy":"post_tag","embeddable":true,"href":"https:\/\/tvnativoos.com.br\/wfe\/wp-json\/wp\/v2\/tags?post=5083"}],"curies":[{"name":"wp","href":"https:\/\/api.w.org\/{rel}","templated":true}]}}