{"id":4484,"date":"2023-01-31T21:15:21","date_gmt":"2023-01-31T21:15:21","guid":{"rendered":"https:\/\/tvnativoos.com.br\/wfe\/?p=4484"},"modified":"2023-01-31T21:15:23","modified_gmt":"2023-01-31T21:15:23","slug":"passo-fundo-exposicao-outros-carnavais-na-galeria-estacao-da-arte-tem-inicio-neste-sabado-4","status":"publish","type":"post","link":"https:\/\/tvnativoos.com.br\/wfe\/passo-fundo-exposicao-outros-carnavais-na-galeria-estacao-da-arte-tem-inicio-neste-sabado-4\/","title":{"rendered":"Passo Fundo &#8211; <strong>Exposi\u00e7\u00e3o \u201cOutros Carnavais\u201d, na Galeria Esta\u00e7\u00e3o da Arte, tem in\u00edcio neste s\u00e1bado (4)<\/strong>"},"content":{"rendered":"\n<p>A abertura da exposi\u00e7\u00e3o \u201cOutros Carnavais\u201d, na Galeria Esta\u00e7\u00e3o da Arte, em frente \u00e0 Pra\u00e7a da Gare, ocorre neste s\u00e1bado, 4 de fevereiro, \u00e0s 16h. A mostra, realizada em parceria com o Museu Hist\u00f3rico Regional da Universidade de Passo Fundo (MHR\/UPF), a Galeria Esta\u00e7\u00e3o da Arte e a Prefeitura Municipal de Passo Fundo, abordar\u00e1 os carnavais da cidade e sua import\u00e2ncia na mem\u00f3ria coletiva dos habitantes.<\/p>\n\n\n\n<p>A exposi\u00e7\u00e3o conta com fotos antigas dos clubes, escolas de samba e blocos participantes das festividades do carnaval passo-fundense, intercalando entre a divers\u00e3o dos blocos e a competitividade das escolas de samba. Ainda, expressa uma homenagem ao ritmo popular brasileiro mais caracter\u00edstico e que \u00e9 reconhecido mundialmente: o samba.<\/p>\n\n\n\n<p>A mostra ficar\u00e1 dispon\u00edvel para visita\u00e7\u00e3o de 4 a 26 de fevereiro.<\/p>\n\n\n\n<p>Mostra retrata os carnavais Passo-Fundenses<\/p>\n\n\n\n<p>Foto: Mostra retrata os carnavais passo-fundenses<\/p>\n","protected":false},"excerpt":{"rendered":"<p>A abertura da exposi\u00e7\u00e3o \u201cOutros Carnavais\u201d, na Galeria Esta\u00e7\u00e3o da Arte, em frente \u00e0 Pra\u00e7a da Gare, ocorre neste s\u00e1bado, 4 de fevereiro, \u00e0s 16h. A mostra, realizada em parceria com o Museu Hist\u00f3rico Regional da Universidade de Passo Fundo (MHR\/UPF), a Galeria Esta\u00e7\u00e3o da Arte e a Prefeitura Municipal de Passo Fundo, abordar\u00e1 os [&hellip;]<\/p>\n","protected":false},"author":3,"featured_media":4485,"comment_status":"closed","ping_status":"open","sticky":false,"template":"","format":"standard","meta":{"footnotes":""},"categories":[8],"tags":[213,65],"class_list":["post-4484","post","type-post","status-publish","format-standard","has-post-thumbnail","hentry","category-noticias","tag-cultura","tag-tvnativoos"],"cc_featured_image_caption":{"caption_text":"","source_text":"","source_url":""},"_links":{"self":[{"href":"https:\/\/tvnativoos.com.br\/wfe\/wp-json\/wp\/v2\/posts\/4484","targetHints":{"allow":["GET"]}}],"collection":[{"href":"https:\/\/tvnativoos.com.br\/wfe\/wp-json\/wp\/v2\/posts"}],"about":[{"href":"https:\/\/tvnativoos.com.br\/wfe\/wp-json\/wp\/v2\/types\/post"}],"author":[{"embeddable":true,"href":"https:\/\/tvnativoos.com.br\/wfe\/wp-json\/wp\/v2\/users\/3"}],"replies":[{"embeddable":true,"href":"https:\/\/tvnativoos.com.br\/wfe\/wp-json\/wp\/v2\/comments?post=4484"}],"version-history":[{"count":1,"href":"https:\/\/tvnativoos.com.br\/wfe\/wp-json\/wp\/v2\/posts\/4484\/revisions"}],"predecessor-version":[{"id":4486,"href":"https:\/\/tvnativoos.com.br\/wfe\/wp-json\/wp\/v2\/posts\/4484\/revisions\/4486"}],"wp:featuredmedia":[{"embeddable":true,"href":"https:\/\/tvnativoos.com.br\/wfe\/wp-json\/wp\/v2\/media\/4485"}],"wp:attachment":[{"href":"https:\/\/tvnativoos.com.br\/wfe\/wp-json\/wp\/v2\/media?parent=4484"}],"wp:term":[{"taxonomy":"category","embeddable":true,"href":"https:\/\/tvnativoos.com.br\/wfe\/wp-json\/wp\/v2\/categories?post=4484"},{"taxonomy":"post_tag","embeddable":true,"href":"https:\/\/tvnativoos.com.br\/wfe\/wp-json\/wp\/v2\/tags?post=4484"}],"curies":[{"name":"wp","href":"https:\/\/api.w.org\/{rel}","templated":true}]}}