{"id":4375,"date":"2023-01-25T20:32:52","date_gmt":"2023-01-25T20:32:52","guid":{"rendered":"https:\/\/tvnativoos.com.br\/wfe\/?p=4375"},"modified":"2023-01-25T20:32:54","modified_gmt":"2023-01-25T20:32:54","slug":"sandro-sauer-recebe-hoje-25-as-19h-teresinha-silveira-de-tramandai","status":"publish","type":"post","link":"https:\/\/tvnativoos.com.br\/wfe\/sandro-sauer-recebe-hoje-25-as-19h-teresinha-silveira-de-tramandai\/","title":{"rendered":"Sandro Sauer recebe hoje (25) \u00e0s 19h, Teresinha Silveira de Tramanda\u00ed"},"content":{"rendered":"\n<p>No Comunidade em Pauta de hoje Sandro Sauer conversa com a presidente do Conselho Municipal dos Direitos da Mulher de Tramanda\u00ed, Teresinha Silveira.<\/p>\n\n\n\n<p>Na pauta. os \u00b4projetos em andamento como a reorganiza\u00e7\u00e3o do estatuto, a atividades do m\u00eas de mar\u00e7o em alus\u00e3o ao Dia Internacional da Mulher e o fortalecimento da rede de prote\u00e7\u00e3o que envolve diversas entidades.<\/p>\n\n\n\n<p>Se inscreva em nosso canal do&nbsp;<strong><a href=\"https:\/\/www.youtube.com\/@tvnativoos\">youtube.com\/@tvnativoos<\/a><\/strong>, curta nossa p\u00e1gina no&nbsp;<strong><a href=\"https:\/\/www.facebook.com\/tvnativoos\">facebook<\/a><\/strong>,&nbsp;<strong><a href=\"https:\/\/www.instagram.com\/tvnativoos\/\">instagram<\/a><\/strong>&nbsp;e veja nossa programa\u00e7\u00e3o ao vivo pelo canal 6 da Claro Net ou pelo portal&nbsp;<strong><a href=\"http:\/\/tvnativoos.com.br\/wfe\/\">tvnativoos.com.br.<\/a><\/strong><\/p>\n\n\n\n<p>No m\u00eas de mar\u00e7o a\u00a0<strong><a href=\"http:\/\/tvnativoos.com.br\/wfe\/\">TV Nativoos<\/a><\/strong>\u00a0est\u00e1 programando muitas novidades na \u00e1rea de comunica\u00e7\u00e3o!<\/p>\n\n\n\n<figure class=\"wp-block-embed is-type-video is-provider-youtube wp-block-embed-youtube wp-embed-aspect-16-9 wp-has-aspect-ratio\"><div class=\"wp-block-embed__wrapper\">\n<iframe loading=\"lazy\" title=\"Comunidade Em Pauta   Teresinha Silveira\" width=\"640\" height=\"360\" src=\"https:\/\/www.youtube.com\/embed\/6bU5AHKESQI?feature=oembed\" frameborder=\"0\" allow=\"accelerometer; autoplay; clipboard-write; encrypted-media; gyroscope; picture-in-picture; web-share\" referrerpolicy=\"strict-origin-when-cross-origin\" allowfullscreen><\/iframe>\n<\/div><\/figure>\n","protected":false},"excerpt":{"rendered":"<p>No Comunidade em Pauta de hoje Sandro Sauer conversa com a presidente do Conselho Municipal dos Direitos da Mulher de Tramanda\u00ed, Teresinha Silveira. Na pauta. os \u00b4projetos em andamento como a reorganiza\u00e7\u00e3o do estatuto, a atividades do m\u00eas de mar\u00e7o em alus\u00e3o ao Dia Internacional da Mulher e o fortalecimento da rede de prote\u00e7\u00e3o que [&hellip;]<\/p>\n","protected":false},"author":3,"featured_media":4376,"comment_status":"closed","ping_status":"open","sticky":false,"template":"","format":"standard","meta":{"footnotes":""},"categories":[8],"tags":[213,26,179,298,37,74,65],"class_list":["post-4375","post","type-post","status-publish","format-standard","has-post-thumbnail","hentry","category-noticias","tag-cultura","tag-educacao","tag-prefeitura","tag-saude","tag-tramandai","tag-turismo","tag-tvnativoos"],"cc_featured_image_caption":{"caption_text":"","source_text":"","source_url":""},"_links":{"self":[{"href":"https:\/\/tvnativoos.com.br\/wfe\/wp-json\/wp\/v2\/posts\/4375","targetHints":{"allow":["GET"]}}],"collection":[{"href":"https:\/\/tvnativoos.com.br\/wfe\/wp-json\/wp\/v2\/posts"}],"about":[{"href":"https:\/\/tvnativoos.com.br\/wfe\/wp-json\/wp\/v2\/types\/post"}],"author":[{"embeddable":true,"href":"https:\/\/tvnativoos.com.br\/wfe\/wp-json\/wp\/v2\/users\/3"}],"replies":[{"embeddable":true,"href":"https:\/\/tvnativoos.com.br\/wfe\/wp-json\/wp\/v2\/comments?post=4375"}],"version-history":[{"count":1,"href":"https:\/\/tvnativoos.com.br\/wfe\/wp-json\/wp\/v2\/posts\/4375\/revisions"}],"predecessor-version":[{"id":4377,"href":"https:\/\/tvnativoos.com.br\/wfe\/wp-json\/wp\/v2\/posts\/4375\/revisions\/4377"}],"wp:featuredmedia":[{"embeddable":true,"href":"https:\/\/tvnativoos.com.br\/wfe\/wp-json\/wp\/v2\/media\/4376"}],"wp:attachment":[{"href":"https:\/\/tvnativoos.com.br\/wfe\/wp-json\/wp\/v2\/media?parent=4375"}],"wp:term":[{"taxonomy":"category","embeddable":true,"href":"https:\/\/tvnativoos.com.br\/wfe\/wp-json\/wp\/v2\/categories?post=4375"},{"taxonomy":"post_tag","embeddable":true,"href":"https:\/\/tvnativoos.com.br\/wfe\/wp-json\/wp\/v2\/tags?post=4375"}],"curies":[{"name":"wp","href":"https:\/\/api.w.org\/{rel}","templated":true}]}}