{"id":3770,"date":"2023-01-09T19:44:12","date_gmt":"2023-01-09T19:44:12","guid":{"rendered":"https:\/\/tvnativoos.com.br\/wfe\/?p=3770"},"modified":"2023-01-09T19:44:15","modified_gmt":"2023-01-09T19:44:15","slug":"parceria-entre-prefeitura-de-tramandai-e-iniciativa-privada-embeleza-a-avenida-ubatuba","status":"publish","type":"post","link":"https:\/\/tvnativoos.com.br\/wfe\/parceria-entre-prefeitura-de-tramandai-e-iniciativa-privada-embeleza-a-avenida-ubatuba\/","title":{"rendered":"Parceria entre prefeitura de Tramanda\u00ed e iniciativa privada embeleza a Avenida Ubatuba"},"content":{"rendered":"\n<p>O Prefeito Luiz Carlos Gauto e o Vice-prefeito Flavinho Corso visitaram na tarde da \u00faltima quinta-feira (05\/01), o trecho revitalizado do canteiro central da Avenida Ubatuba de Farias, promovida pelo empres\u00e1rio Charles Alex Vieira, da Charles Vieira Im\u00f3veis.<\/p>\n\n\n\n<p>O local recebeu um deck em madeira com bancos, uma mesa, paisagismo e a tradicional frase EU\u2764\ufe0fTRAMANDA\u00cd.<\/p>\n\n\n\n<p>\u201cQueremos parabenizar o Charles Vieira pela iniciativa e destacar a qualidade do material empregado nesta revitaliza\u00e7\u00e3o. Essas parcerias s\u00e3o fundamentais para o crescimento da cidade\u201d, destacou o Prefeito Luiz Carlos Gauto.<\/p>\n\n\n\n<p>Trechos da Avenida Ubatuba de Farias tamb\u00e9m est\u00e3o recebendo o plantio de \u00e1rvores, em uma a\u00e7\u00e3o entre o Gabinete do Prefeito e a Secretaria do Meio Ambiente.<\/p>\n\n\n\n<p>\u201cNosso agradecimento a todos que trabalham pela evolu\u00e7\u00e3o de nosso munic\u00edpio. Lembramos a popula\u00e7\u00e3o que estamos colocando asfalto novo na avenida Ubatuba de Farias, atendendo mais um pedido da nossa popula\u00e7\u00e3o\u201d, explicou o Vice-prefeito Flavinho Corso.<\/p>\n\n\n\n<p>Tamb\u00e9m participaram do encontro o Vereador Leandro da LS, o Corretor de Im\u00f3veis Henrique Lemos e o Chefe de Gabinete do Vice-prefeito, Mateus Guimar\u00e3es.<\/p>\n\n\n\n<p>Empresas e grupos que tiverem interesse em adotar uma pra\u00e7a, um canteiro ou espa\u00e7os p\u00fablicos, podem entrar em contato com o Gabinete do Prefeito por meio do n\u00famero 51 3684-9046.<\/p>\n\n\n\n<p>A Charles Vieira Im\u00f3veis est\u00e1 localizada na Avenida Ubatuba de Farias, 525, pr\u00f3ximo a beira-mar.<\/p>\n\n\n\n<p>Se inscreva em nosso canal do&nbsp;<strong><a href=\"https:\/\/www.youtube.com\/@tvnativoos\">youtube.com\/@tvnativoos<\/a><\/strong>, curta nossa p\u00e1gina no&nbsp;<strong><a href=\"https:\/\/www.facebook.com\/tvnativoos\">facebook<\/a><\/strong>,&nbsp;<strong><a href=\"https:\/\/www.instagram.com\/tvnativoos\/\">instagram<\/a><\/strong>&nbsp;e veja nossa programa\u00e7\u00e3o ao vivo pelo canal 6 da Claro Net ou pelo portal&nbsp;<strong><a href=\"http:\/\/tvnativoos.com.br\/wfe\/\">tvnativoos.com.br.<\/a><\/strong><\/p>\n\n\n\n<p>No m\u00eas de mar\u00e7o a&nbsp;<strong><a href=\"http:\/\/tvnativoos.com.br\/wfe\/\">TV Nativoos<\/a><\/strong>&nbsp;est\u00e1 programando muitas novidades na \u00e1rea de comunica\u00e7\u00e3o!!<\/p>\n\n\n\n<p>Texto: Alanna Hanna (ASCOM)<br> Foto\/imagem: Lucas Goulart (ASCOM)<br> Produ\u00e7\u00e3o: Assessoria de Comunica\u00e7\u00e3o Social da Prefeitura de Tramanda\u00ed (ASCOM)<br> Jornalista respons\u00e1vel: Maxwell Bernardes &#8211; Registro Profissional19572\/RS<\/p>\n","protected":false},"excerpt":{"rendered":"<p>O Prefeito Luiz Carlos Gauto e o Vice-prefeito Flavinho Corso visitaram na tarde da \u00faltima quinta-feira (05\/01), o trecho revitalizado do canteiro central da Avenida Ubatuba de Farias, promovida pelo empres\u00e1rio Charles Alex Vieira, da Charles Vieira Im\u00f3veis. O local recebeu um deck em madeira com bancos, uma mesa, paisagismo e a tradicional frase EU\u2764\ufe0fTRAMANDA\u00cd. [&hellip;]<\/p>\n","protected":false},"author":3,"featured_media":3771,"comment_status":"closed","ping_status":"open","sticky":false,"template":"","format":"standard","meta":{"footnotes":""},"categories":[8],"tags":[179,37,74,65],"class_list":["post-3770","post","type-post","status-publish","format-standard","has-post-thumbnail","hentry","category-noticias","tag-prefeitura","tag-tramandai","tag-turismo","tag-tvnativoos"],"cc_featured_image_caption":{"caption_text":"","source_text":"","source_url":""},"_links":{"self":[{"href":"https:\/\/tvnativoos.com.br\/wfe\/wp-json\/wp\/v2\/posts\/3770","targetHints":{"allow":["GET"]}}],"collection":[{"href":"https:\/\/tvnativoos.com.br\/wfe\/wp-json\/wp\/v2\/posts"}],"about":[{"href":"https:\/\/tvnativoos.com.br\/wfe\/wp-json\/wp\/v2\/types\/post"}],"author":[{"embeddable":true,"href":"https:\/\/tvnativoos.com.br\/wfe\/wp-json\/wp\/v2\/users\/3"}],"replies":[{"embeddable":true,"href":"https:\/\/tvnativoos.com.br\/wfe\/wp-json\/wp\/v2\/comments?post=3770"}],"version-history":[{"count":1,"href":"https:\/\/tvnativoos.com.br\/wfe\/wp-json\/wp\/v2\/posts\/3770\/revisions"}],"predecessor-version":[{"id":3772,"href":"https:\/\/tvnativoos.com.br\/wfe\/wp-json\/wp\/v2\/posts\/3770\/revisions\/3772"}],"wp:featuredmedia":[{"embeddable":true,"href":"https:\/\/tvnativoos.com.br\/wfe\/wp-json\/wp\/v2\/media\/3771"}],"wp:attachment":[{"href":"https:\/\/tvnativoos.com.br\/wfe\/wp-json\/wp\/v2\/media?parent=3770"}],"wp:term":[{"taxonomy":"category","embeddable":true,"href":"https:\/\/tvnativoos.com.br\/wfe\/wp-json\/wp\/v2\/categories?post=3770"},{"taxonomy":"post_tag","embeddable":true,"href":"https:\/\/tvnativoos.com.br\/wfe\/wp-json\/wp\/v2\/tags?post=3770"}],"curies":[{"name":"wp","href":"https:\/\/api.w.org\/{rel}","templated":true}]}}