{"id":32752,"date":"2026-09-03T20:26:04","date_gmt":"2026-09-03T20:26:04","guid":{"rendered":"https:\/\/tvnativoos.com.br\/wfe\/?p=32752"},"modified":"2026-09-03T20:26:07","modified_gmt":"2026-09-03T20:26:07","slug":"clima-e-tempo-antes-de-frio-intenso-quinta-feira-tem-sol-nuvens-e-chuva-isolada-no-rs","status":"publish","type":"post","link":"https:\/\/tvnativoos.com.br\/wfe\/clima-e-tempo-antes-de-frio-intenso-quinta-feira-tem-sol-nuvens-e-chuva-isolada-no-rs\/","title":{"rendered":"Clima e tempo &#8211; Antes de frio intenso, quinta-feira tem sol, nuvens e chuva isolada no RS"},"content":{"rendered":"\n<p class=\"wp-block-paragraph\">Porto Alegre ir\u00e1 registrar m\u00e1xima de 26\u00b0C, mas meteorologia indica RS com temperaturas de -5\u00b0C no final de semana<\/p>\n\n\n\n<p class=\"wp-block-paragraph\">O Rio Grande do Sul ter\u00e1 uma quinta-feira de tempo inst\u00e1vel e temperaturas elevadas antes da chegada de uma intensa massa de ar frio durante o feriad\u00e3o. Segundo a\u00a0MetSul Meteorologia, o sol aparece com nuvens em todo o Estado, mas uma\u00a0<strong>frente fria de fraca atividade<\/strong>, associada ao avan\u00e7o de ar frio pela Argentina e pelo Uruguai, deve provocar mudan\u00e7a nas condi\u00e7\u00f5es do tempo ao longo do dia.Play Video<\/p>\n\n\n<div class=\"g g-6\"><div class=\"g-dyn a-7 c-1\"><a class=\"gofollow\" data-track=\"Nyw2LDYw\" href=\"https:\/\/inovaimoveis.rs\/\" target=\"_blank\"><img decoding=\"async\" src=\"http:\/\/tvnativoos.com.br\/wfe\/wp-content\/uploads\/2023\/06\/Banner-Inova-300x214-1.jpeg\" \/><\/a><\/div><div class=\"g-dyn a-6 c-2\"><a class=\"gofollow\" data-track=\"Niw2LDYw\" href=\"#\" target=\"_blank\"><img decoding=\"async\" src=\"http:\/\/tvnativoos.com.br\/wfe\/wp-content\/uploads\/2023\/01\/banner-agua-kangen-e1701887476486.jpeg\" \/><\/a><\/div><div class=\"g-dyn a-39 c-3\"><a class=\"gofollow\" data-track=\"MzksNiw2MA==\" href=\"https:\/\/tvnativoos.com.br\/wfe\/\" target=\"_blank\"><img decoding=\"async\" src=\"http:\/\/tvnativoos.com.br\/wfe\/wp-content\/uploads\/2024\/05\/WhatsApp-Image-2024-05-17-at-19.58.28.jpeg\" \/><\/a><\/div><div class=\"g-dyn a-4 c-4\"><a class=\"gofollow\" data-track=\"NCw2LDYw\" href=\"https:\/\/arquitetalaurabaltar.com.br\/wfe\/\" target=\"_blank\"><img decoding=\"async\" src=\"http:\/\/tvnativoos.com.br\/wfe\/wp-content\/uploads\/2025\/01\/01-1.png\" \/><\/a><\/div><div class=\"g-dyn a-62 c-5\"><a class=\"gofollow\" data-track=\"NjIsNiw2MA==\" href=\": http:\/\/teliga.corsan.com.br\" target=\"_blank\"><img decoding=\"async\" src=\"http:\/\/tvnativoos.com.br\/wfe\/wp-content\/uploads\/2026\/02\/WhatsApp-Image-2026-02-19-at-17.23.17.jpeg\" \/><\/a><\/div><div class=\"g-dyn a-58 c-6\"><a class=\"gofollow\" data-track=\"NTgsNiw2MA==\" href=\"https:\/\/tramandai.rs.gov.br\/noticias.php?url=bm90aWNpYXNfaWQ9JzE4NDY3Jw==\" target=\"_blank\"><img decoding=\"async\" src=\"http:\/\/tvnativoos.com.br\/wfe\/wp-content\/uploads\/2026\/08\/300x250.png\" \/><\/a><\/div><\/div>\n\n\n<p class=\"wp-block-paragraph\">A instabilidade deve atingir inicialmente a metade sul e avan\u00e7ar, posteriormente, em dire\u00e7\u00e3o ao leste ga\u00facho at\u00e9 o fim do dia. Tamb\u00e9m h\u00e1 possibilidade de chuva isolada no centro do Estado entre a tarde e a noite. Em Porto Alegre, a previs\u00e3o indica sol e nuvens, com chance de instabilidade no per\u00edodo noturno. A temperatura na Capital deve oscilar entre 11\u00b0C e 26\u00b0C.<\/p>\n\n\n\n<p class=\"wp-block-paragraph\">A maior amplitude t\u00e9rmica prevista para esta quinta-feira ser\u00e1 em Crici\u00fama, em Santa Catarina, onde os term\u00f4metros devem variar de 10\u00b0C a 29\u00b0C, uma diferen\u00e7a de 19\u00b0C entre a m\u00ednima e a m\u00e1xima. J\u00e1 a menor oscila\u00e7\u00e3o ocorre em Chu\u00ed, no Sul do Estado, e em Rio Grande, com varia\u00e7\u00e3o de 7\u00b0C: as temperaturas devem ficar entre 12\u00b0C e 19\u00b0C e 13\u00b0C e 19\u00b0C, respectivamente. Nas duas cidades, a previs\u00e3o \u00e9 de sol e chuva.<\/p>\n\n\n\n<p class=\"wp-block-paragraph\">Enquanto a quinta-feira ainda ser\u00e1 marcada por temperaturas mais elevadas, o cen\u00e1rio muda radicalmente nos pr\u00f3ximos dias. Uma\u00a0<strong>intensa massa de ar frio<\/strong>, considerada pela MetSul uma das mais fortes deste ano, deve avan\u00e7ar sobre estados das regi\u00f5es Sul, Centro-Oeste e Sudeste, provocando acentuada queda das temperaturas.<\/p>\n\n\n<div class=\"g g-7\"><div class=\"g-dyn a-58 c-1\"><a class=\"gofollow\" data-track=\"NTgsNyw2MA==\" href=\"https:\/\/tramandai.rs.gov.br\/noticias.php?url=bm90aWNpYXNfaWQ9JzE4NDY3Jw==\" target=\"_blank\"><img decoding=\"async\" src=\"http:\/\/tvnativoos.com.br\/wfe\/wp-content\/uploads\/2026\/08\/300x250.png\" \/><\/a><\/div><div class=\"g-dyn a-7 c-2\"><a class=\"gofollow\" data-track=\"Nyw3LDYw\" href=\"https:\/\/inovaimoveis.rs\/\" target=\"_blank\"><img decoding=\"async\" src=\"http:\/\/tvnativoos.com.br\/wfe\/wp-content\/uploads\/2023\/06\/Banner-Inova-300x214-1.jpeg\" \/><\/a><\/div><div class=\"g-dyn a-8 c-3\"><a class=\"gofollow\" data-track=\"OCw3LDYw\" href=\"https:\/\/www.facebook.com\/sonia.conti.7545\" target=\"_blank\"><img decoding=\"async\" src=\"http:\/\/tvnativoos.com.br\/wfe\/wp-content\/uploads\/2023\/06\/BANNERS-350X250-SONIA-CONTI-1-300x214-1.jpg\" \/><\/a><\/div><div class=\"g-dyn a-62 c-4\"><a class=\"gofollow\" data-track=\"NjIsNyw2MA==\" href=\": http:\/\/teliga.corsan.com.br\" target=\"_blank\"><img decoding=\"async\" src=\"http:\/\/tvnativoos.com.br\/wfe\/wp-content\/uploads\/2026\/02\/WhatsApp-Image-2026-02-19-at-17.23.17.jpeg\" \/><\/a><\/div><div class=\"g-dyn a-4 c-5\"><a class=\"gofollow\" data-track=\"NCw3LDYw\" href=\"https:\/\/arquitetalaurabaltar.com.br\/wfe\/\" target=\"_blank\"><img decoding=\"async\" src=\"http:\/\/tvnativoos.com.br\/wfe\/wp-content\/uploads\/2025\/01\/01-1.png\" \/><\/a><\/div><div class=\"g-dyn a-6 c-6\"><a class=\"gofollow\" data-track=\"Niw3LDYw\" href=\"#\" target=\"_blank\"><img decoding=\"async\" src=\"http:\/\/tvnativoos.com.br\/wfe\/wp-content\/uploads\/2023\/01\/banner-agua-kangen-e1701887476486.jpeg\" \/><\/a><\/div><div class=\"g-dyn a-39 c-7\"><a class=\"gofollow\" data-track=\"MzksNyw2MA==\" href=\"https:\/\/tvnativoos.com.br\/wfe\/\" target=\"_blank\"><img decoding=\"async\" src=\"http:\/\/tvnativoos.com.br\/wfe\/wp-content\/uploads\/2024\/05\/WhatsApp-Image-2024-05-17-at-19.58.28.jpeg\" \/><\/a><\/div><\/div>\n\n\n<h3 class=\"wp-block-heading\">Frio intenso e temperaturas abaixo de zero<\/h3>\n\n\n\n<p class=\"wp-block-paragraph\">O ar frio come\u00e7a a ingressar pelo Sul ga\u00facho nesta sexta-feira, mas a parcela mais intensa da massa de ar polar deve chegar durante o fim de semana. As madrugadas de domingo e segunda-feira tendem a ser as mais frias do per\u00edodo, com possibilidade de\u00a0<strong>temperaturas entre -3\u00b0C e -5\u00b0C<\/strong>\u00a0nos pontos mais elevados e frios do Rio Grande do Sul.<\/p>\n\n\n\n<p class=\"wp-block-paragraph\">Tamb\u00e9m h\u00e1 previs\u00e3o de geada em diversas regi\u00f5es do Estado. Modelos meteorol\u00f3gicos consultados pela MetSul indicam, ainda, possibilidade de chuva congelada ou neve em \u00e1reas de maior altitude da metade norte, especialmente nos Campos de Cima da Serra, entre domingo e segunda-feira.&nbsp;<\/p>\n\n\n\n<p class=\"wp-block-paragraph\">Se inscreva em nosso canal do youtube.com\/@tvnativoos, curta nossa p\u00e1gina no facebook, instagram e o nosso portal\u00a0<a href=\"http:\/\/www.tvnativoos.com.br\/\">http:\/\/www.tvnativoos.com.br<\/a><\/p>\n","protected":false},"excerpt":{"rendered":"<p>Porto Alegre ir\u00e1 registrar m\u00e1xima de 26\u00b0C, mas meteorologia indica RS com temperaturas de -5\u00b0C no final de semana O [&hellip;]<\/p>\n","protected":false},"author":2,"featured_media":32702,"comment_status":"closed","ping_status":"closed","sticky":false,"template":"","format":"standard","meta":{"site-sidebar-layout":"default","site-content-layout":"","ast-site-content-layout":"default","site-content-style":"default","site-sidebar-style":"default","ast-global-header-display":"","ast-banner-title-visibility":"","ast-main-header-display":"","ast-hfb-above-header-display":"","ast-hfb-below-header-display":"","ast-hfb-mobile-header-display":"","site-post-title":"","ast-breadcrumbs-content":"","ast-featured-img":"","footer-sml-layout":"","ast-disable-related-posts":"","theme-transparent-header-meta":"","adv-header-id-meta":"","stick-header-meta":"","header-above-stick-meta":"","header-main-stick-meta":"","header-below-stick-meta":"","astra-migrate-meta-layouts":"default","ast-page-background-enabled":"default","ast-page-background-meta":{"desktop":{"background-color":"var(--ast-global-color-5)","background-image":"","background-repeat":"repeat","background-position":"center center","background-size":"auto","background-attachment":"scroll","background-type":"","background-media":"","overlay-type":"","overlay-color":"","overlay-opacity":"","overlay-gradient":""},"tablet":{"background-color":"","background-image":"","background-repeat":"repeat","background-position":"center center","background-size":"auto","background-attachment":"scroll","background-type":"","background-media":"","overlay-type":"","overlay-color":"","overlay-opacity":"","overlay-gradient":""},"mobile":{"background-color":"","background-image":"","background-repeat":"repeat","background-position":"center center","background-size":"auto","background-attachment":"scroll","background-type":"","background-media":"","overlay-type":"","overlay-color":"","overlay-opacity":"","overlay-gradient":""}},"ast-content-background-meta":{"desktop":{"background-color":"var(--ast-global-color-4)","background-image":"","background-repeat":"repeat","background-position":"center center","background-size":"auto","background-attachment":"scroll","background-type":"","background-media":"","overlay-type":"","overlay-color":"","overlay-opacity":"","overlay-gradient":""},"tablet":{"background-color":"var(--ast-global-color-4)","background-image":"","background-repeat":"repeat","background-position":"center center","background-size":"auto","background-attachment":"scroll","background-type":"","background-media":"","overlay-type":"","overlay-color":"","overlay-opacity":"","overlay-gradient":""},"mobile":{"background-color":"var(--ast-global-color-4)","background-image":"","background-repeat":"repeat","background-position":"center center","background-size":"auto","background-attachment":"scroll","background-type":"","background-media":"","overlay-type":"","overlay-color":"","overlay-opacity":"","overlay-gradient":""}},"footnotes":""},"categories":[8,2718],"tags":[3458,65],"class_list":["post-32752","post","type-post","status-publish","format-standard","has-post-thumbnail","hentry","category-noticias","category-primavera-2025","tag-tempo-clima","tag-tvnativoos"],"cc_featured_image_caption":{"caption_text":"","source_text":"","source_url":""},"_links":{"self":[{"href":"https:\/\/tvnativoos.com.br\/wfe\/wp-json\/wp\/v2\/posts\/32752","targetHints":{"allow":["GET"]}}],"collection":[{"href":"https:\/\/tvnativoos.com.br\/wfe\/wp-json\/wp\/v2\/posts"}],"about":[{"href":"https:\/\/tvnativoos.com.br\/wfe\/wp-json\/wp\/v2\/types\/post"}],"author":[{"embeddable":true,"href":"https:\/\/tvnativoos.com.br\/wfe\/wp-json\/wp\/v2\/users\/2"}],"replies":[{"embeddable":true,"href":"https:\/\/tvnativoos.com.br\/wfe\/wp-json\/wp\/v2\/comments?post=32752"}],"version-history":[{"count":1,"href":"https:\/\/tvnativoos.com.br\/wfe\/wp-json\/wp\/v2\/posts\/32752\/revisions"}],"predecessor-version":[{"id":32753,"href":"https:\/\/tvnativoos.com.br\/wfe\/wp-json\/wp\/v2\/posts\/32752\/revisions\/32753"}],"wp:featuredmedia":[{"embeddable":true,"href":"https:\/\/tvnativoos.com.br\/wfe\/wp-json\/wp\/v2\/media\/32702"}],"wp:attachment":[{"href":"https:\/\/tvnativoos.com.br\/wfe\/wp-json\/wp\/v2\/media?parent=32752"}],"wp:term":[{"taxonomy":"category","embeddable":true,"href":"https:\/\/tvnativoos.com.br\/wfe\/wp-json\/wp\/v2\/categories?post=32752"},{"taxonomy":"post_tag","embeddable":true,"href":"https:\/\/tvnativoos.com.br\/wfe\/wp-json\/wp\/v2\/tags?post=32752"}],"curies":[{"name":"wp","href":"https:\/\/api.w.org\/{rel}","templated":true}]}}