{"id":32747,"date":"2026-09-02T13:47:28","date_gmt":"2026-09-02T13:47:28","guid":{"rendered":"https:\/\/tvnativoos.com.br\/wfe\/?p=32747"},"modified":"2026-09-02T13:51:29","modified_gmt":"2026-09-02T13:51:29","slug":"clima-e-tempo-sol-predomina-no-rs-nesta-quarta-feira","status":"publish","type":"post","link":"https:\/\/tvnativoos.com.br\/wfe\/clima-e-tempo-sol-predomina-no-rs-nesta-quarta-feira\/","title":{"rendered":"Clima e Tempo: Sol predomina no RS nesta quarta-feira"},"content":{"rendered":"\n<p class=\"wp-block-paragraph\">Massa de ar seco e frio garante dia de sol e temperaturas agrad\u00e1veis na maior parte do territ\u00f3rio ga\u00facho<\/p>\n\n\n\n<p class=\"wp-block-paragraph\">De acordo com novo boletim da\u00a0Metsul, uma massa de ar seco e frio garante uma\u00a0<strong>quarta-feira de sol e poucas nuvens no Rio Grande do Sul<\/strong>. O dia come\u00e7a com temperaturas baixas, principalmente na Serra, na Campanha e no Sul do Estado, mas sem previs\u00e3o de frio intenso.Play Video<\/p>\n\n\n\n<p class=\"wp-block-paragraph\">A menor temperatura entre os munic\u00edpios ga\u00fachos do quadro \u00e9 prevista para Ausentes, com 5\u00b0C. No decorrer do dia, por\u00e9m, o ar frio perde for\u00e7a e favorece a eleva\u00e7\u00e3o das temperaturas. A tarde ser\u00e1 agrad\u00e1vel, com m\u00e1ximas ao redor ou acima dos 20\u00b0C na maior parte do territ\u00f3rio ga\u00facho. Santa Rosa deve registrar a maior m\u00e1xima, com 25\u00b0C.<\/p>\n\n\n<div class=\"g g-6\"><div class=\"g-dyn a-7 c-1\"><a class=\"gofollow\" data-track=\"Nyw2LDYw\" href=\"https:\/\/inovaimoveis.rs\/\" target=\"_blank\"><img decoding=\"async\" src=\"http:\/\/tvnativoos.com.br\/wfe\/wp-content\/uploads\/2023\/06\/Banner-Inova-300x214-1.jpeg\" \/><\/a><\/div><div class=\"g-dyn a-39 c-2\"><a class=\"gofollow\" data-track=\"MzksNiw2MA==\" href=\"https:\/\/tvnativoos.com.br\/wfe\/\" target=\"_blank\"><img decoding=\"async\" src=\"http:\/\/tvnativoos.com.br\/wfe\/wp-content\/uploads\/2024\/05\/WhatsApp-Image-2024-05-17-at-19.58.28.jpeg\" \/><\/a><\/div><div class=\"g-dyn a-62 c-3\"><a class=\"gofollow\" data-track=\"NjIsNiw2MA==\" href=\": http:\/\/teliga.corsan.com.br\" target=\"_blank\"><img decoding=\"async\" src=\"http:\/\/tvnativoos.com.br\/wfe\/wp-content\/uploads\/2026\/02\/WhatsApp-Image-2026-02-19-at-17.23.17.jpeg\" \/><\/a><\/div><div class=\"g-dyn a-4 c-4\"><a class=\"gofollow\" data-track=\"NCw2LDYw\" href=\"https:\/\/arquitetalaurabaltar.com.br\/wfe\/\" target=\"_blank\"><img decoding=\"async\" src=\"http:\/\/tvnativoos.com.br\/wfe\/wp-content\/uploads\/2025\/01\/01-1.png\" \/><\/a><\/div><div class=\"g-dyn a-58 c-5\"><a class=\"gofollow\" data-track=\"NTgsNiw2MA==\" href=\"https:\/\/tramandai.rs.gov.br\/noticias.php?url=bm90aWNpYXNfaWQ9JzE4NDY3Jw==\" target=\"_blank\"><img decoding=\"async\" src=\"http:\/\/tvnativoos.com.br\/wfe\/wp-content\/uploads\/2026\/08\/300x250.png\" \/><\/a><\/div><div class=\"g-dyn a-6 c-6\"><a class=\"gofollow\" data-track=\"Niw2LDYw\" href=\"#\" target=\"_blank\"><img decoding=\"async\" src=\"http:\/\/tvnativoos.com.br\/wfe\/wp-content\/uploads\/2023\/01\/banner-agua-kangen-e1701887476486.jpeg\" \/><\/a><\/div><\/div>\n\n\n<h3 class=\"wp-block-heading\">Varia\u00e7\u00e3o de temperatura na Capital e Sul do Estado<\/h3>\n\n\n\n<p class=\"wp-block-paragraph\">O contraste t\u00e9rmico ser\u00e1 maior no Sul do Estado, onde as m\u00e1ximas ficam mais baixas. Rio Grande e Chu\u00ed, por exemplo, n\u00e3o devem passar dos 18\u00b0C. Em Porto Alegre, a temperatura varia entre 11\u00b0C e 22\u00b0C.<\/p>\n\n\n\n<h3 class=\"wp-block-heading\">Impacto do ciclone extratropical diminui no RS<\/h3>\n\n\n\n<p class=\"wp-block-paragraph\">O ciclone extratropical que se formou na costa j\u00e1 estar\u00e1 mais distante do Rio Grande do Sul nesta quarta-feira, e o vento deve soprar predominantemente fraco. O sistema foi respons\u00e1vel pela\u00a0<strong>grande altern\u00e2ncia das condi\u00e7\u00f5es do tempo observada nesta ter\u00e7a-feira<\/strong>, quando per\u00edodos de sol e chuva se intercalaram em Porto Alegre e em outras cidades ga\u00fachas.<\/p>\n\n\n<div class=\"g g-7\"><div class=\"g-dyn a-6 c-1\"><a class=\"gofollow\" data-track=\"Niw3LDYw\" href=\"#\" target=\"_blank\"><img decoding=\"async\" src=\"http:\/\/tvnativoos.com.br\/wfe\/wp-content\/uploads\/2023\/01\/banner-agua-kangen-e1701887476486.jpeg\" \/><\/a><\/div><div class=\"g-dyn a-39 c-2\"><a class=\"gofollow\" data-track=\"MzksNyw2MA==\" href=\"https:\/\/tvnativoos.com.br\/wfe\/\" target=\"_blank\"><img decoding=\"async\" src=\"http:\/\/tvnativoos.com.br\/wfe\/wp-content\/uploads\/2024\/05\/WhatsApp-Image-2024-05-17-at-19.58.28.jpeg\" \/><\/a><\/div><div class=\"g-dyn a-62 c-3\"><a class=\"gofollow\" data-track=\"NjIsNyw2MA==\" href=\": http:\/\/teliga.corsan.com.br\" target=\"_blank\"><img decoding=\"async\" src=\"http:\/\/tvnativoos.com.br\/wfe\/wp-content\/uploads\/2026\/02\/WhatsApp-Image-2026-02-19-at-17.23.17.jpeg\" \/><\/a><\/div><div class=\"g-dyn a-7 c-4\"><a class=\"gofollow\" data-track=\"Nyw3LDYw\" href=\"https:\/\/inovaimoveis.rs\/\" target=\"_blank\"><img decoding=\"async\" src=\"http:\/\/tvnativoos.com.br\/wfe\/wp-content\/uploads\/2023\/06\/Banner-Inova-300x214-1.jpeg\" \/><\/a><\/div><div class=\"g-dyn a-4 c-5\"><a class=\"gofollow\" data-track=\"NCw3LDYw\" href=\"https:\/\/arquitetalaurabaltar.com.br\/wfe\/\" target=\"_blank\"><img decoding=\"async\" src=\"http:\/\/tvnativoos.com.br\/wfe\/wp-content\/uploads\/2025\/01\/01-1.png\" \/><\/a><\/div><div class=\"g-dyn a-8 c-6\"><a class=\"gofollow\" data-track=\"OCw3LDYw\" href=\"https:\/\/www.facebook.com\/sonia.conti.7545\" target=\"_blank\"><img decoding=\"async\" src=\"http:\/\/tvnativoos.com.br\/wfe\/wp-content\/uploads\/2023\/06\/BANNERS-350X250-SONIA-CONTI-1-300x214-1.jpg\" \/><\/a><\/div><div class=\"g-dyn a-58 c-7\"><a class=\"gofollow\" data-track=\"NTgsNyw2MA==\" href=\"https:\/\/tramandai.rs.gov.br\/noticias.php?url=bm90aWNpYXNfaWQ9JzE4NDY3Jw==\" target=\"_blank\"><img decoding=\"async\" src=\"http:\/\/tvnativoos.com.br\/wfe\/wp-content\/uploads\/2026\/08\/300x250.png\" \/><\/a><\/div><\/div>\n\n\n<p class=\"wp-block-paragraph\">Registro de imagem de sat\u00e9lite meteorol\u00f3gico da tarde de ontem mostra o ciclone extratropical sobre o Oceano Atl\u00e2ntico, a Leste do Sul do Brasil, e a frente fria associada ao sistema avan\u00e7ando pela Regi\u00e3o Sudeste. Embora chamativo na imagem, o ciclone n\u00e3o era muito intenso e, por isso, n\u00e3o provocou vento forte no Rio Grande do Sul.<\/p>\n\n\n\n<p class=\"wp-block-paragraph\">A circula\u00e7\u00e3o de umidade associada ao ciclone tamb\u00e9m impulsionou uma massa de ar frio de fraca intensidade, respons\u00e1vel pelo tempo mais ameno. O cen\u00e1rio, no entanto, deve mudar no final da semana, quando uma\u00a0<strong>incurs\u00e3o de ar frio mais intensa trar\u00e1 dias gelados ao Estado<\/strong>.<\/p>\n\n\n\n<p class=\"wp-block-paragraph\">Cr\u00e9dito:&nbsp;<a href=\"https:\/\/metsul.com\/\">MetSul\/CP<\/a><\/p>\n\n\n\n<figure class=\"wp-block-image\"><img decoding=\"async\" src=\"https:\/\/www.correiodopovo.com.br\/image\/contentid\/policy:1.1744235:1788302108\/WhatsApp-Image-2026-09-01-at-19-24-00.jpeg?f=3x2&amp;q=0.9&amp;w=800&amp;$p$f$q$w=721257d\" alt=\"\" title=\"\"\/><\/figure>\n\n\n\n<p class=\"wp-block-paragraph\">\u00a0\u00a0Fonte: Correio do Povo<\/p>\n\n\n\n<p class=\"wp-block-paragraph\">Se inscreva em nosso canal do youtube.com\/@tvnativoos, curta nossa p\u00e1gina no facebook, instagram e o nosso portal\u00a0<a href=\"http:\/\/www.tvnativoos.com.br\/\">http:\/\/www.tvnativoos.com.br<\/a><\/p>\n","protected":false},"excerpt":{"rendered":"<p>Massa de ar seco e frio garante dia de sol e temperaturas agrad\u00e1veis na maior parte do territ\u00f3rio ga\u00facho De [&hellip;]<\/p>\n","protected":false},"author":2,"featured_media":32748,"comment_status":"closed","ping_status":"closed","sticky":false,"template":"","format":"standard","meta":{"site-sidebar-layout":"default","site-content-layout":"","ast-site-content-layout":"default","site-content-style":"default","site-sidebar-style":"default","ast-global-header-display":"","ast-banner-title-visibility":"","ast-main-header-display":"","ast-hfb-above-header-display":"","ast-hfb-below-header-display":"","ast-hfb-mobile-header-display":"","site-post-title":"","ast-breadcrumbs-content":"","ast-featured-img":"","footer-sml-layout":"","ast-disable-related-posts":"","theme-transparent-header-meta":"","adv-header-id-meta":"","stick-header-meta":"","header-above-stick-meta":"","header-main-stick-meta":"","header-below-stick-meta":"","astra-migrate-meta-layouts":"default","ast-page-background-enabled":"default","ast-page-background-meta":{"desktop":{"background-color":"var(--ast-global-color-5)","background-image":"","background-repeat":"repeat","background-position":"center center","background-size":"auto","background-attachment":"scroll","background-type":"","background-media":"","overlay-type":"","overlay-color":"","overlay-opacity":"","overlay-gradient":""},"tablet":{"background-color":"","background-image":"","background-repeat":"repeat","background-position":"center center","background-size":"auto","background-attachment":"scroll","background-type":"","background-media":"","overlay-type":"","overlay-color":"","overlay-opacity":"","overlay-gradient":""},"mobile":{"background-color":"","background-image":"","background-repeat":"repeat","background-position":"center center","background-size":"auto","background-attachment":"scroll","background-type":"","background-media":"","overlay-type":"","overlay-color":"","overlay-opacity":"","overlay-gradient":""}},"ast-content-background-meta":{"desktop":{"background-color":"var(--ast-global-color-4)","background-image":"","background-repeat":"repeat","background-position":"center center","background-size":"auto","background-attachment":"scroll","background-type":"","background-media":"","overlay-type":"","overlay-color":"","overlay-opacity":"","overlay-gradient":""},"tablet":{"background-color":"var(--ast-global-color-4)","background-image":"","background-repeat":"repeat","background-position":"center center","background-size":"auto","background-attachment":"scroll","background-type":"","background-media":"","overlay-type":"","overlay-color":"","overlay-opacity":"","overlay-gradient":""},"mobile":{"background-color":"var(--ast-global-color-4)","background-image":"","background-repeat":"repeat","background-position":"center center","background-size":"auto","background-attachment":"scroll","background-type":"","background-media":"","overlay-type":"","overlay-color":"","overlay-opacity":"","overlay-gradient":""}},"footnotes":""},"categories":[8,2718],"tags":[3456,65],"class_list":["post-32747","post","type-post","status-publish","format-standard","has-post-thumbnail","hentry","category-noticias","category-primavera-2025","tag-clima-tempo","tag-tvnativoos"],"cc_featured_image_caption":{"caption_text":"","source_text":"","source_url":""},"_links":{"self":[{"href":"https:\/\/tvnativoos.com.br\/wfe\/wp-json\/wp\/v2\/posts\/32747","targetHints":{"allow":["GET"]}}],"collection":[{"href":"https:\/\/tvnativoos.com.br\/wfe\/wp-json\/wp\/v2\/posts"}],"about":[{"href":"https:\/\/tvnativoos.com.br\/wfe\/wp-json\/wp\/v2\/types\/post"}],"author":[{"embeddable":true,"href":"https:\/\/tvnativoos.com.br\/wfe\/wp-json\/wp\/v2\/users\/2"}],"replies":[{"embeddable":true,"href":"https:\/\/tvnativoos.com.br\/wfe\/wp-json\/wp\/v2\/comments?post=32747"}],"version-history":[{"count":1,"href":"https:\/\/tvnativoos.com.br\/wfe\/wp-json\/wp\/v2\/posts\/32747\/revisions"}],"predecessor-version":[{"id":32749,"href":"https:\/\/tvnativoos.com.br\/wfe\/wp-json\/wp\/v2\/posts\/32747\/revisions\/32749"}],"wp:featuredmedia":[{"embeddable":true,"href":"https:\/\/tvnativoos.com.br\/wfe\/wp-json\/wp\/v2\/media\/32748"}],"wp:attachment":[{"href":"https:\/\/tvnativoos.com.br\/wfe\/wp-json\/wp\/v2\/media?parent=32747"}],"wp:term":[{"taxonomy":"category","embeddable":true,"href":"https:\/\/tvnativoos.com.br\/wfe\/wp-json\/wp\/v2\/categories?post=32747"},{"taxonomy":"post_tag","embeddable":true,"href":"https:\/\/tvnativoos.com.br\/wfe\/wp-json\/wp\/v2\/tags?post=32747"}],"curies":[{"name":"wp","href":"https:\/\/api.w.org\/{rel}","templated":true}]}}