{"id":32255,"date":"2026-05-01T12:35:41","date_gmt":"2026-05-01T12:35:41","guid":{"rendered":"https:\/\/tvnativoos.com.br\/wfe\/?p=32255"},"modified":"2026-05-01T12:35:55","modified_gmt":"2026-05-01T12:35:55","slug":"1o-de-maio-conquistas-historicas-desafios-persistentes-e-o-reconhecimento-que-ainda-nao-chegou-para-todos-os-trabalhadores","status":"publish","type":"post","link":"https:\/\/tvnativoos.com.br\/wfe\/1o-de-maio-conquistas-historicas-desafios-persistentes-e-o-reconhecimento-que-ainda-nao-chegou-para-todos-os-trabalhadores\/","title":{"rendered":"1\u00ba de Maio: conquistas hist\u00f3ricas, desafios persistentes e o reconhecimento que ainda n\u00e3o chegou para todos os trabalhadores"},"content":{"rendered":"\n<p>Neste Dia do Trabalhador, o Brasil e o mundo celebram mais do que uma data simb\u00f3lica: celebram uma trajet\u00f3ria marcada por lutas intensas, avan\u00e7os significativos e, ao mesmo tempo, desafios que seguem exigindo aten\u00e7\u00e3o urgente.<\/p>\n\n\n\n<h3 class=\"wp-block-heading\">Das jornadas exaustivas aos direitos fundamentais<\/h3>\n\n\n\n<figure class=\"wp-block-image\"><img decoding=\"async\" src=\"https:\/\/images.openai.com\/static-rsc-4\/dMK77GBLc3YjUvGGe93KIjFeAKRfXZVVR0IPRyCKyJQjDZFduGyzRiUUoJuCiEXBKeoRtznNa17vDE8hqUhpxK1IFjggEsgQMDLrx0bocO7tNenOo3p6GuHygDJ6WAFZyOe1BzD6CwjDdaHmkY75Db9DGR_4CIRWzyFTQY97o6M?purpose=inline\" alt=\"https:\/\/images.openai.com\/static-rsc-4\/d4EqGG8c28OyhYr7pkXkxhWNf7nIwQiq55nQd_AOFoyswz-GpUbI6K79iYlUcGe7Kp5JOrydzfp2mBMnFEsrylVBDQ8MO_w5Zj_nlGQ5oyZWMCwY8KagT9JAR5fBBr3S172Skf0KK8ybQYMzqjdMZ_eViJHOwZ4PQzTZR_QSfRagWQmmiDbobfGvfP5a4Hfb?purpose=fullsize\"\/><\/figure>\n\n\n\n<figure class=\"wp-block-image\"><img decoding=\"async\" src=\"https:\/\/images.openai.com\/static-rsc-4\/idYa23KPQljdLE1CyATIM7wVlGLQvTNoljvOKbjSujc4k2wChG1klwV0KWl109vkA6FkfZgc4AycA_o_keq51lbg4lf_6fke0CZNW1E10W6l-xoQMbiGSF0_liJ6fpvl3rUgTNtwVMVHCEY5c2wzmiutNgEQ4STnx44UKNpBYvk?purpose=inline\" alt=\"https:\/\/images.openai.com\/static-rsc-4\/fQXMC5mD0lmXJfflzzgblo2tw6uTqiPu_Yl0twgIM-xdfqF6ZGmCS7wj1FzrP-VR45i8Fp3xe7Lxkoct8wi_HkRGt5vD7OMA-1oNRA-vpCeXaNXuOmK7zo3V52OI51rPf2rAFyxD8jFarILS7PaMxObDQmo2gYuLz5MhwRnizd8wupYGcKe8UyWHlwMPAgcg?purpose=fullsize\"\/><\/figure>\n\n\n\n<figure class=\"wp-block-image\"><img decoding=\"async\" src=\"https:\/\/images.openai.com\/static-rsc-4\/T6cT6ciVR7q717sXJ1tVvpdtG4-KiEp6okRwYI9t9OCAPuA-C1A_xU9GkWLunPiESFIp-Zv74xTV6TIj5TWteZwV3yzprv7u7hf4RqgWA7-b3_UO0wXiuRBaOcyT9_jsiIA3E0nm1cutN1KJcgUSVYRUx2SBK7i7Vco4rLHnz2E?purpose=inline\" alt=\"https:\/\/images.openai.com\/static-rsc-4\/SoZ45XwO4vDA9JyKchtqtTCera5hdNlDxIIS40J1AMpEmOjMAfmwNgdV5-7WQfqyn09e9qwPJhKPRX1uvWeICNi05Awzse2uaftn19AM8t5HzZcBgePJNDCNtBNojKP9MdDFuLC63M_AdWmbPOLngWX6P1TvZH8k7PteROyO6SgykfKvn2f5e9B5smBFR9sY?purpose=fullsize\"\/><\/figure>\n\n\n<div class=\"g g-6\"><div class=\"g-dyn a-4 c-1\"><a class=\"gofollow\" data-track=\"NCw2LDYw\" href=\"https:\/\/arquitetalaurabaltar.com.br\/wfe\/\" target=\"_blank\"><img decoding=\"async\" src=\"http:\/\/tvnativoos.com.br\/wfe\/wp-content\/uploads\/2025\/01\/01-1.png\" \/><\/a><\/div><div class=\"g-dyn a-6 c-2\"><a class=\"gofollow\" data-track=\"Niw2LDYw\" href=\"#\" target=\"_blank\"><img decoding=\"async\" src=\"http:\/\/tvnativoos.com.br\/wfe\/wp-content\/uploads\/2023\/01\/banner-agua-kangen-e1701887476486.jpeg\" \/><\/a><\/div><div class=\"g-dyn a-7 c-3\"><a class=\"gofollow\" data-track=\"Nyw2LDYw\" href=\"https:\/\/inovaimoveis.rs\/\" target=\"_blank\"><img decoding=\"async\" src=\"http:\/\/tvnativoos.com.br\/wfe\/wp-content\/uploads\/2023\/06\/Banner-Inova-300x214-1.jpeg\" \/><\/a><\/div><div class=\"g-dyn a-62 c-4\"><a class=\"gofollow\" data-track=\"NjIsNiw2MA==\" href=\": http:\/\/teliga.corsan.com.br\" target=\"_blank\"><img decoding=\"async\" src=\"http:\/\/tvnativoos.com.br\/wfe\/wp-content\/uploads\/2026\/02\/WhatsApp-Image-2026-02-19-at-17.23.17.jpeg\" \/><\/a><\/div><div class=\"g-dyn a-39 c-5\"><a class=\"gofollow\" data-track=\"MzksNiw2MA==\" href=\"https:\/\/tvnativoos.com.br\/wfe\/\" target=\"_blank\"><img decoding=\"async\" src=\"http:\/\/tvnativoos.com.br\/wfe\/wp-content\/uploads\/2024\/05\/WhatsApp-Image-2024-05-17-at-19.58.28.jpeg\" \/><\/a><\/div><div class=\"g-dyn a-58 c-6\"><a class=\"gofollow\" data-track=\"NTgsNiw2MA==\" href=\"https:\/\/transformar.tramandai.rs.gov.br\/\"><img decoding=\"async\" src=\"http:\/\/tvnativoos.com.br\/wfe\/wp-content\/uploads\/2026\/03\/TV-Nativoos-300-x-250-px.png\" \/><\/a><\/div><\/div>\n\n\n<p>A origem do 1\u00ba de maio remonta ao s\u00e9culo XIX, quando trabalhadores enfrentavam jornadas de at\u00e9 16 horas di\u00e1rias, sem garantias m\u00ednimas de seguran\u00e7a ou dignidade. Movimentos grevistas, como os que ocorreram nos Estados Unidos e na Europa, pressionaram governos e empregadores a reconhecer direitos b\u00e1sicos.<\/p>\n\n\n\n<p>Com o passar das d\u00e9cadas, conquistas importantes foram consolidadas, como:<\/p>\n\n\n\n<ul class=\"wp-block-list\">\n<li>Jornada de trabalho limitada (8 horas di\u00e1rias)<\/li>\n\n\n\n<li>Direito a f\u00e9rias remuneradas<\/li>\n\n\n\n<li>Descanso semanal<\/li>\n\n\n\n<li>Licen\u00e7a-maternidade<\/li>\n\n\n\n<li>Sal\u00e1rio m\u00ednimo<\/li>\n\n\n\n<li>Seguran\u00e7a no ambiente de trabalho<\/li>\n<\/ul>\n\n\n\n<p>No Brasil, marcos como a Consolida\u00e7\u00e3o das Leis do Trabalho (CLT) ajudaram a estruturar a prote\u00e7\u00e3o ao trabalhador, criando uma base legal que ainda sustenta rela\u00e7\u00f5es trabalhistas.<\/p>\n\n\n\n<h3 class=\"wp-block-heading\">Avan\u00e7os no s\u00e9culo XXI: tecnologia e novos direitos<\/h3>\n\n\n\n<figure class=\"wp-block-image\"><img decoding=\"async\" src=\"https:\/\/images.openai.com\/static-rsc-4\/qAOlTvRYyok3otMR77qFwXRvrTkV9uGBJonyoFCCDKjaHOVOYdOIqW5cYgN6akNZ66p8vC25cwmr5mItgciyysabcmP63PVX5xP9NEZQvaGYRAs2d6TjOCo5b06HoYmbbvmDBJJqChzENWLhy0SbUWo_ofN08_YZWga_D5_mmGM?purpose=inline\" alt=\"https:\/\/images.openai.com\/static-rsc-4\/AhjldBomMr-PSM4OEWs_kZAbl0PZtpu-xepujAtYmBs_G8-BzYxCh4CoArTqclMZpEsCW48yKzqAZi3Ci38Dq9pVY-4_t38vUO9j85I8MBjDBsU1cUTzPlNOXToQ6DgLJsP05_3hEftoV_9HRJObjTjHw9h3nFm4iZg2kWoWPdvWVHj_4G_bRPL-FQ1OYwr5?purpose=fullsize\"\/><\/figure>\n\n\n\n<figure class=\"wp-block-image\"><img decoding=\"async\" src=\"https:\/\/images.openai.com\/static-rsc-4\/KntfjPnc3WYLC6ceAuc-5xBXwS4E7LXVSQ75pUKbGgJARBRe6tr0gYRzIXFV7Xi9x46kPD5TQkF4vVmjXyeE0BCfxV1lLzg5VQRc2MPlWF_JnLUvkiDLluuRPsCkrBp4JJzta0K1QcUun4RgxQqZv86HnRO-yXRY-nABtr6i0CA?purpose=inline\" alt=\"https:\/\/images.openai.com\/static-rsc-4\/wW2oztl8ZhHS3YHBoGVpyT2vTAocDjSKknGBAwJiBdIcM0ApKo0Qn_25kYQuaoAanS1AaLpDWJPfbzopDxy5njvI1IIgB7dbREFcnahizy051Ugf_uKZQKFAi_5nWElN-TdGyiXJq0Ma3SKfCFKv4CojT9Mi7kUP3TYFJcWfDhGbIyKGUrRkOuZ9gkr2ABso?purpose=fullsize\"\/><\/figure>\n\n\n\n<figure class=\"wp-block-image\"><img decoding=\"async\" src=\"https:\/\/images.openai.com\/static-rsc-4\/RvjGLfrcCad-YzemYd7J4JMt201CkI71F1_mz-T7x63jENd6Q9bnwkrl2OjX4tjtPEH26pVJI-lrmsBf6Vk47Z2CdV7D7NNN5UTLGYG1-0_KoI7JZ0yNe-P6OdRCncEL7cRhDnFxzlavWEAB5iPdJ029uFXpAyhGY9uCWmNDiyc?purpose=inline\" alt=\"https:\/\/images.openai.com\/static-rsc-4\/YfTXz0aGBbBoQ1OUbyFb5S0XZXwuLtuRkhA0p-n1wAiIcAtbZvaLwtYpTN14Zom1S4B4dHz-OGazHvADZbiu6l4MN-ZGMLk6MbInPfW7vIKbsIsbQMZlpvUzu0uEJnBizphHL8hle3XFsrwfbKM7zulMRBQKQvhT5HhhjfB5-cRahC3QZOXZWU4_ywbW3G0k?purpose=fullsize\"\/><\/figure>\n\n\n<div class=\"g g-7\"><div class=\"g-dyn a-6 c-1\"><a class=\"gofollow\" data-track=\"Niw3LDYw\" href=\"#\" target=\"_blank\"><img decoding=\"async\" src=\"http:\/\/tvnativoos.com.br\/wfe\/wp-content\/uploads\/2023\/01\/banner-agua-kangen-e1701887476486.jpeg\" \/><\/a><\/div><div class=\"g-dyn a-58 c-2\"><a class=\"gofollow\" data-track=\"NTgsNyw2MA==\" href=\"https:\/\/transformar.tramandai.rs.gov.br\/\"><img decoding=\"async\" src=\"http:\/\/tvnativoos.com.br\/wfe\/wp-content\/uploads\/2026\/03\/TV-Nativoos-300-x-250-px.png\" \/><\/a><\/div><div class=\"g-dyn a-62 c-3\"><a class=\"gofollow\" data-track=\"NjIsNyw2MA==\" href=\": http:\/\/teliga.corsan.com.br\" target=\"_blank\"><img decoding=\"async\" src=\"http:\/\/tvnativoos.com.br\/wfe\/wp-content\/uploads\/2026\/02\/WhatsApp-Image-2026-02-19-at-17.23.17.jpeg\" \/><\/a><\/div><div class=\"g-dyn a-39 c-4\"><a class=\"gofollow\" data-track=\"MzksNyw2MA==\" href=\"https:\/\/tvnativoos.com.br\/wfe\/\" target=\"_blank\"><img decoding=\"async\" src=\"http:\/\/tvnativoos.com.br\/wfe\/wp-content\/uploads\/2024\/05\/WhatsApp-Image-2024-05-17-at-19.58.28.jpeg\" \/><\/a><\/div><div class=\"g-dyn a-4 c-5\"><a class=\"gofollow\" data-track=\"NCw3LDYw\" href=\"https:\/\/arquitetalaurabaltar.com.br\/wfe\/\" target=\"_blank\"><img decoding=\"async\" src=\"http:\/\/tvnativoos.com.br\/wfe\/wp-content\/uploads\/2025\/01\/01-1.png\" \/><\/a><\/div><div class=\"g-dyn a-7 c-6\"><a class=\"gofollow\" data-track=\"Nyw3LDYw\" href=\"https:\/\/inovaimoveis.rs\/\" target=\"_blank\"><img decoding=\"async\" src=\"http:\/\/tvnativoos.com.br\/wfe\/wp-content\/uploads\/2023\/06\/Banner-Inova-300x214-1.jpeg\" \/><\/a><\/div><div class=\"g-dyn a-8 c-7\"><a class=\"gofollow\" data-track=\"OCw3LDYw\" href=\"https:\/\/www.facebook.com\/sonia.conti.7545\" target=\"_blank\"><img decoding=\"async\" src=\"http:\/\/tvnativoos.com.br\/wfe\/wp-content\/uploads\/2023\/06\/BANNERS-350X250-SONIA-CONTI-1-300x214-1.jpg\" \/><\/a><\/div><\/div>\n\n\n<p>O s\u00e9culo XXI trouxe novas formas de trabalho e, com elas, novos debates. A digitaliza\u00e7\u00e3o e o avan\u00e7o tecnol\u00f3gico abriram portas para o home office, flexibiliza\u00e7\u00e3o de hor\u00e1rios e surgimento da economia de plataformas.<\/p>\n\n\n\n<p>Entre os avan\u00e7os recentes, destacam-se:<\/p>\n\n\n\n<ul class=\"wp-block-list\">\n<li>Maior discuss\u00e3o sobre sa\u00fade mental no trabalho<\/li>\n\n\n\n<li>Inclus\u00e3o e diversidade nas empresas<\/li>\n\n\n\n<li>Expans\u00e3o do trabalho remoto<\/li>\n\n\n\n<li>Novas regulamenta\u00e7\u00f5es para trabalhadores de aplicativos (em debate)<\/li>\n<\/ul>\n\n\n\n<p>No entanto, essas transforma\u00e7\u00f5es tamb\u00e9m escancararam desigualdades.<\/p>\n\n\n\n<h3 class=\"wp-block-heading\">O que ainda falta: reconhecimento al\u00e9m do discurso<\/h3>\n\n\n\n<figure class=\"wp-block-image\"><img decoding=\"async\" src=\"https:\/\/images.openai.com\/static-rsc-4\/jREU-6aCfCp9wsVLY7dAR-5CTxV1KHIOXjnsFkQGVtYmxIYF8MR-erRv3MExv0FtcSduD2op4hX5TcUaWzMihB1JZ0mj6TQQ7a8pECMGJ9s4hO9tWGxM8kK7XVNFxDZjEzxF7D2GjkxA_7HvNENhp8zPMyS_CfyvnqSXcFdwUp0?purpose=inline\" alt=\"https:\/\/images.openai.com\/static-rsc-4\/q1JJdFj1Boe33NiPgKOnOFYAndYxT5C-lJC04nKYwQRWFcrHB-pnaYDy-a_-J9P-unxV1f3jWJ5st9qOjHBvkEBBjwG-8QioGq0243owncVtVb7MADnLnaJR7A-gMTTMiR36DfChVZ6PBM6H_HSr7Me9qFyMAkKCv8dPQsRc8RBrTR78wA31jlHaMqtP1M5z?purpose=fullsize\"\/><\/figure>\n\n\n\n<figure class=\"wp-block-image\"><img decoding=\"async\" src=\"https:\/\/images.openai.com\/static-rsc-4\/xoH0MZJV3KDA7uEq-f0oizXp5X84XiXfwHtszUqMg9HFHYadImSqbOT1GAHGFDD_6oJtT2pd5aj-RrFQfvVE4FIbWx4HZTcZ7vwj5CJz-r7KDrcJNJu2dDv4GQAHYhPQOs36-0mZTy_ewbiCaA7tCCt5YnCbngnHW6F55dy1e4w?purpose=inline\" alt=\"https:\/\/images.openai.com\/static-rsc-4\/--KSZswHZiH2Vz1ubjgZcNf9UVX4SgEPnKDUBn7eQwSLC4K9Mit42HAUlzdNJ8xbMRVvTlkLaS91W0PdxdeKMXe0CpJB61CYJ_UHPoFhI9hVL9REY0wS-u1r4lHsDvxMappNhwyx8PVELIdsbHgJR5SIatP6Ad9PcZdo3If5HNFVPo5xjfNJuUOin1QeqOit?purpose=fullsize\"\/><\/figure>\n\n\n\n<figure class=\"wp-block-image\"><img decoding=\"async\" src=\"https:\/\/images.openai.com\/static-rsc-4\/1xndBM3fLJMyfeMwFvyAAR3X54QJu4Qm1k63dWCb43vVLF_fe1gYEcgoXT8E_CWwbDN7O-HbQw4x1B2A0aFj5KZh7dt88qNMe77OFWYuJ_eNh4cc8YWrbhfEj9kk3vd8MEh0C09gkKMj44d1A5HJqoAOEJBj4Is6Nos3ZR9-FjI?purpose=inline\" alt=\"https:\/\/images.openai.com\/static-rsc-4\/fuuvXY-Phg7NgvDOpiLKGXbsC0FPczTm0kqSPvyNqakatcA-d0Zm-NQ2sYDIqI6h3z4_NwJX9zX5D2_z-gonxTKW8zi1md9fUsBgYIPEsepakuF9dES6Rd3Vj6TOcMQR1aIGSgcsinWf91twVIA_r_9DdD2ByBWEk5s8DHUq23hnLHmTtaHy8pD0jeeu3Rko?purpose=fullsize\"\/><\/figure>\n\n\n\n<p>Apesar das conquistas, milh\u00f5es de trabalhadores ainda enfrentam uma realidade distante do ideal. Entre os principais desafios atuais est\u00e3o:<\/p>\n\n\n\n<ul class=\"wp-block-list\">\n<li><strong>Informalidade elevada:<\/strong> grande parte da popula\u00e7\u00e3o ainda trabalha sem carteira assinada ou prote\u00e7\u00e3o social<\/li>\n\n\n\n<li><strong>Baixos sal\u00e1rios:<\/strong> em muitos setores, a remunera\u00e7\u00e3o n\u00e3o acompanha o custo de vida<\/li>\n\n\n\n<li><strong>Excesso de jornada:<\/strong> horas extras frequentes e sobrecarga, especialmente em setores essenciais<\/li>\n\n\n\n<li><strong>Falta de valoriza\u00e7\u00e3o:<\/strong> profissionais essenciais, como sa\u00fade, educa\u00e7\u00e3o e servi\u00e7os, muitas vezes n\u00e3o recebem o reconhecimento proporcional \u00e0 sua import\u00e2ncia<\/li>\n\n\n\n<li><strong>Sa\u00fade mental:<\/strong> burnout e estresse tornaram-se cada vez mais comuns<\/li>\n\n\n\n<li><strong>Desigualdade de oportunidades:<\/strong> diferen\u00e7as salariais e de acesso ainda persistem, especialmente para mulheres e minorias<\/li>\n<\/ul>\n\n\n\n<p>Especialistas apontam que o verdadeiro reconhecimento vai al\u00e9m de homenagens e discursos institucionais. Ele passa por pol\u00edticas p\u00fablicas eficazes, valoriza\u00e7\u00e3o salarial, condi\u00e7\u00f5es dignas de trabalho e inclus\u00e3o real.<\/p>\n\n\n\n<h3 class=\"wp-block-heading\">Um dia de reflex\u00e3o e a\u00e7\u00e3o<\/h3>\n\n\n\n<p>O Dia do Trabalhador n\u00e3o \u00e9 apenas uma celebra\u00e7\u00e3o, mas tamb\u00e9m um lembrete: os direitos conquistados foram resultado de luta coletiva \u2014 e os avan\u00e7os futuros depender\u00e3o da continuidade desse movimento.<\/p>\n\n\n\n<p>Enquanto h\u00e1 motivos para comemorar, tamb\u00e9m h\u00e1 urg\u00eancia em agir. O desafio \u00e9 claro: transformar reconhecimento simb\u00f3lico em valoriza\u00e7\u00e3o concreta.<\/p>\n\n\n\n<p>Porque, no fim, o trabalho move o mundo \u2014 e quem o realiza merece mais do que aplausos.<\/p>\n\n\n\n<p>Se inscreva em nosso canal do youtube.com\/@tvnativoos, curta nossa p\u00e1gina no facebook, instagram e o nosso portal\u00a0<a href=\"http:\/\/www.tvnativoos.com.br\/\">http:\/\/www.tvnativoos.com.br<\/a><\/p>\n","protected":false},"excerpt":{"rendered":"<p>Neste Dia do Trabalhador, o Brasil e o mundo celebram mais do que uma data simb\u00f3lica: celebram uma trajet\u00f3ria marcada por lutas intensas, avan\u00e7os significativos e, ao mesmo tempo, desafios que seguem exigindo aten\u00e7\u00e3o urgente. Das jornadas exaustivas aos direitos fundamentais A origem do 1\u00ba de maio remonta ao s\u00e9culo XIX, quando trabalhadores enfrentavam jornadas [&hellip;]<\/p>\n","protected":false},"author":2,"featured_media":32256,"comment_status":"closed","ping_status":"closed","sticky":false,"template":"","format":"standard","meta":{"footnotes":""},"categories":[8,2718],"tags":[24,37,65],"class_list":["post-32255","post","type-post","status-publish","format-standard","has-post-thumbnail","hentry","category-noticias","category-primavera-2025","tag-imbe","tag-tramandai","tag-tvnativoos"],"cc_featured_image_caption":{"caption_text":"","source_text":"","source_url":""},"_links":{"self":[{"href":"https:\/\/tvnativoos.com.br\/wfe\/wp-json\/wp\/v2\/posts\/32255","targetHints":{"allow":["GET"]}}],"collection":[{"href":"https:\/\/tvnativoos.com.br\/wfe\/wp-json\/wp\/v2\/posts"}],"about":[{"href":"https:\/\/tvnativoos.com.br\/wfe\/wp-json\/wp\/v2\/types\/post"}],"author":[{"embeddable":true,"href":"https:\/\/tvnativoos.com.br\/wfe\/wp-json\/wp\/v2\/users\/2"}],"replies":[{"embeddable":true,"href":"https:\/\/tvnativoos.com.br\/wfe\/wp-json\/wp\/v2\/comments?post=32255"}],"version-history":[{"count":1,"href":"https:\/\/tvnativoos.com.br\/wfe\/wp-json\/wp\/v2\/posts\/32255\/revisions"}],"predecessor-version":[{"id":32257,"href":"https:\/\/tvnativoos.com.br\/wfe\/wp-json\/wp\/v2\/posts\/32255\/revisions\/32257"}],"wp:featuredmedia":[{"embeddable":true,"href":"https:\/\/tvnativoos.com.br\/wfe\/wp-json\/wp\/v2\/media\/32256"}],"wp:attachment":[{"href":"https:\/\/tvnativoos.com.br\/wfe\/wp-json\/wp\/v2\/media?parent=32255"}],"wp:term":[{"taxonomy":"category","embeddable":true,"href":"https:\/\/tvnativoos.com.br\/wfe\/wp-json\/wp\/v2\/categories?post=32255"},{"taxonomy":"post_tag","embeddable":true,"href":"https:\/\/tvnativoos.com.br\/wfe\/wp-json\/wp\/v2\/tags?post=32255"}],"curies":[{"name":"wp","href":"https:\/\/api.w.org\/{rel}","templated":true}]}}