{"id":31960,"date":"2026-03-16T12:21:39","date_gmt":"2026-03-16T12:21:39","guid":{"rendered":"https:\/\/tvnativoos.com.br\/wfe\/?p=31960"},"modified":"2026-03-16T12:21:39","modified_gmt":"2026-03-16T12:21:39","slug":"clima-semana-comeca-com-calor-intenso-no-rs-e-maximas-podem-chegar-a-40-c","status":"publish","type":"post","link":"https:\/\/tvnativoos.com.br\/wfe\/clima-semana-comeca-com-calor-intenso-no-rs-e-maximas-podem-chegar-a-40-c\/","title":{"rendered":"Clima &#8211; Semana come\u00e7a com calor intenso no RS e m\u00e1ximas podem chegar a 40 \u00b0C"},"content":{"rendered":"\n<p>Com predom\u00ednio de sol, a segunda-feira ser\u00e1 marcada por temperaturas elevadas em todo o estado ga\u00facho<\/p>\n\n\n<div class=\"g g-6\"><div class=\"g-dyn a-39 c-1\"><a class=\"gofollow\" data-track=\"MzksNiw2MA==\" href=\"https:\/\/tvnativoos.com.br\/wfe\/\" target=\"_blank\"><img decoding=\"async\" src=\"http:\/\/tvnativoos.com.br\/wfe\/wp-content\/uploads\/2024\/05\/WhatsApp-Image-2024-05-17-at-19.58.28.jpeg\" \/><\/a><\/div><div class=\"g-dyn a-6 c-2\"><a class=\"gofollow\" data-track=\"Niw2LDYw\" href=\"#\" target=\"_blank\"><img decoding=\"async\" src=\"http:\/\/tvnativoos.com.br\/wfe\/wp-content\/uploads\/2023\/01\/banner-agua-kangen-e1701887476486.jpeg\" \/><\/a><\/div><div class=\"g-dyn a-7 c-3\"><a class=\"gofollow\" data-track=\"Nyw2LDYw\" href=\"https:\/\/inovaimoveis.rs\/\" target=\"_blank\"><img decoding=\"async\" src=\"http:\/\/tvnativoos.com.br\/wfe\/wp-content\/uploads\/2023\/06\/Banner-Inova-300x214-1.jpeg\" \/><\/a><\/div><div class=\"g-dyn a-4 c-4\"><a class=\"gofollow\" data-track=\"NCw2LDYw\" href=\"https:\/\/arquitetalaurabaltar.com.br\/wfe\/\" target=\"_blank\"><img decoding=\"async\" src=\"http:\/\/tvnativoos.com.br\/wfe\/wp-content\/uploads\/2025\/01\/01-1.png\" \/><\/a><\/div><div class=\"g-dyn a-62 c-5\"><a class=\"gofollow\" data-track=\"NjIsNiw2MA==\" href=\": http:\/\/teliga.corsan.com.br\" target=\"_blank\"><img decoding=\"async\" src=\"http:\/\/tvnativoos.com.br\/wfe\/wp-content\/uploads\/2026\/02\/WhatsApp-Image-2026-02-19-at-17.23.17.jpeg\" \/><\/a><\/div><div class=\"g-dyn a-58 c-6\"><a class=\"gofollow\" data-track=\"NTgsNiw2MA==\" href=\"https:\/\/transformar.tramandai.rs.gov.br\/\"><img decoding=\"async\" src=\"http:\/\/tvnativoos.com.br\/wfe\/wp-content\/uploads\/2026\/03\/TV-Nativoos-300-x-250-px.png\" \/><\/a><\/div><\/div>\n\n\n<p>O sol predomina em todo o&nbsp;<a href=\"https:\/\/www.correiodopovo.com.br\/topicos\/Tag\/rio%20grande%20do%20sul\" target=\"_blank\" rel=\"noreferrer noopener\"><strong>Rio Grande do Sul<\/strong><\/a>&nbsp;nesta segunda-feira, 16, com per\u00edodos de c\u00e9u claro ou poucas nuvens ao longo do dia. Ap\u00f3s um in\u00edcio de manh\u00e3 com temperaturas mais amenas, o avan\u00e7o de uma massa de ar quente de origem tropical provoca r\u00e1pida eleva\u00e7\u00e3o dos term\u00f4metros.<\/p>\n\n\n<div class=\"g g-7\"><div class=\"g-dyn a-58 c-1\"><a class=\"gofollow\" data-track=\"NTgsNyw2MA==\" href=\"https:\/\/transformar.tramandai.rs.gov.br\/\"><img decoding=\"async\" src=\"http:\/\/tvnativoos.com.br\/wfe\/wp-content\/uploads\/2026\/03\/TV-Nativoos-300-x-250-px.png\" \/><\/a><\/div><div class=\"g-dyn a-39 c-2\"><a class=\"gofollow\" data-track=\"MzksNyw2MA==\" href=\"https:\/\/tvnativoos.com.br\/wfe\/\" target=\"_blank\"><img decoding=\"async\" src=\"http:\/\/tvnativoos.com.br\/wfe\/wp-content\/uploads\/2024\/05\/WhatsApp-Image-2024-05-17-at-19.58.28.jpeg\" \/><\/a><\/div><div class=\"g-dyn a-7 c-3\"><a class=\"gofollow\" data-track=\"Nyw3LDYw\" href=\"https:\/\/inovaimoveis.rs\/\" target=\"_blank\"><img decoding=\"async\" src=\"http:\/\/tvnativoos.com.br\/wfe\/wp-content\/uploads\/2023\/06\/Banner-Inova-300x214-1.jpeg\" \/><\/a><\/div><div class=\"g-dyn a-6 c-4\"><a class=\"gofollow\" data-track=\"Niw3LDYw\" href=\"#\" target=\"_blank\"><img decoding=\"async\" src=\"http:\/\/tvnativoos.com.br\/wfe\/wp-content\/uploads\/2023\/01\/banner-agua-kangen-e1701887476486.jpeg\" \/><\/a><\/div><div class=\"g-dyn a-62 c-5\"><a class=\"gofollow\" data-track=\"NjIsNyw2MA==\" href=\": http:\/\/teliga.corsan.com.br\" target=\"_blank\"><img decoding=\"async\" src=\"http:\/\/tvnativoos.com.br\/wfe\/wp-content\/uploads\/2026\/02\/WhatsApp-Image-2026-02-19-at-17.23.17.jpeg\" \/><\/a><\/div><div class=\"g-dyn a-4 c-6\"><a class=\"gofollow\" data-track=\"NCw3LDYw\" href=\"https:\/\/arquitetalaurabaltar.com.br\/wfe\/\" target=\"_blank\"><img decoding=\"async\" src=\"http:\/\/tvnativoos.com.br\/wfe\/wp-content\/uploads\/2025\/01\/01-1.png\" \/><\/a><\/div><div class=\"g-dyn a-8 c-7\"><a class=\"gofollow\" data-track=\"OCw3LDYw\" href=\"https:\/\/www.facebook.com\/sonia.conti.7545\" target=\"_blank\"><img decoding=\"async\" src=\"http:\/\/tvnativoos.com.br\/wfe\/wp-content\/uploads\/2023\/06\/BANNERS-350X250-SONIA-CONTI-1-300x214-1.jpg\" \/><\/a><\/div><\/div>\n\n\n<p>Segundo a&nbsp;<a href=\"https:\/\/www.correiodopovo.com.br\/topicos\/Tag\/metsul%20meteorologia\" target=\"_blank\" rel=\"noreferrer noopener\"><strong>MetSul Meteorologia<\/strong><\/a>, durante a tarde, as m\u00e1ximas devem ficar pr\u00f3ximas ou em torno de 35 \u00b0C na maior parte das cidades ga\u00fachas. Em alguns pontos do estado, inclusive na regi\u00e3o metropolitana, as temperaturas podem variar entre 37 \u00b0C e 40 \u00b0C.<\/p>\n\n\n\n<p>Com o calor muito intenso, h\u00e1 possibilidade de instabilidade isolada entre a tarde e a noite. N\u00e3o se descarta a ocorr\u00eancia de pancadas de chuva ou temporais em poucos locais e de forma bastante localizada.<\/p>\n\n\n<div class=\"g g-8\"><div class=\"g-dyn a-44 c-1\"><a href=\"https:\/\/tvnativoos.com.br\/wfe\/radio-online-costeira-nativa\/\" target=\"_blank\"><img decoding=\"async\" src=\"http:\/\/tvnativoos.com.br\/wfe\/wp-content\/uploads\/2024\/06\/radiocosteiranativa-1.jpeg\" \/><\/a><\/div><div class=\"g-dyn a-45 c-2\"><a href=\"https:\/\/tvnativoos.com.br\/wfe\/radio-online-costeira-nativa\/\" target=\"_blank\"><img decoding=\"async\" src=\"http:\/\/tvnativoos.com.br\/wfe\/wp-content\/uploads\/2024\/06\/radiocosteiranativa-2.jpeg\" \/><\/a><\/div><\/div>\n\n\n<figure class=\"wp-block-image\"><img decoding=\"async\" src=\"https:\/\/www.correiodopovo.com.br\/image\/contentid\/policy:1.1697965:1773632451\/WhatsApp-Image-2026-03-15-at-19-11-51.jpeg?f=default&amp;q=0.9&amp;w=800&amp;$p$f$q$w=7e80e88\" alt=\"\" title=\"\"\/><\/figure>\n\n\n\n<p>&nbsp;&nbsp;| Foto: Leandro Maciel \/ Arte \/ CP<\/p>\n\n\n\n<p>Fonte: CP<\/p>\n\n\n\n<p>Se inscreva em nosso canal do youtube.com\/@tvnativoos, curta nossa p\u00e1gina no facebook, instagram e o nosso portal\u00a0<a href=\"http:\/\/www.tvnativoos.com.br\/\">http:\/\/www.tvnativoos.com.br<\/a><\/p>\n","protected":false},"excerpt":{"rendered":"<p>Com predom\u00ednio de sol, a segunda-feira ser\u00e1 marcada por temperaturas elevadas em todo o estado ga\u00facho O sol predomina em todo o&nbsp;Rio Grande do Sul&nbsp;nesta segunda-feira, 16, com per\u00edodos de c\u00e9u claro ou poucas nuvens ao longo do dia. Ap\u00f3s um in\u00edcio de manh\u00e3 com temperaturas mais amenas, o avan\u00e7o de uma massa de ar [&hellip;]<\/p>\n","protected":false},"author":2,"featured_media":31465,"comment_status":"closed","ping_status":"closed","sticky":false,"template":"","format":"standard","meta":{"footnotes":""},"categories":[8,2718],"tags":[689,65],"class_list":["post-31960","post","type-post","status-publish","format-standard","has-post-thumbnail","hentry","category-noticias","category-primavera-2025","tag-clima","tag-tvnativoos"],"cc_featured_image_caption":{"caption_text":"","source_text":"","source_url":""},"_links":{"self":[{"href":"https:\/\/tvnativoos.com.br\/wfe\/wp-json\/wp\/v2\/posts\/31960","targetHints":{"allow":["GET"]}}],"collection":[{"href":"https:\/\/tvnativoos.com.br\/wfe\/wp-json\/wp\/v2\/posts"}],"about":[{"href":"https:\/\/tvnativoos.com.br\/wfe\/wp-json\/wp\/v2\/types\/post"}],"author":[{"embeddable":true,"href":"https:\/\/tvnativoos.com.br\/wfe\/wp-json\/wp\/v2\/users\/2"}],"replies":[{"embeddable":true,"href":"https:\/\/tvnativoos.com.br\/wfe\/wp-json\/wp\/v2\/comments?post=31960"}],"version-history":[{"count":1,"href":"https:\/\/tvnativoos.com.br\/wfe\/wp-json\/wp\/v2\/posts\/31960\/revisions"}],"predecessor-version":[{"id":31961,"href":"https:\/\/tvnativoos.com.br\/wfe\/wp-json\/wp\/v2\/posts\/31960\/revisions\/31961"}],"wp:featuredmedia":[{"embeddable":true,"href":"https:\/\/tvnativoos.com.br\/wfe\/wp-json\/wp\/v2\/media\/31465"}],"wp:attachment":[{"href":"https:\/\/tvnativoos.com.br\/wfe\/wp-json\/wp\/v2\/media?parent=31960"}],"wp:term":[{"taxonomy":"category","embeddable":true,"href":"https:\/\/tvnativoos.com.br\/wfe\/wp-json\/wp\/v2\/categories?post=31960"},{"taxonomy":"post_tag","embeddable":true,"href":"https:\/\/tvnativoos.com.br\/wfe\/wp-json\/wp\/v2\/tags?post=31960"}],"curies":[{"name":"wp","href":"https:\/\/api.w.org\/{rel}","templated":true}]}}