{"id":31935,"date":"2026-03-08T13:27:27","date_gmt":"2026-03-08T13:27:27","guid":{"rendered":"https:\/\/tvnativoos.com.br\/wfe\/?p=31935"},"modified":"2026-03-08T13:27:30","modified_gmt":"2026-03-08T13:27:30","slug":"dia-internacional-da-mulher-historia-conquistas-e-os-desafios-que-ainda-persistem","status":"publish","type":"post","link":"https:\/\/tvnativoos.com.br\/wfe\/dia-internacional-da-mulher-historia-conquistas-e-os-desafios-que-ainda-persistem\/","title":{"rendered":"Dia Internacional da Mulher: hist\u00f3ria, conquistas e os desafios que ainda persistem"},"content":{"rendered":"\n<p>O <strong>Dia Internacional da Mulher<\/strong>, celebrado em 8 de mar\u00e7o, \u00e9 uma data que vai muito al\u00e9m de homenagens e flores. Trata-se de um marco hist\u00f3rico de luta por direitos, igualdade e reconhecimento da import\u00e2ncia das mulheres na constru\u00e7\u00e3o da sociedade. A origem da data remonta ao in\u00edcio do s\u00e9culo XX, quando trabalhadoras passaram a se mobilizar por melhores condi\u00e7\u00f5es de trabalho, sal\u00e1rios justos e participa\u00e7\u00e3o pol\u00edtica. Em 1910, durante a Confer\u00eancia Internacional das Mulheres Socialistas, realizada em Copenhague, foi proposta a cria\u00e7\u00e3o de um dia dedicado \u00e0 luta das mulheres, iniciativa que se consolidou ao longo das d\u00e9cadas e ganhou reconhecimento mundial.<\/p>\n\n\n<div class=\"g g-6\"><div class=\"g-dyn a-7 c-1\"><a class=\"gofollow\" data-track=\"Nyw2LDYw\" href=\"https:\/\/inovaimoveis.rs\/\" target=\"_blank\"><img decoding=\"async\" src=\"http:\/\/tvnativoos.com.br\/wfe\/wp-content\/uploads\/2023\/06\/Banner-Inova-300x214-1.jpeg\" \/><\/a><\/div><div class=\"g-dyn a-39 c-2\"><a class=\"gofollow\" data-track=\"MzksNiw2MA==\" href=\"https:\/\/tvnativoos.com.br\/wfe\/\" target=\"_blank\"><img decoding=\"async\" src=\"http:\/\/tvnativoos.com.br\/wfe\/wp-content\/uploads\/2024\/05\/WhatsApp-Image-2024-05-17-at-19.58.28.jpeg\" \/><\/a><\/div><div class=\"g-dyn a-4 c-3\"><a class=\"gofollow\" data-track=\"NCw2LDYw\" href=\"https:\/\/arquitetalaurabaltar.com.br\/wfe\/\" target=\"_blank\"><img decoding=\"async\" src=\"http:\/\/tvnativoos.com.br\/wfe\/wp-content\/uploads\/2025\/01\/01-1.png\" \/><\/a><\/div><div class=\"g-dyn a-62 c-4\"><a class=\"gofollow\" data-track=\"NjIsNiw2MA==\" href=\": http:\/\/teliga.corsan.com.br\" target=\"_blank\"><img decoding=\"async\" src=\"http:\/\/tvnativoos.com.br\/wfe\/wp-content\/uploads\/2026\/02\/WhatsApp-Image-2026-02-19-at-17.23.17.jpeg\" \/><\/a><\/div><div class=\"g-dyn a-58 c-5\"><a class=\"gofollow\" data-track=\"NTgsNiw2MA==\" href=\"https:\/\/transformar.tramandai.rs.gov.br\/\"><img decoding=\"async\" src=\"http:\/\/tvnativoos.com.br\/wfe\/wp-content\/uploads\/2026\/03\/TV-Nativoos-300-x-250-px.png\" \/><\/a><\/div><div class=\"g-dyn a-6 c-6\"><a class=\"gofollow\" data-track=\"Niw2LDYw\" href=\"#\" target=\"_blank\"><img decoding=\"async\" src=\"http:\/\/tvnativoos.com.br\/wfe\/wp-content\/uploads\/2023\/01\/banner-agua-kangen-e1701887476486.jpeg\" \/><\/a><\/div><\/div>\n\n\n<p>Desde ent\u00e3o, as mulheres conquistaram avan\u00e7os significativos em diversas \u00e1reas. O direito ao voto, o acesso ampliado \u00e0 educa\u00e7\u00e3o, a presen\u00e7a crescente no mercado de trabalho e a ocupa\u00e7\u00e3o de espa\u00e7os de lideran\u00e7a pol\u00edtica, cient\u00edfica e empresarial s\u00e3o exemplos claros de uma transforma\u00e7\u00e3o social constru\u00edda com muita resist\u00eancia e perseveran\u00e7a. Hoje, mulheres desempenham pap\u00e9is fundamentais em praticamente todos os setores da sociedade, contribuindo para o desenvolvimento econ\u00f4mico, cultural e social em escala global.<\/p>\n\n\n\n<p>Apesar desses avan\u00e7os, muitos desafios ainda persistem. Um dos mais graves \u00e9 o <strong>Feminic\u00eddio<\/strong>, crime que representa o assassinato de mulheres motivado por quest\u00f5es de g\u00eanero. O problema permanece alarmante em v\u00e1rios pa\u00edses, incluindo o Brasil, e revela que a viol\u00eancia contra a mulher ainda \u00e9 uma realidade que exige aten\u00e7\u00e3o constante da sociedade e das autoridades.<\/p>\n\n\n<div class=\"g g-7\"><div class=\"g-dyn a-39 c-1\"><a class=\"gofollow\" data-track=\"MzksNyw2MA==\" href=\"https:\/\/tvnativoos.com.br\/wfe\/\" target=\"_blank\"><img decoding=\"async\" src=\"http:\/\/tvnativoos.com.br\/wfe\/wp-content\/uploads\/2024\/05\/WhatsApp-Image-2024-05-17-at-19.58.28.jpeg\" \/><\/a><\/div><div class=\"g-dyn a-62 c-2\"><a class=\"gofollow\" data-track=\"NjIsNyw2MA==\" href=\": http:\/\/teliga.corsan.com.br\" target=\"_blank\"><img decoding=\"async\" src=\"http:\/\/tvnativoos.com.br\/wfe\/wp-content\/uploads\/2026\/02\/WhatsApp-Image-2026-02-19-at-17.23.17.jpeg\" \/><\/a><\/div><div class=\"g-dyn a-4 c-3\"><a class=\"gofollow\" data-track=\"NCw3LDYw\" href=\"https:\/\/arquitetalaurabaltar.com.br\/wfe\/\" target=\"_blank\"><img decoding=\"async\" src=\"http:\/\/tvnativoos.com.br\/wfe\/wp-content\/uploads\/2025\/01\/01-1.png\" \/><\/a><\/div><div class=\"g-dyn a-6 c-4\"><a class=\"gofollow\" data-track=\"Niw3LDYw\" href=\"#\" target=\"_blank\"><img decoding=\"async\" src=\"http:\/\/tvnativoos.com.br\/wfe\/wp-content\/uploads\/2023\/01\/banner-agua-kangen-e1701887476486.jpeg\" \/><\/a><\/div><div class=\"g-dyn a-58 c-5\"><a class=\"gofollow\" data-track=\"NTgsNyw2MA==\" href=\"https:\/\/transformar.tramandai.rs.gov.br\/\"><img decoding=\"async\" src=\"http:\/\/tvnativoos.com.br\/wfe\/wp-content\/uploads\/2026\/03\/TV-Nativoos-300-x-250-px.png\" \/><\/a><\/div><div class=\"g-dyn a-7 c-6\"><a class=\"gofollow\" data-track=\"Nyw3LDYw\" href=\"https:\/\/inovaimoveis.rs\/\" target=\"_blank\"><img decoding=\"async\" src=\"http:\/\/tvnativoos.com.br\/wfe\/wp-content\/uploads\/2023\/06\/Banner-Inova-300x214-1.jpeg\" \/><\/a><\/div><div class=\"g-dyn a-8 c-7\"><a class=\"gofollow\" data-track=\"OCw3LDYw\" href=\"https:\/\/www.facebook.com\/sonia.conti.7545\" target=\"_blank\"><img decoding=\"async\" src=\"http:\/\/tvnativoos.com.br\/wfe\/wp-content\/uploads\/2023\/06\/BANNERS-350X250-SONIA-CONTI-1-300x214-1.jpg\" \/><\/a><\/div><\/div>\n\n\n<p>Entre as principais causas desse cen\u00e1rio est\u00e3o a cultura de viol\u00eancia, o machismo estrutural, rela\u00e7\u00f5es abusivas e a falta de den\u00fancia ou prote\u00e7\u00e3o adequada \u00e0s v\u00edtimas. Para enfrentar esse problema, especialistas apontam algumas medidas fundamentais: o fortalecimento de pol\u00edticas p\u00fablicas de prote\u00e7\u00e3o \u00e0s mulheres, o investimento em educa\u00e7\u00e3o para igualdade de g\u00eanero desde a inf\u00e2ncia, campanhas permanentes de conscientiza\u00e7\u00e3o, al\u00e9m de estruturas mais eficientes de acolhimento e apoio \u00e0s v\u00edtimas de viol\u00eancia dom\u00e9stica.<\/p>\n\n\n<div class=\"g g-8\"><div class=\"g-dyn a-45 c-1\"><a href=\"https:\/\/tvnativoos.com.br\/wfe\/radio-online-costeira-nativa\/\" target=\"_blank\"><img decoding=\"async\" src=\"http:\/\/tvnativoos.com.br\/wfe\/wp-content\/uploads\/2024\/06\/radiocosteiranativa-2.jpeg\" \/><\/a><\/div><div class=\"g-dyn a-44 c-2\"><a href=\"https:\/\/tvnativoos.com.br\/wfe\/radio-online-costeira-nativa\/\" target=\"_blank\"><img decoding=\"async\" src=\"http:\/\/tvnativoos.com.br\/wfe\/wp-content\/uploads\/2024\/06\/radiocosteiranativa-1.jpeg\" \/><\/a><\/div><\/div>\n\n\n<p>Mais do que uma data comemorativa, o Dia Internacional da Mulher \u00e9 um momento de reflex\u00e3o coletiva. Ele nos lembra que as conquistas femininas s\u00e3o fruto de luta e que a constru\u00e7\u00e3o de uma sociedade verdadeiramente justa depende do compromisso de todos com o respeito, a igualdade e a prote\u00e7\u00e3o da vida das mulheres. Celebrar essa data \u00e9, tamb\u00e9m, reafirmar a import\u00e2ncia de continuar avan\u00e7ando para que as pr\u00f3ximas gera\u00e7\u00f5es vivam em um mundo mais seguro, igualit\u00e1rio e humano. \ud83c\udf37<\/p>\n\n\n\n<p>Se inscreva em nosso canal do youtube.com\/@tvnativoos, curta nossa p\u00e1gina no facebook, instagram e o nosso portal\u00a0<a href=\"http:\/\/www.tvnativoos.com.br\/\">http:\/\/www.tvnativoos.com.br<\/a><\/p>\n","protected":false},"excerpt":{"rendered":"<p>O Dia Internacional da Mulher, celebrado em 8 de mar\u00e7o, \u00e9 uma data que vai muito al\u00e9m de homenagens e flores. Trata-se de um marco hist\u00f3rico de luta por direitos, igualdade e reconhecimento da import\u00e2ncia das mulheres na constru\u00e7\u00e3o da sociedade. A origem da data remonta ao in\u00edcio do s\u00e9culo XX, quando trabalhadoras passaram a [&hellip;]<\/p>\n","protected":false},"author":2,"featured_media":31937,"comment_status":"closed","ping_status":"closed","sticky":false,"template":"","format":"standard","meta":{"footnotes":""},"categories":[8,2718],"tags":[65],"class_list":["post-31935","post","type-post","status-publish","format-standard","has-post-thumbnail","hentry","category-noticias","category-primavera-2025","tag-tvnativoos"],"cc_featured_image_caption":{"caption_text":"","source_text":"","source_url":""},"_links":{"self":[{"href":"https:\/\/tvnativoos.com.br\/wfe\/wp-json\/wp\/v2\/posts\/31935","targetHints":{"allow":["GET"]}}],"collection":[{"href":"https:\/\/tvnativoos.com.br\/wfe\/wp-json\/wp\/v2\/posts"}],"about":[{"href":"https:\/\/tvnativoos.com.br\/wfe\/wp-json\/wp\/v2\/types\/post"}],"author":[{"embeddable":true,"href":"https:\/\/tvnativoos.com.br\/wfe\/wp-json\/wp\/v2\/users\/2"}],"replies":[{"embeddable":true,"href":"https:\/\/tvnativoos.com.br\/wfe\/wp-json\/wp\/v2\/comments?post=31935"}],"version-history":[{"count":1,"href":"https:\/\/tvnativoos.com.br\/wfe\/wp-json\/wp\/v2\/posts\/31935\/revisions"}],"predecessor-version":[{"id":31938,"href":"https:\/\/tvnativoos.com.br\/wfe\/wp-json\/wp\/v2\/posts\/31935\/revisions\/31938"}],"wp:featuredmedia":[{"embeddable":true,"href":"https:\/\/tvnativoos.com.br\/wfe\/wp-json\/wp\/v2\/media\/31937"}],"wp:attachment":[{"href":"https:\/\/tvnativoos.com.br\/wfe\/wp-json\/wp\/v2\/media?parent=31935"}],"wp:term":[{"taxonomy":"category","embeddable":true,"href":"https:\/\/tvnativoos.com.br\/wfe\/wp-json\/wp\/v2\/categories?post=31935"},{"taxonomy":"post_tag","embeddable":true,"href":"https:\/\/tvnativoos.com.br\/wfe\/wp-json\/wp\/v2\/tags?post=31935"}],"curies":[{"name":"wp","href":"https:\/\/api.w.org\/{rel}","templated":true}]}}