{"id":31907,"date":"2026-03-05T20:28:47","date_gmt":"2026-03-05T20:28:47","guid":{"rendered":"https:\/\/tvnativoos.com.br\/wfe\/?p=31907"},"modified":"2026-03-05T20:28:51","modified_gmt":"2026-03-05T20:28:51","slug":"diretoria-do-nucleo-de-mulheres-da-cdl-tramandai-imbe-toma-posse-e-reforca-protagonismo-feminino-no-litoral-norte","status":"publish","type":"post","link":"https:\/\/tvnativoos.com.br\/wfe\/diretoria-do-nucleo-de-mulheres-da-cdl-tramandai-imbe-toma-posse-e-reforca-protagonismo-feminino-no-litoral-norte\/","title":{"rendered":"Diretoria do N\u00facleo de Mulheres da CDL Tramanda\u00ed-Imb\u00e9 toma posse e refor\u00e7a protagonismo feminino no Litoral Norte"},"content":{"rendered":"\n<p>Na noite desta quarta-feira (04), foi empossada a nova diretoria do N\u00facleo de Mulheres da CDL Tramanda\u00ed-Imb\u00e9, em evento realizado no espa\u00e7o de eventos do Restaurante Casa Melissa, em Tramanda\u00ed. A cerim\u00f4nia reuniu empres\u00e1rias, lideran\u00e7as e convidadas para marcar o in\u00edcio de um novo ciclo voltado ao fortalecimento do empreendedorismo feminino na regi\u00e3o.<\/p>\n\n\n<div class=\"g g-6\"><div class=\"g-dyn a-7 c-1\"><a class=\"gofollow\" data-track=\"Nyw2LDYw\" href=\"https:\/\/inovaimoveis.rs\/\" target=\"_blank\"><img decoding=\"async\" src=\"http:\/\/tvnativoos.com.br\/wfe\/wp-content\/uploads\/2023\/06\/Banner-Inova-300x214-1.jpeg\" \/><\/a><\/div><div class=\"g-dyn a-62 c-2\"><a class=\"gofollow\" data-track=\"NjIsNiw2MA==\" href=\": http:\/\/teliga.corsan.com.br\" target=\"_blank\"><img decoding=\"async\" src=\"http:\/\/tvnativoos.com.br\/wfe\/wp-content\/uploads\/2026\/02\/WhatsApp-Image-2026-02-19-at-17.23.17.jpeg\" \/><\/a><\/div><div class=\"g-dyn a-6 c-3\"><a class=\"gofollow\" data-track=\"Niw2LDYw\" href=\"#\" target=\"_blank\"><img decoding=\"async\" src=\"http:\/\/tvnativoos.com.br\/wfe\/wp-content\/uploads\/2023\/01\/banner-agua-kangen-e1701887476486.jpeg\" \/><\/a><\/div><div class=\"g-dyn a-4 c-4\"><a class=\"gofollow\" data-track=\"NCw2LDYw\" href=\"https:\/\/arquitetalaurabaltar.com.br\/wfe\/\" target=\"_blank\"><img decoding=\"async\" src=\"http:\/\/tvnativoos.com.br\/wfe\/wp-content\/uploads\/2025\/01\/01-1.png\" \/><\/a><\/div><div class=\"g-dyn a-39 c-5\"><a class=\"gofollow\" data-track=\"MzksNiw2MA==\" href=\"https:\/\/tvnativoos.com.br\/wfe\/\" target=\"_blank\"><img decoding=\"async\" src=\"http:\/\/tvnativoos.com.br\/wfe\/wp-content\/uploads\/2024\/05\/WhatsApp-Image-2024-05-17-at-19.58.28.jpeg\" \/><\/a><\/div><div class=\"g-dyn a-58 c-6\"><a class=\"gofollow\" data-track=\"NTgsNiw2MA==\" href=\"https:\/\/transformar.tramandai.rs.gov.br\/\"><img decoding=\"async\" src=\"http:\/\/tvnativoos.com.br\/wfe\/wp-content\/uploads\/2026\/03\/TV-Nativoos-300-x-250-px.png\" \/><\/a><\/div><\/div>\n\n\n<p>A coordena\u00e7\u00e3o do N\u00facleo passa a ser conduzida por Adriana Borelli, diretora de eventos e estrat\u00e9gias do Grupo Borelli. A diretoria \u00e9 composta ainda por Rafaela Daros, jornalista e mentora de dic\u00e7\u00e3o e orat\u00f3ria, propriet\u00e1ria da RD Comunica\u00e7\u00e3o, como vice-coordenadora; Francieli Kieling, banc\u00e1ria da Sicredi Caminho das \u00c1guas, como 1\u00aa secret\u00e1ria; Vera Muradaz, propriet\u00e1ria da Pousada Atl\u00e2ntica Stay Home, como 2\u00aa secret\u00e1ria; Carla Amorim, banc\u00e1ria da Sicredi Caminho das \u00c1guas, como 1\u00aa tesoureira; Simone Maria, jornalista e propriet\u00e1ria da Duos Digital, como 2\u00aa tesoureira; e Let\u00edcia Vieira, propriet\u00e1ria da Le Lav Lavanderia Express e advogada na Max Vieira Advocacia, como assessora jur\u00eddica.<\/p>\n\n\n\n<p>O N\u00facleo conta atualmente com 18 empres\u00e1rias e empreendedoras de Tramanda\u00ed e Imb\u00e9, que atuam de forma colaborativa no desenvolvimento de a\u00e7\u00f5es voltadas \u00e0 capacita\u00e7\u00e3o, ao networking e ao fortalecimento dos neg\u00f3cios locais. O grupo tem a orienta\u00e7\u00e3o de F\u00e1tima Chagas, consultora de N\u00facleos da Federasul para a CDL Tramanda\u00ed-Imb\u00e9.<\/p>\n\n\n<div class=\"a-single a-7\"><a class=\"gofollow\" data-track=\"NywwLDYw\" href=\"https:\/\/inovaimoveis.rs\/\" target=\"_blank\"><img decoding=\"async\" src=\"http:\/\/tvnativoos.com.br\/wfe\/wp-content\/uploads\/2023\/06\/Banner-Inova-300x214-1.jpeg\" \/><\/a><\/div>\n\n\n<p>O objetivo do grupo \u00e9 fomentar cada vez mais o empreendedorismo feminino, acompanhando o crescimento expressivo das mulheres \u00e0 frente de neg\u00f3cios no pa\u00eds. Dados do Governo Federal apontam que, ao final de 2024, o Brasil registrou mais de 10,3 milh\u00f5es de mulheres donas de neg\u00f3cios, n\u00famero que representa cerca de 34% do total de empreendedores.<\/p>\n\n\n\n<p>Em 2026, o N\u00facleo j\u00e1 est\u00e1 engajado nas a\u00e7\u00f5es municipais em comemora\u00e7\u00e3o ao M\u00eas da Mulher, al\u00e9m de organizar novos eventos com foco em bem-estar, qualifica\u00e7\u00e3o profissional e conex\u00f5es estrat\u00e9gicas para as nucleadas e para a comunidade em geral.<\/p>\n\n\n<div class=\"g g-8\"><div class=\"g-dyn a-45 c-1\"><a href=\"https:\/\/tvnativoos.com.br\/wfe\/radio-online-costeira-nativa\/\" target=\"_blank\"><img decoding=\"async\" src=\"http:\/\/tvnativoos.com.br\/wfe\/wp-content\/uploads\/2024\/06\/radiocosteiranativa-2.jpeg\" \/><\/a><\/div><div class=\"g-dyn a-44 c-2\"><a href=\"https:\/\/tvnativoos.com.br\/wfe\/radio-online-costeira-nativa\/\" target=\"_blank\"><img decoding=\"async\" src=\"http:\/\/tvnativoos.com.br\/wfe\/wp-content\/uploads\/2024\/06\/radiocosteiranativa-1.jpeg\" \/><\/a><\/div><\/div>\n\n\n<p>Conhe\u00e7a as nucleadas de 2026:<br>\u2022 Adriana Borelli \u2013 Borelli M\u00f3veis<br>\u2022 \u00c2ngela Michelon \u2013 Do Dindinho<br>\u2022 Carla Amorim \u2013 Sicredi Caminho das \u00c1guas<br>\u2022 Clari D\u2019Avila \u2013 Imobili\u00e1ria e Advocacia D\u2019Avila<br>\u2022 Cleonice Barbieri \u2013 Banrisul<br>\u2022 Cris Cordal \u2013 Biodanza Kitty Cordal<br>\u2022 Edenise Amorim \u2013 J.A Assessoria e Contabilidade<br>\u2022 Edia Menezes \u2013 Ferragem Boa Vista<br>\u2022 F\u00e1tima Chagas \u2013 Borelli M\u00f3veis<br>\u2022 Francieli Kieling \u2013 Sicredi Caminho das \u00c1guas<br>\u2022 Ingrid Port \u2013 Amar Moda Feminina<br>\u2022 Kassia Schaidhauer \u2013 Kartzo Joalheria e Semijoias<br>\u2022 Let\u00edcia Vieira \u2013 Le Lav Lavanderia Express e Max Vieira Advocacia<br>\u2022 Rafaela Daros \u2013 RD Comunica\u00e7\u00e3o<br>\u2022 Simone Maria \u2013 Duos Digital<br>\u2022 Tatiane Souza \u2013 Tati Biscoiteira<br>\u2022 Vera Muradaz \u2013 Pousada Atl\u00e2ntica Stay Home<\/p>\n\n\n\n<p>Empres\u00e1rias interessadas em integrar o N\u00facleo podem entrar em contato pelas redes sociais: @cdlmulhertramandaiimbe.<\/p>\n\n\n\n<p>Legenda: Equipe diretiva 2026<br>Cr\u00e9dito: Paulo Lucas<\/p>\n\n\n\n<p>Se inscreva em nosso canal do youtube.com\/@tvnativoos, curta nossa p\u00e1gina no facebook, instagram e o nosso portal\u00a0<a href=\"http:\/\/www.tvnativoos.com.br\/\">http:\/\/www.tvnativoos.com.br<\/a><\/p>\n\n\n\n<p><\/p>\n","protected":false},"excerpt":{"rendered":"<p>Na noite desta quarta-feira (04), foi empossada a nova diretoria do N\u00facleo de Mulheres da CDL Tramanda\u00ed-Imb\u00e9, em evento realizado no espa\u00e7o de eventos do Restaurante Casa Melissa, em Tramanda\u00ed. A cerim\u00f4nia reuniu empres\u00e1rias, lideran\u00e7as e convidadas para marcar o in\u00edcio de um novo ciclo voltado ao fortalecimento do empreendedorismo feminino na regi\u00e3o. A coordena\u00e7\u00e3o [&hellip;]<\/p>\n","protected":false},"author":2,"featured_media":31908,"comment_status":"closed","ping_status":"closed","sticky":false,"template":"","format":"standard","meta":{"footnotes":""},"categories":[8,2718],"tags":[189,65],"class_list":["post-31907","post","type-post","status-publish","format-standard","has-post-thumbnail","hentry","category-noticias","category-primavera-2025","tag-cdl","tag-tvnativoos"],"cc_featured_image_caption":{"caption_text":"","source_text":"","source_url":""},"_links":{"self":[{"href":"https:\/\/tvnativoos.com.br\/wfe\/wp-json\/wp\/v2\/posts\/31907","targetHints":{"allow":["GET"]}}],"collection":[{"href":"https:\/\/tvnativoos.com.br\/wfe\/wp-json\/wp\/v2\/posts"}],"about":[{"href":"https:\/\/tvnativoos.com.br\/wfe\/wp-json\/wp\/v2\/types\/post"}],"author":[{"embeddable":true,"href":"https:\/\/tvnativoos.com.br\/wfe\/wp-json\/wp\/v2\/users\/2"}],"replies":[{"embeddable":true,"href":"https:\/\/tvnativoos.com.br\/wfe\/wp-json\/wp\/v2\/comments?post=31907"}],"version-history":[{"count":1,"href":"https:\/\/tvnativoos.com.br\/wfe\/wp-json\/wp\/v2\/posts\/31907\/revisions"}],"predecessor-version":[{"id":31909,"href":"https:\/\/tvnativoos.com.br\/wfe\/wp-json\/wp\/v2\/posts\/31907\/revisions\/31909"}],"wp:featuredmedia":[{"embeddable":true,"href":"https:\/\/tvnativoos.com.br\/wfe\/wp-json\/wp\/v2\/media\/31908"}],"wp:attachment":[{"href":"https:\/\/tvnativoos.com.br\/wfe\/wp-json\/wp\/v2\/media?parent=31907"}],"wp:term":[{"taxonomy":"category","embeddable":true,"href":"https:\/\/tvnativoos.com.br\/wfe\/wp-json\/wp\/v2\/categories?post=31907"},{"taxonomy":"post_tag","embeddable":true,"href":"https:\/\/tvnativoos.com.br\/wfe\/wp-json\/wp\/v2\/tags?post=31907"}],"curies":[{"name":"wp","href":"https:\/\/api.w.org\/{rel}","templated":true}]}}