{"id":31755,"date":"2026-01-29T11:54:27","date_gmt":"2026-01-29T11:54:27","guid":{"rendered":"https:\/\/tvnativoos.com.br\/wfe\/?p=31755"},"modified":"2026-01-29T11:54:30","modified_gmt":"2026-01-29T11:54:30","slug":"clima-quinta-feira-sera-de-nebulosidade-e-risco-de-temporais-no-rs-sem-tregua-para-o-abafamento","status":"publish","type":"post","link":"https:\/\/tvnativoos.com.br\/wfe\/clima-quinta-feira-sera-de-nebulosidade-e-risco-de-temporais-no-rs-sem-tregua-para-o-abafamento\/","title":{"rendered":"Clima &#8211; Quinta-feira ser\u00e1 de nebulosidade e risco de temporais no RS, sem tr\u00e9gua para o abafamento"},"content":{"rendered":"\n<p>De acordo com a MetSul Meterologia, grande parte do territ\u00f3rio ga\u00facho ter\u00e1 chuva forte de forma isolada amanh\u00e3<\/p>\n\n\n\n<p>Per\u00edodos de nebulosidade podem tomar conta do\u00a0<strong>Rio Grande do Sul<\/strong>\u00a0nesta quinta-feira, 29. Segundo a\u00a0<a href=\"https:\/\/metsul.com\/\" target=\"_blank\" rel=\"noreferrer noopener\"><strong>MetSul Metereologia<\/strong><\/a>, o sol at\u00e9 aparece, mas cercado de nuvens na maioria das regi\u00f5es ga\u00fachas. A atual massa de ar quente e \u00famida sobre o estado favorece a instabilidade na \u00e1rea.<\/p>\n\n\n<div class=\"g g-7\"><div class=\"g-dyn a-6 c-1\"><a class=\"gofollow\" data-track=\"Niw3LDYw\" href=\"#\" target=\"_blank\"><img decoding=\"async\" src=\"http:\/\/tvnativoos.com.br\/wfe\/wp-content\/uploads\/2023\/01\/banner-agua-kangen-e1701887476486.jpeg\" \/><\/a><\/div><div class=\"g-dyn a-62 c-2\"><a class=\"gofollow\" data-track=\"NjIsNyw2MA==\" href=\": http:\/\/teliga.corsan.com.br\" target=\"_blank\"><img decoding=\"async\" src=\"http:\/\/tvnativoos.com.br\/wfe\/wp-content\/uploads\/2026\/02\/WhatsApp-Image-2026-02-19-at-17.23.17.jpeg\" \/><\/a><\/div><div class=\"g-dyn a-4 c-3\"><a class=\"gofollow\" data-track=\"NCw3LDYw\" href=\"https:\/\/arquitetalaurabaltar.com.br\/wfe\/\" target=\"_blank\"><img decoding=\"async\" src=\"http:\/\/tvnativoos.com.br\/wfe\/wp-content\/uploads\/2025\/01\/01-1.png\" \/><\/a><\/div><div class=\"g-dyn a-7 c-4\"><a class=\"gofollow\" data-track=\"Nyw3LDYw\" href=\"https:\/\/inovaimoveis.rs\/\" target=\"_blank\"><img decoding=\"async\" src=\"http:\/\/tvnativoos.com.br\/wfe\/wp-content\/uploads\/2023\/06\/Banner-Inova-300x214-1.jpeg\" \/><\/a><\/div><div class=\"g-dyn a-58 c-5\"><a class=\"gofollow\" data-track=\"NTgsNyw2MA==\" href=\"https:\/\/transformar.tramandai.rs.gov.br\/\"><img decoding=\"async\" src=\"http:\/\/tvnativoos.com.br\/wfe\/wp-content\/uploads\/2026\/03\/TV-Nativoos-300-x-250-px.png\" \/><\/a><\/div><div class=\"g-dyn a-39 c-6\"><a class=\"gofollow\" data-track=\"MzksNyw2MA==\" href=\"https:\/\/tvnativoos.com.br\/wfe\/\" target=\"_blank\"><img decoding=\"async\" src=\"http:\/\/tvnativoos.com.br\/wfe\/wp-content\/uploads\/2024\/05\/WhatsApp-Image-2024-05-17-at-19.58.28.jpeg\" \/><\/a><\/div><div class=\"g-dyn a-8 c-7\"><a class=\"gofollow\" data-track=\"OCw3LDYw\" href=\"https:\/\/www.facebook.com\/sonia.conti.7545\" target=\"_blank\"><img decoding=\"async\" src=\"http:\/\/tvnativoos.com.br\/wfe\/wp-content\/uploads\/2023\/06\/BANNERS-350X250-SONIA-CONTI-1-300x214-1.jpg\" \/><\/a><\/div><\/div>\n\n\n<p>A previs\u00e3o \u00e9 de chuva de forma irregular na maior parte do territ\u00f3rio ga\u00facho, com in\u00edcio logo pela manh\u00e3 em alguns pontos e em maior n\u00famero de locais no per\u00edodo entre tarde e noite. A precipita\u00e7\u00e3o ser\u00e1 forte de forma isolada e com risco de temporais localizados com rajadas de vento.<\/p>\n\n\n\n<p><strong>O calor ser\u00e1 menos intenso na maioria das cidades, mas segue quente e com abafamento.&nbsp;<\/strong>Uruguaiana, Itaqui e Alegrete ter\u00e3o as maiores m\u00e1ximas em temperaturas no Estado, passando dos 35\u00baC.<\/p>\n\n\n<div class=\"g g-6\"><div class=\"g-dyn a-58 c-1\"><a class=\"gofollow\" data-track=\"NTgsNiw2MA==\" href=\"https:\/\/transformar.tramandai.rs.gov.br\/\"><img decoding=\"async\" src=\"http:\/\/tvnativoos.com.br\/wfe\/wp-content\/uploads\/2026\/03\/TV-Nativoos-300-x-250-px.png\" \/><\/a><\/div><div class=\"g-dyn a-4 c-2\"><a class=\"gofollow\" data-track=\"NCw2LDYw\" href=\"https:\/\/arquitetalaurabaltar.com.br\/wfe\/\" target=\"_blank\"><img decoding=\"async\" src=\"http:\/\/tvnativoos.com.br\/wfe\/wp-content\/uploads\/2025\/01\/01-1.png\" \/><\/a><\/div><div class=\"g-dyn a-6 c-3\"><a class=\"gofollow\" data-track=\"Niw2LDYw\" href=\"#\" target=\"_blank\"><img decoding=\"async\" src=\"http:\/\/tvnativoos.com.br\/wfe\/wp-content\/uploads\/2023\/01\/banner-agua-kangen-e1701887476486.jpeg\" \/><\/a><\/div><div class=\"g-dyn a-39 c-4\"><a class=\"gofollow\" data-track=\"MzksNiw2MA==\" href=\"https:\/\/tvnativoos.com.br\/wfe\/\" target=\"_blank\"><img decoding=\"async\" src=\"http:\/\/tvnativoos.com.br\/wfe\/wp-content\/uploads\/2024\/05\/WhatsApp-Image-2024-05-17-at-19.58.28.jpeg\" \/><\/a><\/div><div class=\"g-dyn a-7 c-5\"><a class=\"gofollow\" data-track=\"Nyw2LDYw\" href=\"https:\/\/inovaimoveis.rs\/\" target=\"_blank\"><img decoding=\"async\" src=\"http:\/\/tvnativoos.com.br\/wfe\/wp-content\/uploads\/2023\/06\/Banner-Inova-300x214-1.jpeg\" \/><\/a><\/div><div class=\"g-dyn a-62 c-6\"><a class=\"gofollow\" data-track=\"NjIsNiw2MA==\" href=\": http:\/\/teliga.corsan.com.br\" target=\"_blank\"><img decoding=\"async\" src=\"http:\/\/tvnativoos.com.br\/wfe\/wp-content\/uploads\/2026\/02\/WhatsApp-Image-2026-02-19-at-17.23.17.jpeg\" \/><\/a><\/div><\/div>\n\n\n<p>Os ga\u00fachos enfrentaram mais um dia escaldante na quarta-feira com m\u00e1ximas acima dos 35\u00baC na maior parte da regi\u00f5es. Foi o terceiro dia seguido em que o Rio Grande do Sul anotou temperaturas m\u00e1ximas acima dos 40\u00baC, novamente no Oeste e no Noroeste do estado. Esta\u00e7\u00f5es meteorol\u00f3gicas registraram m\u00e1ximas ontem de 40,6\u00b0C em Porto Xavier; 40,3\u00b0C em Ma\u00e7ambar\u00e1; 39,2\u00b0C em Estrela e 39,1\u00b0C em S\u00e3o Paulo das Miss\u00f5es<\/p>\n\n\n\n<p>Na Grande Porto Alegre, m\u00e1ximas atingiram os 36,6\u00baC em Sapucaia do Sul; 36,5\u00baC em S\u00e3o Leopoldo; 36,3\u00baC em Gravata\u00ed e 36,0\u00baC em Campo Bom e Viam\u00e3o.<\/p>\n\n\n<div class=\"g g-8\"><div class=\"g-dyn a-44 c-1\"><a href=\"https:\/\/tvnativoos.com.br\/wfe\/radio-online-costeira-nativa\/\" target=\"_blank\"><img decoding=\"async\" src=\"http:\/\/tvnativoos.com.br\/wfe\/wp-content\/uploads\/2024\/06\/radiocosteiranativa-1.jpeg\" \/><\/a><\/div><div class=\"g-dyn a-45 c-2\"><a href=\"https:\/\/tvnativoos.com.br\/wfe\/radio-online-costeira-nativa\/\" target=\"_blank\"><img decoding=\"async\" src=\"http:\/\/tvnativoos.com.br\/wfe\/wp-content\/uploads\/2024\/06\/radiocosteiranativa-2.jpeg\" \/><\/a><\/div><\/div>\n\n\n<p>O calor, como previsto, formou \u00e1reas de instabilidade com chuva, isoladamente forte, e alguns temporais localizados. At\u00e9 o fim da tarde de quarta-feira, esta\u00e7\u00f5es indicaram 51 mm em Tupanciret\u00e3 e Ibirub\u00e1, 45 mm em Itapuca, 43 mm em Tr\u00eas Passos, 42 mm em Il\u00f3polis, 41 mm em Putinga, 40 mm em Cruz Alta e Arvorezinha, 39 mm em Lajeado, 34 mm em Teut\u00f4nia e Bento Gon\u00e7alves e 30 mm em Horizontina.<\/p>\n\n\n\n<figure class=\"wp-block-image size-full\"><img loading=\"lazy\" decoding=\"async\" width=\"800\" height=\"846\" src=\"https:\/\/tvnativoos.com.br\/wfe\/wp-content\/uploads\/2026\/01\/image-1.png\" alt=\"\" class=\"wp-image-31756\" srcset=\"https:\/\/tvnativoos.com.br\/wfe\/wp-content\/uploads\/2026\/01\/image-1.png 800w, https:\/\/tvnativoos.com.br\/wfe\/wp-content\/uploads\/2026\/01\/image-1-284x300.png 284w, https:\/\/tvnativoos.com.br\/wfe\/wp-content\/uploads\/2026\/01\/image-1-768x812.png 768w\" sizes=\"auto, (max-width: 800px) 100vw, 800px\" \/><\/figure>\n\n\n\n<p>Fonte: CP<\/p>\n\n\n\n<p>Se inscreva em nosso canal do youtube.com\/@tvnativoos, curta nossa p\u00e1gina no facebook, instagram e veja nossa pelo portal\u00a0<a href=\"http:\/\/www.tvnativoos.com.br\/\">http:\/\/www.tvnativoos.com.br<\/a><\/p>\n","protected":false},"excerpt":{"rendered":"<p>De acordo com a MetSul Meterologia, grande parte do territ\u00f3rio ga\u00facho ter\u00e1 chuva forte de forma isolada amanh\u00e3 Per\u00edodos de nebulosidade podem tomar conta do\u00a0Rio Grande do Sul\u00a0nesta quinta-feira, 29. Segundo a\u00a0MetSul Metereologia, o sol at\u00e9 aparece, mas cercado de nuvens na maioria das regi\u00f5es ga\u00fachas. A atual massa de ar quente e \u00famida sobre [&hellip;]<\/p>\n","protected":false},"author":2,"featured_media":31757,"comment_status":"closed","ping_status":"closed","sticky":false,"template":"","format":"standard","meta":{"footnotes":""},"categories":[8,2718],"tags":[689,65],"class_list":["post-31755","post","type-post","status-publish","format-standard","has-post-thumbnail","hentry","category-noticias","category-primavera-2025","tag-clima","tag-tvnativoos"],"cc_featured_image_caption":{"caption_text":"","source_text":"","source_url":""},"_links":{"self":[{"href":"https:\/\/tvnativoos.com.br\/wfe\/wp-json\/wp\/v2\/posts\/31755","targetHints":{"allow":["GET"]}}],"collection":[{"href":"https:\/\/tvnativoos.com.br\/wfe\/wp-json\/wp\/v2\/posts"}],"about":[{"href":"https:\/\/tvnativoos.com.br\/wfe\/wp-json\/wp\/v2\/types\/post"}],"author":[{"embeddable":true,"href":"https:\/\/tvnativoos.com.br\/wfe\/wp-json\/wp\/v2\/users\/2"}],"replies":[{"embeddable":true,"href":"https:\/\/tvnativoos.com.br\/wfe\/wp-json\/wp\/v2\/comments?post=31755"}],"version-history":[{"count":1,"href":"https:\/\/tvnativoos.com.br\/wfe\/wp-json\/wp\/v2\/posts\/31755\/revisions"}],"predecessor-version":[{"id":31758,"href":"https:\/\/tvnativoos.com.br\/wfe\/wp-json\/wp\/v2\/posts\/31755\/revisions\/31758"}],"wp:featuredmedia":[{"embeddable":true,"href":"https:\/\/tvnativoos.com.br\/wfe\/wp-json\/wp\/v2\/media\/31757"}],"wp:attachment":[{"href":"https:\/\/tvnativoos.com.br\/wfe\/wp-json\/wp\/v2\/media?parent=31755"}],"wp:term":[{"taxonomy":"category","embeddable":true,"href":"https:\/\/tvnativoos.com.br\/wfe\/wp-json\/wp\/v2\/categories?post=31755"},{"taxonomy":"post_tag","embeddable":true,"href":"https:\/\/tvnativoos.com.br\/wfe\/wp-json\/wp\/v2\/tags?post=31755"}],"curies":[{"name":"wp","href":"https:\/\/api.w.org\/{rel}","templated":true}]}}