{"id":31742,"date":"2026-01-26T12:07:58","date_gmt":"2026-01-26T12:07:58","guid":{"rendered":"https:\/\/tvnativoos.com.br\/wfe\/?p=31742"},"modified":"2026-01-26T12:07:59","modified_gmt":"2026-01-26T12:07:59","slug":"clima-segunda-feira-e-primeiro-dia-de-onda-de-calor-que-afeta-o-rs-esta-semana","status":"publish","type":"post","link":"https:\/\/tvnativoos.com.br\/wfe\/clima-segunda-feira-e-primeiro-dia-de-onda-de-calor-que-afeta-o-rs-esta-semana\/","title":{"rendered":"Clima &#8211; Segunda-feira \u00e9 primeiro dia de onda de calor que afeta o RS esta semana"},"content":{"rendered":"\n<p>Temperaturas v\u00e3o aumentar ao longo dos dias, com m\u00e1ximas rondando os 40\u00baC em alguns pontos<\/p>\n\n\n\n<p>Diferentemente do come\u00e7o da semana passada com massa de ar frio e temperatura muito agrad\u00e1vel para janeiro, esta semana se inicia com marcas muito elevadas no Rio Grande do Sul. Uma massa de ar quente toma conta do estado e traz calor em todas as regi\u00f5es, mesmo na Serra e parte da costa. O calor ser\u00e1 muito intenso em pontos do Noroeste e do Oeste com m\u00e1ximas pr\u00f3ximas e ao redor dos 40\u00baC.<\/p>\n\n\n<div class=\"g g-7\"><div class=\"g-dyn a-8 c-1\"><a class=\"gofollow\" data-track=\"OCw3LDYw\" href=\"https:\/\/www.facebook.com\/sonia.conti.7545\" target=\"_blank\"><img decoding=\"async\" src=\"http:\/\/tvnativoos.com.br\/wfe\/wp-content\/uploads\/2023\/06\/BANNERS-350X250-SONIA-CONTI-1-300x214-1.jpg\" \/><\/a><\/div><div class=\"g-dyn a-6 c-2\"><a class=\"gofollow\" data-track=\"Niw3LDYw\" href=\"#\" target=\"_blank\"><img decoding=\"async\" src=\"http:\/\/tvnativoos.com.br\/wfe\/wp-content\/uploads\/2023\/01\/banner-agua-kangen-e1701887476486.jpeg\" \/><\/a><\/div><div class=\"g-dyn a-4 c-3\"><a class=\"gofollow\" data-track=\"NCw3LDYw\" href=\"https:\/\/arquitetalaurabaltar.com.br\/wfe\/\" target=\"_blank\"><img decoding=\"async\" src=\"http:\/\/tvnativoos.com.br\/wfe\/wp-content\/uploads\/2025\/01\/01-1.png\" \/><\/a><\/div><div class=\"g-dyn a-58 c-4\"><a class=\"gofollow\" data-track=\"NTgsNyw2MA==\" href=\"https:\/\/transformar.tramandai.rs.gov.br\/\"><img decoding=\"async\" src=\"http:\/\/tvnativoos.com.br\/wfe\/wp-content\/uploads\/2026\/03\/TV-Nativoos-300-x-250-px.png\" \/><\/a><\/div><div class=\"g-dyn a-62 c-5\"><a class=\"gofollow\" data-track=\"NjIsNyw2MA==\" href=\": http:\/\/teliga.corsan.com.br\" target=\"_blank\"><img decoding=\"async\" src=\"http:\/\/tvnativoos.com.br\/wfe\/wp-content\/uploads\/2026\/02\/WhatsApp-Image-2026-02-19-at-17.23.17.jpeg\" \/><\/a><\/div><div class=\"g-dyn a-39 c-6\"><a class=\"gofollow\" data-track=\"MzksNyw2MA==\" href=\"https:\/\/tvnativoos.com.br\/wfe\/\" target=\"_blank\"><img decoding=\"async\" src=\"http:\/\/tvnativoos.com.br\/wfe\/wp-content\/uploads\/2024\/05\/WhatsApp-Image-2024-05-17-at-19.58.28.jpeg\" \/><\/a><\/div><div class=\"g-dyn a-7 c-7\"><a class=\"gofollow\" data-track=\"Nyw3LDYw\" href=\"https:\/\/inovaimoveis.rs\/\" target=\"_blank\"><img decoding=\"async\" src=\"http:\/\/tvnativoos.com.br\/wfe\/wp-content\/uploads\/2023\/06\/Banner-Inova-300x214-1.jpeg\" \/><\/a><\/div><\/div>\n\n\n<p>O sol predomina no estado. Per\u00edodos de c\u00e9u claro em muitas cidades durante a manh\u00e3, mas nuvens esparsas na maioria das localidades \u00e0 tarde. Vento de Nordeste moderado na segunda metade do dia no litoral.<\/p>\n\n\n\n<p>A MetSul Meteorologia adverte que o calor se instala no Rio Grande do Sul e vai ganhar for\u00e7a durante a semana depois de um per\u00edodo de marcas agrad\u00e1veis e at\u00e9 noites frias na \u00faltima semana. A temperatura j\u00e1 atingiu marcas de 38\u00baC a 39\u00baC em alguns pontos do Oeste e do Noroeste, domingo.<\/p>\n\n\n<div class=\"g g-6\"><div class=\"g-dyn a-4 c-1\"><a class=\"gofollow\" data-track=\"NCw2LDYw\" href=\"https:\/\/arquitetalaurabaltar.com.br\/wfe\/\" target=\"_blank\"><img decoding=\"async\" src=\"http:\/\/tvnativoos.com.br\/wfe\/wp-content\/uploads\/2025\/01\/01-1.png\" \/><\/a><\/div><div class=\"g-dyn a-39 c-2\"><a class=\"gofollow\" data-track=\"MzksNiw2MA==\" href=\"https:\/\/tvnativoos.com.br\/wfe\/\" target=\"_blank\"><img decoding=\"async\" src=\"http:\/\/tvnativoos.com.br\/wfe\/wp-content\/uploads\/2024\/05\/WhatsApp-Image-2024-05-17-at-19.58.28.jpeg\" \/><\/a><\/div><div class=\"g-dyn a-58 c-3\"><a class=\"gofollow\" data-track=\"NTgsNiw2MA==\" href=\"https:\/\/transformar.tramandai.rs.gov.br\/\"><img decoding=\"async\" src=\"http:\/\/tvnativoos.com.br\/wfe\/wp-content\/uploads\/2026\/03\/TV-Nativoos-300-x-250-px.png\" \/><\/a><\/div><div class=\"g-dyn a-6 c-4\"><a class=\"gofollow\" data-track=\"Niw2LDYw\" href=\"#\" target=\"_blank\"><img decoding=\"async\" src=\"http:\/\/tvnativoos.com.br\/wfe\/wp-content\/uploads\/2023\/01\/banner-agua-kangen-e1701887476486.jpeg\" \/><\/a><\/div><div class=\"g-dyn a-7 c-5\"><a class=\"gofollow\" data-track=\"Nyw2LDYw\" href=\"https:\/\/inovaimoveis.rs\/\" target=\"_blank\"><img decoding=\"async\" src=\"http:\/\/tvnativoos.com.br\/wfe\/wp-content\/uploads\/2023\/06\/Banner-Inova-300x214-1.jpeg\" \/><\/a><\/div><div class=\"g-dyn a-62 c-6\"><a class=\"gofollow\" data-track=\"NjIsNiw2MA==\" href=\": http:\/\/teliga.corsan.com.br\" target=\"_blank\"><img decoding=\"async\" src=\"http:\/\/tvnativoos.com.br\/wfe\/wp-content\/uploads\/2026\/02\/WhatsApp-Image-2026-02-19-at-17.23.17.jpeg\" \/><\/a><\/div><\/div>\n\n\n<p>Mais uma vez grande parte do Rio Grande do Sul ter\u00e1 entre 32\u00baC e 35\u00baC \u00e0 tarde desta segunda-feira, enquanto em cidades mais a Oeste s\u00e3o esperadas marcas de 37\u00baC a 40\u00baC. Na ter\u00e7a, o calor se intensifica, outra vez com marcas de 32\u00baC a 35\u00baC na maioria dos munic\u00edpios e marcas acima dos 35\u00baC no Oeste, Noroeste, Centro, Vales e Campanha. No Oeste, perto da Argentina, marcas ao redor e acima dos 40\u00baC.<\/p>\n\n\n\n<figure class=\"wp-block-image\"><img decoding=\"async\" src=\"https:\/\/www.correiodopovo.com.br\/image\/contentid\/policy:1.1685301:1769381169\/WhatsApp-Image-2026-01-25-at-19-38-22.jpeg?f=default&amp;q=0.9&amp;w=800&amp;$p$f$q$w=06ef9a6\" alt=\"\" title=\"\"\/><\/figure>\n\n\n\n<p>\u00a0\u00a0| Foto: Leandro Maciel \/ Arte \/ Fonte: CP<\/p>\n\n\n<div class=\"g g-8\"><div class=\"g-dyn a-45 c-1\"><a href=\"https:\/\/tvnativoos.com.br\/wfe\/radio-online-costeira-nativa\/\" target=\"_blank\"><img decoding=\"async\" src=\"http:\/\/tvnativoos.com.br\/wfe\/wp-content\/uploads\/2024\/06\/radiocosteiranativa-2.jpeg\" \/><\/a><\/div><div class=\"g-dyn a-44 c-2\"><a href=\"https:\/\/tvnativoos.com.br\/wfe\/radio-online-costeira-nativa\/\" target=\"_blank\"><img decoding=\"async\" src=\"http:\/\/tvnativoos.com.br\/wfe\/wp-content\/uploads\/2024\/06\/radiocosteiranativa-1.jpeg\" \/><\/a><\/div><\/div>\n\n\n<p>Se inscreva em nosso canal do youtube.com\/@tvnativoos, curta nossa p\u00e1gina no facebook, instagram e veja nossa pelo portal\u00a0<a href=\"http:\/\/www.tvnativoos.com.br\/\">http:\/\/www.tvnativoos.com.br<\/a><\/p>\n","protected":false},"excerpt":{"rendered":"<p>Temperaturas v\u00e3o aumentar ao longo dos dias, com m\u00e1ximas rondando os 40\u00baC em alguns pontos Diferentemente do come\u00e7o da semana passada com massa de ar frio e temperatura muito agrad\u00e1vel para janeiro, esta semana se inicia com marcas muito elevadas no Rio Grande do Sul. Uma massa de ar quente toma conta do estado e [&hellip;]<\/p>\n","protected":false},"author":2,"featured_media":31743,"comment_status":"closed","ping_status":"closed","sticky":false,"template":"","format":"standard","meta":{"footnotes":""},"categories":[8,2718],"tags":[689,65],"class_list":["post-31742","post","type-post","status-publish","format-standard","has-post-thumbnail","hentry","category-noticias","category-primavera-2025","tag-clima","tag-tvnativoos"],"cc_featured_image_caption":{"caption_text":"","source_text":"","source_url":""},"_links":{"self":[{"href":"https:\/\/tvnativoos.com.br\/wfe\/wp-json\/wp\/v2\/posts\/31742","targetHints":{"allow":["GET"]}}],"collection":[{"href":"https:\/\/tvnativoos.com.br\/wfe\/wp-json\/wp\/v2\/posts"}],"about":[{"href":"https:\/\/tvnativoos.com.br\/wfe\/wp-json\/wp\/v2\/types\/post"}],"author":[{"embeddable":true,"href":"https:\/\/tvnativoos.com.br\/wfe\/wp-json\/wp\/v2\/users\/2"}],"replies":[{"embeddable":true,"href":"https:\/\/tvnativoos.com.br\/wfe\/wp-json\/wp\/v2\/comments?post=31742"}],"version-history":[{"count":1,"href":"https:\/\/tvnativoos.com.br\/wfe\/wp-json\/wp\/v2\/posts\/31742\/revisions"}],"predecessor-version":[{"id":31744,"href":"https:\/\/tvnativoos.com.br\/wfe\/wp-json\/wp\/v2\/posts\/31742\/revisions\/31744"}],"wp:featuredmedia":[{"embeddable":true,"href":"https:\/\/tvnativoos.com.br\/wfe\/wp-json\/wp\/v2\/media\/31743"}],"wp:attachment":[{"href":"https:\/\/tvnativoos.com.br\/wfe\/wp-json\/wp\/v2\/media?parent=31742"}],"wp:term":[{"taxonomy":"category","embeddable":true,"href":"https:\/\/tvnativoos.com.br\/wfe\/wp-json\/wp\/v2\/categories?post=31742"},{"taxonomy":"post_tag","embeddable":true,"href":"https:\/\/tvnativoos.com.br\/wfe\/wp-json\/wp\/v2\/tags?post=31742"}],"curies":[{"name":"wp","href":"https:\/\/api.w.org\/{rel}","templated":true}]}}