{"id":31738,"date":"2026-01-25T12:20:48","date_gmt":"2026-01-25T12:20:48","guid":{"rendered":"https:\/\/tvnativoos.com.br\/wfe\/?p=31738"},"modified":"2026-01-25T12:20:51","modified_gmt":"2026-01-25T12:20:51","slug":"cllima-domingo-sera-de-calor-intenso-com-temperatura-ao-redor-dos-35oc-no-rs","status":"publish","type":"post","link":"https:\/\/tvnativoos.com.br\/wfe\/cllima-domingo-sera-de-calor-intenso-com-temperatura-ao-redor-dos-35oc-no-rs\/","title":{"rendered":"Cllima &#8211; Domingo ser\u00e1 de calor intenso com temperatura ao redor dos 35\u00baC no RS"},"content":{"rendered":"\n<p>Segundo a MetSul, o sol predomina em todo o territ\u00f3rio ga\u00facho, embora algumas localidades possam registrar nuvens esparsas<\/p>\n\n\n\n<p>O Rio Grande do Sul se prepara para mais um dia de tempo firme e temperaturas elevadas. Segundo a MetSul Meteorologia, a\u00a0<strong>sequ\u00eancia de dias com predom\u00ednio de sol prossegue em todas as regi\u00f5es ga\u00fachas neste domingo<\/strong>, consolidando um per\u00edodo de forte aquecimento no estado.<\/p>\n\n\n<div class=\"g g-7\"><div class=\"g-dyn a-58 c-1\"><a class=\"gofollow\" data-track=\"NTgsNyw2MA==\" href=\"https:\/\/transformar.tramandai.rs.gov.br\/\"><img decoding=\"async\" src=\"http:\/\/tvnativoos.com.br\/wfe\/wp-content\/uploads\/2026\/03\/TV-Nativoos-300-x-250-px.png\" \/><\/a><\/div><div class=\"g-dyn a-7 c-2\"><a class=\"gofollow\" data-track=\"Nyw3LDYw\" href=\"https:\/\/inovaimoveis.rs\/\" target=\"_blank\"><img decoding=\"async\" src=\"http:\/\/tvnativoos.com.br\/wfe\/wp-content\/uploads\/2023\/06\/Banner-Inova-300x214-1.jpeg\" \/><\/a><\/div><div class=\"g-dyn a-6 c-3\"><a class=\"gofollow\" data-track=\"Niw3LDYw\" href=\"#\" target=\"_blank\"><img decoding=\"async\" src=\"http:\/\/tvnativoos.com.br\/wfe\/wp-content\/uploads\/2023\/01\/banner-agua-kangen-e1701887476486.jpeg\" \/><\/a><\/div><div class=\"g-dyn a-62 c-4\"><a class=\"gofollow\" data-track=\"NjIsNyw2MA==\" href=\": http:\/\/teliga.corsan.com.br\" target=\"_blank\"><img decoding=\"async\" src=\"http:\/\/tvnativoos.com.br\/wfe\/wp-content\/uploads\/2026\/02\/WhatsApp-Image-2026-02-19-at-17.23.17.jpeg\" \/><\/a><\/div><div class=\"g-dyn a-39 c-5\"><a class=\"gofollow\" data-track=\"MzksNyw2MA==\" href=\"https:\/\/tvnativoos.com.br\/wfe\/\" target=\"_blank\"><img decoding=\"async\" src=\"http:\/\/tvnativoos.com.br\/wfe\/wp-content\/uploads\/2024\/05\/WhatsApp-Image-2024-05-17-at-19.58.28.jpeg\" \/><\/a><\/div><div class=\"g-dyn a-8 c-6\"><a class=\"gofollow\" data-track=\"OCw3LDYw\" href=\"https:\/\/www.facebook.com\/sonia.conti.7545\" target=\"_blank\"><img decoding=\"async\" src=\"http:\/\/tvnativoos.com.br\/wfe\/wp-content\/uploads\/2023\/06\/BANNERS-350X250-SONIA-CONTI-1-300x214-1.jpg\" \/><\/a><\/div><div class=\"g-dyn a-4 c-7\"><a class=\"gofollow\" data-track=\"NCw3LDYw\" href=\"https:\/\/arquitetalaurabaltar.com.br\/wfe\/\" target=\"_blank\"><img decoding=\"async\" src=\"http:\/\/tvnativoos.com.br\/wfe\/wp-content\/uploads\/2025\/01\/01-1.png\" \/><\/a><\/div><\/div>\n\n\n<p>Conforme a MetSul, o domingo, 25, ser\u00e1 marcado pela presen\u00e7a do sol em todo o territ\u00f3rio ga\u00facho, embora algumas localidades possam registrar nuvens esparsas, haver\u00e1 longos per\u00edodos de c\u00e9u claro.<\/p>\n\n\n\n<p>A madrugada ainda deve apresentar temperaturas de amenas a agrad\u00e1veis na maioria dos munic\u00edpios. No entanto, o aquecimento ocorre de forma r\u00e1pida durante a manh\u00e3. A tarde ser\u00e1 de calor na maioria das cidades, com destaque para o Oeste, o Noroeste e a regi\u00e3o dos Vales. Nessas \u00e1reas, a&nbsp;<strong>MetSul projeta forte calor, com m\u00e1ximas pr\u00f3ximas ou acima da marca dos 35\u00baC<\/strong>.<\/p>\n\n\n<div class=\"g g-6\"><div class=\"g-dyn a-62 c-1\"><a class=\"gofollow\" data-track=\"NjIsNiw2MA==\" href=\": http:\/\/teliga.corsan.com.br\" target=\"_blank\"><img decoding=\"async\" src=\"http:\/\/tvnativoos.com.br\/wfe\/wp-content\/uploads\/2026\/02\/WhatsApp-Image-2026-02-19-at-17.23.17.jpeg\" \/><\/a><\/div><div class=\"g-dyn a-4 c-2\"><a class=\"gofollow\" data-track=\"NCw2LDYw\" href=\"https:\/\/arquitetalaurabaltar.com.br\/wfe\/\" target=\"_blank\"><img decoding=\"async\" src=\"http:\/\/tvnativoos.com.br\/wfe\/wp-content\/uploads\/2025\/01\/01-1.png\" \/><\/a><\/div><div class=\"g-dyn a-58 c-3\"><a class=\"gofollow\" data-track=\"NTgsNiw2MA==\" href=\"https:\/\/transformar.tramandai.rs.gov.br\/\"><img decoding=\"async\" src=\"http:\/\/tvnativoos.com.br\/wfe\/wp-content\/uploads\/2026\/03\/TV-Nativoos-300-x-250-px.png\" \/><\/a><\/div><div class=\"g-dyn a-6 c-4\"><a class=\"gofollow\" data-track=\"Niw2LDYw\" href=\"#\" target=\"_blank\"><img decoding=\"async\" src=\"http:\/\/tvnativoos.com.br\/wfe\/wp-content\/uploads\/2023\/01\/banner-agua-kangen-e1701887476486.jpeg\" \/><\/a><\/div><div class=\"g-dyn a-7 c-5\"><a class=\"gofollow\" data-track=\"Nyw2LDYw\" href=\"https:\/\/inovaimoveis.rs\/\" target=\"_blank\"><img decoding=\"async\" src=\"http:\/\/tvnativoos.com.br\/wfe\/wp-content\/uploads\/2023\/06\/Banner-Inova-300x214-1.jpeg\" \/><\/a><\/div><div class=\"g-dyn a-39 c-6\"><a class=\"gofollow\" data-track=\"MzksNiw2MA==\" href=\"https:\/\/tvnativoos.com.br\/wfe\/\" target=\"_blank\"><img decoding=\"async\" src=\"http:\/\/tvnativoos.com.br\/wfe\/wp-content\/uploads\/2024\/05\/WhatsApp-Image-2024-05-17-at-19.58.28.jpeg\" \/><\/a><\/div><\/div>\n\n\n<h3 class=\"wp-block-heading\">Alerta e orienta\u00e7\u00f5es da Defesa Civil<\/h3>\n\n\n\n<p>Diante da persist\u00eancia das altas temperaturas, a\u00a0<strong>Defesa Civil do Rio Grande do Sul refor\u00e7a alertas e orienta\u00e7\u00f5es essenciais para minimizar os efeitos do calor extremo na sa\u00fade da popula\u00e7\u00e3o<\/strong>. A exposi\u00e7\u00e3o prolongada e a falta de hidrata\u00e7\u00e3o adequada podem causar mal-estar, insola\u00e7\u00e3o e desidrata\u00e7\u00e3o.<\/p>\n\n\n<div class=\"g g-8\"><div class=\"g-dyn a-45 c-1\"><a href=\"https:\/\/tvnativoos.com.br\/wfe\/radio-online-costeira-nativa\/\" target=\"_blank\"><img decoding=\"async\" src=\"http:\/\/tvnativoos.com.br\/wfe\/wp-content\/uploads\/2024\/06\/radiocosteiranativa-2.jpeg\" \/><\/a><\/div><div class=\"g-dyn a-44 c-2\"><a href=\"https:\/\/tvnativoos.com.br\/wfe\/radio-online-costeira-nativa\/\" target=\"_blank\"><img decoding=\"async\" src=\"http:\/\/tvnativoos.com.br\/wfe\/wp-content\/uploads\/2024\/06\/radiocosteiranativa-1.jpeg\" \/><\/a><\/div><\/div>\n\n\n<p>Se inscreva em nosso canal do youtube.com\/@tvnativoos, curta nossa p\u00e1gina no facebook, instagram e veja nossa pelo portal\u00a0<a href=\"http:\/\/www.tvnativoos.com.br\/\">http:\/\/www.tvnativoos.com.br<\/a><\/p>\n","protected":false},"excerpt":{"rendered":"<p>Segundo a MetSul, o sol predomina em todo o territ\u00f3rio ga\u00facho, embora algumas localidades possam registrar nuvens esparsas O Rio Grande do Sul se prepara para mais um dia de tempo firme e temperaturas elevadas. Segundo a MetSul Meteorologia, a\u00a0sequ\u00eancia de dias com predom\u00ednio de sol prossegue em todas as regi\u00f5es ga\u00fachas neste domingo, consolidando [&hellip;]<\/p>\n","protected":false},"author":2,"featured_media":31597,"comment_status":"closed","ping_status":"closed","sticky":false,"template":"","format":"standard","meta":{"footnotes":""},"categories":[8,2718],"tags":[689,65],"class_list":["post-31738","post","type-post","status-publish","format-standard","has-post-thumbnail","hentry","category-noticias","category-primavera-2025","tag-clima","tag-tvnativoos"],"cc_featured_image_caption":{"caption_text":"","source_text":"","source_url":""},"_links":{"self":[{"href":"https:\/\/tvnativoos.com.br\/wfe\/wp-json\/wp\/v2\/posts\/31738","targetHints":{"allow":["GET"]}}],"collection":[{"href":"https:\/\/tvnativoos.com.br\/wfe\/wp-json\/wp\/v2\/posts"}],"about":[{"href":"https:\/\/tvnativoos.com.br\/wfe\/wp-json\/wp\/v2\/types\/post"}],"author":[{"embeddable":true,"href":"https:\/\/tvnativoos.com.br\/wfe\/wp-json\/wp\/v2\/users\/2"}],"replies":[{"embeddable":true,"href":"https:\/\/tvnativoos.com.br\/wfe\/wp-json\/wp\/v2\/comments?post=31738"}],"version-history":[{"count":1,"href":"https:\/\/tvnativoos.com.br\/wfe\/wp-json\/wp\/v2\/posts\/31738\/revisions"}],"predecessor-version":[{"id":31739,"href":"https:\/\/tvnativoos.com.br\/wfe\/wp-json\/wp\/v2\/posts\/31738\/revisions\/31739"}],"wp:featuredmedia":[{"embeddable":true,"href":"https:\/\/tvnativoos.com.br\/wfe\/wp-json\/wp\/v2\/media\/31597"}],"wp:attachment":[{"href":"https:\/\/tvnativoos.com.br\/wfe\/wp-json\/wp\/v2\/media?parent=31738"}],"wp:term":[{"taxonomy":"category","embeddable":true,"href":"https:\/\/tvnativoos.com.br\/wfe\/wp-json\/wp\/v2\/categories?post=31738"},{"taxonomy":"post_tag","embeddable":true,"href":"https:\/\/tvnativoos.com.br\/wfe\/wp-json\/wp\/v2\/tags?post=31738"}],"curies":[{"name":"wp","href":"https:\/\/api.w.org\/{rel}","templated":true}]}}