{"id":31733,"date":"2026-01-24T14:29:10","date_gmt":"2026-01-24T14:29:10","guid":{"rendered":"https:\/\/tvnativoos.com.br\/wfe\/?p=31733"},"modified":"2026-01-24T14:29:12","modified_gmt":"2026-01-24T14:29:12","slug":"clima-rs-tera-sabado-com-predominio-do-sol-e-maximas-que-podem-ultrapassar-a-marca-dos-30oc","status":"publish","type":"post","link":"https:\/\/tvnativoos.com.br\/wfe\/clima-rs-tera-sabado-com-predominio-do-sol-e-maximas-que-podem-ultrapassar-a-marca-dos-30oc\/","title":{"rendered":"Clima &#8211; RS ter\u00e1 s\u00e1bado com predom\u00ednio do sol e m\u00e1ximas que podem ultrapassar a marca dos 30\u00baC"},"content":{"rendered":"\n<p>No entanto, o dia deve mais uma vez come\u00e7ar com temperaturas abaixo da m\u00e9dia para esta \u00e9poca do ano<\/p>\n\n\n\n<p>O&nbsp;<strong>Rio Grande do Sul ter\u00e1 o s\u00e1bado, 24, marcado pelo predom\u00ednio do sol em praticamente todas as regi\u00f5es<\/strong>. Embora nuvens esparsas apare\u00e7am na maioria das localidades, o dia come\u00e7a com c\u00e9u claro em diversos pontos do estado, garantindo um cen\u00e1rio ideal para atividades ao ar livre.<\/p>\n\n\n<div class=\"g g-6\"><div class=\"g-dyn a-58 c-1\"><a class=\"gofollow\" data-track=\"NTgsNiw2MA==\" href=\"https:\/\/transformar.tramandai.rs.gov.br\/\"><img decoding=\"async\" src=\"http:\/\/tvnativoos.com.br\/wfe\/wp-content\/uploads\/2026\/03\/TV-Nativoos-300-x-250-px.png\" \/><\/a><\/div><div class=\"g-dyn a-4 c-2\"><a class=\"gofollow\" data-track=\"NCw2LDYw\" href=\"https:\/\/arquitetalaurabaltar.com.br\/wfe\/\" target=\"_blank\"><img decoding=\"async\" src=\"http:\/\/tvnativoos.com.br\/wfe\/wp-content\/uploads\/2025\/01\/01-1.png\" \/><\/a><\/div><div class=\"g-dyn a-6 c-3\"><a class=\"gofollow\" data-track=\"Niw2LDYw\" href=\"#\" target=\"_blank\"><img decoding=\"async\" src=\"http:\/\/tvnativoos.com.br\/wfe\/wp-content\/uploads\/2023\/01\/banner-agua-kangen-e1701887476486.jpeg\" \/><\/a><\/div><div class=\"g-dyn a-62 c-4\"><a class=\"gofollow\" data-track=\"NjIsNiw2MA==\" href=\": http:\/\/teliga.corsan.com.br\" target=\"_blank\"><img decoding=\"async\" src=\"http:\/\/tvnativoos.com.br\/wfe\/wp-content\/uploads\/2026\/02\/WhatsApp-Image-2026-02-19-at-17.23.17.jpeg\" \/><\/a><\/div><div class=\"g-dyn a-39 c-5\"><a class=\"gofollow\" data-track=\"MzksNiw2MA==\" href=\"https:\/\/tvnativoos.com.br\/wfe\/\" target=\"_blank\"><img decoding=\"async\" src=\"http:\/\/tvnativoos.com.br\/wfe\/wp-content\/uploads\/2024\/05\/WhatsApp-Image-2024-05-17-at-19.58.28.jpeg\" \/><\/a><\/div><div class=\"g-dyn a-7 c-6\"><a class=\"gofollow\" data-track=\"Nyw2LDYw\" href=\"https:\/\/inovaimoveis.rs\/\" target=\"_blank\"><img decoding=\"async\" src=\"http:\/\/tvnativoos.com.br\/wfe\/wp-content\/uploads\/2023\/06\/Banner-Inova-300x214-1.jpeg\" \/><\/a><\/div><\/div>\n\n\n<h3 class=\"wp-block-heading\">Amplitude t\u00e9rmica e calor no interior<\/h3>\n\n\n\n<p>De acordo com a\u00a0<a href=\"https:\/\/metsul.com\/\"><strong>MetSul Meteorologia<\/strong><\/a>, o\u00a0<strong>amanhecer ainda registra temperaturas abaixo da m\u00e9dia para esta \u00e9poca do ano<\/strong>, fen\u00f4meno causado pela presen\u00e7a de ar seco e pela escassez de nuvens durante a madrugada. No entanto, o cen\u00e1rio muda rapidamente: o\u00a0<strong>calor ganha for\u00e7a \u00e0 tarde, com as m\u00e1ximas mais elevadas concentradas na Metade Oeste.<\/strong><\/p>\n\n\n\n<p>Em Ausentes a temperatura varia entre 9\u00baC e 24\u00baC enquanto em Santa Rosa fica entre 16\u00baC e 35\u00baC. J\u00e1 em Porto Alegre os term\u00f4metros ter\u00e3o registros entre 18\u00baC e 32\u00baC e em Uruguaiana entre 20\u00baC e 34\u00baC.<\/p>\n\n\n<div class=\"g g-7\"><div class=\"g-dyn a-7 c-1\"><a class=\"gofollow\" data-track=\"Nyw3LDYw\" href=\"https:\/\/inovaimoveis.rs\/\" target=\"_blank\"><img decoding=\"async\" src=\"http:\/\/tvnativoos.com.br\/wfe\/wp-content\/uploads\/2023\/06\/Banner-Inova-300x214-1.jpeg\" \/><\/a><\/div><div class=\"g-dyn a-8 c-2\"><a class=\"gofollow\" data-track=\"OCw3LDYw\" href=\"https:\/\/www.facebook.com\/sonia.conti.7545\" target=\"_blank\"><img decoding=\"async\" src=\"http:\/\/tvnativoos.com.br\/wfe\/wp-content\/uploads\/2023\/06\/BANNERS-350X250-SONIA-CONTI-1-300x214-1.jpg\" \/><\/a><\/div><div class=\"g-dyn a-4 c-3\"><a class=\"gofollow\" data-track=\"NCw3LDYw\" href=\"https:\/\/arquitetalaurabaltar.com.br\/wfe\/\" target=\"_blank\"><img decoding=\"async\" src=\"http:\/\/tvnativoos.com.br\/wfe\/wp-content\/uploads\/2025\/01\/01-1.png\" \/><\/a><\/div><div class=\"g-dyn a-39 c-4\"><a class=\"gofollow\" data-track=\"MzksNyw2MA==\" href=\"https:\/\/tvnativoos.com.br\/wfe\/\" target=\"_blank\"><img decoding=\"async\" src=\"http:\/\/tvnativoos.com.br\/wfe\/wp-content\/uploads\/2024\/05\/WhatsApp-Image-2024-05-17-at-19.58.28.jpeg\" \/><\/a><\/div><div class=\"g-dyn a-58 c-5\"><a class=\"gofollow\" data-track=\"NTgsNyw2MA==\" href=\"https:\/\/transformar.tramandai.rs.gov.br\/\"><img decoding=\"async\" src=\"http:\/\/tvnativoos.com.br\/wfe\/wp-content\/uploads\/2026\/03\/TV-Nativoos-300-x-250-px.png\" \/><\/a><\/div><div class=\"g-dyn a-6 c-6\"><a class=\"gofollow\" data-track=\"Niw3LDYw\" href=\"#\" target=\"_blank\"><img decoding=\"async\" src=\"http:\/\/tvnativoos.com.br\/wfe\/wp-content\/uploads\/2023\/01\/banner-agua-kangen-e1701887476486.jpeg\" \/><\/a><\/div><div class=\"g-dyn a-62 c-7\"><a class=\"gofollow\" data-track=\"NjIsNyw2MA==\" href=\": http:\/\/teliga.corsan.com.br\" target=\"_blank\"><img decoding=\"async\" src=\"http:\/\/tvnativoos.com.br\/wfe\/wp-content\/uploads\/2026\/02\/WhatsApp-Image-2026-02-19-at-17.23.17.jpeg\" \/><\/a><\/div><\/div>\n\n\n<h3 class=\"wp-block-heading\">Condi\u00e7\u00f5es no Litoral e Serra<\/h3>\n\n\n\n<p>Para quem busca as praias ga\u00fachas, a not\u00edcia \u00e9 positiva. O tempo segue excelente, com altern\u00e2ncia entre sol e nuvens. No entanto, h\u00e1 um pequeno alerta para instabilidade isolada:<\/p>\n\n\n\n<ul class=\"wp-block-list\">\n<li>Costa: Possibilidade de chuva passageira sobre o mar.<\/li>\n\n\n\n<li>Litoral Norte (Morro Alto a Torres): Chance de chuva isolada sobre os morros da Serra.<\/li>\n<\/ul>\n\n\n\n<p>O vento soprar\u00e1 do quadrante Leste com intensidade moderada ao longo do dia.<\/p>\n\n\n<div class=\"g g-8\"><div class=\"g-dyn a-44 c-1\"><a href=\"https:\/\/tvnativoos.com.br\/wfe\/radio-online-costeira-nativa\/\" target=\"_blank\"><img decoding=\"async\" src=\"http:\/\/tvnativoos.com.br\/wfe\/wp-content\/uploads\/2024\/06\/radiocosteiranativa-1.jpeg\" \/><\/a><\/div><div class=\"g-dyn a-45 c-2\"><a href=\"https:\/\/tvnativoos.com.br\/wfe\/radio-online-costeira-nativa\/\" target=\"_blank\"><img decoding=\"async\" src=\"http:\/\/tvnativoos.com.br\/wfe\/wp-content\/uploads\/2024\/06\/radiocosteiranativa-2.jpeg\" \/><\/a><\/div><\/div>\n\n\n<p>\u00a0\u00a0| Foto: CP<\/p>\n\n\n\n<p>Se inscreva em nosso canal do youtube.com\/@tvnativoos, curta nossa p\u00e1gina no facebook, instagram e veja nossa pelo portal\u00a0<a href=\"http:\/\/www.tvnativoos.com.br\/\">http:\/\/www.tvnativoos.com.br<\/a><\/p>\n","protected":false},"excerpt":{"rendered":"<p>No entanto, o dia deve mais uma vez come\u00e7ar com temperaturas abaixo da m\u00e9dia para esta \u00e9poca do ano O&nbsp;Rio Grande do Sul ter\u00e1 o s\u00e1bado, 24, marcado pelo predom\u00ednio do sol em praticamente todas as regi\u00f5es. Embora nuvens esparsas apare\u00e7am na maioria das localidades, o dia come\u00e7a com c\u00e9u claro em diversos pontos do [&hellip;]<\/p>\n","protected":false},"author":2,"featured_media":31734,"comment_status":"closed","ping_status":"closed","sticky":false,"template":"","format":"standard","meta":{"footnotes":""},"categories":[8,2718],"tags":[689,65],"class_list":["post-31733","post","type-post","status-publish","format-standard","has-post-thumbnail","hentry","category-noticias","category-primavera-2025","tag-clima","tag-tvnativoos"],"cc_featured_image_caption":{"caption_text":"","source_text":"","source_url":""},"_links":{"self":[{"href":"https:\/\/tvnativoos.com.br\/wfe\/wp-json\/wp\/v2\/posts\/31733","targetHints":{"allow":["GET"]}}],"collection":[{"href":"https:\/\/tvnativoos.com.br\/wfe\/wp-json\/wp\/v2\/posts"}],"about":[{"href":"https:\/\/tvnativoos.com.br\/wfe\/wp-json\/wp\/v2\/types\/post"}],"author":[{"embeddable":true,"href":"https:\/\/tvnativoos.com.br\/wfe\/wp-json\/wp\/v2\/users\/2"}],"replies":[{"embeddable":true,"href":"https:\/\/tvnativoos.com.br\/wfe\/wp-json\/wp\/v2\/comments?post=31733"}],"version-history":[{"count":1,"href":"https:\/\/tvnativoos.com.br\/wfe\/wp-json\/wp\/v2\/posts\/31733\/revisions"}],"predecessor-version":[{"id":31735,"href":"https:\/\/tvnativoos.com.br\/wfe\/wp-json\/wp\/v2\/posts\/31733\/revisions\/31735"}],"wp:featuredmedia":[{"embeddable":true,"href":"https:\/\/tvnativoos.com.br\/wfe\/wp-json\/wp\/v2\/media\/31734"}],"wp:attachment":[{"href":"https:\/\/tvnativoos.com.br\/wfe\/wp-json\/wp\/v2\/media?parent=31733"}],"wp:term":[{"taxonomy":"category","embeddable":true,"href":"https:\/\/tvnativoos.com.br\/wfe\/wp-json\/wp\/v2\/categories?post=31733"},{"taxonomy":"post_tag","embeddable":true,"href":"https:\/\/tvnativoos.com.br\/wfe\/wp-json\/wp\/v2\/tags?post=31733"}],"curies":[{"name":"wp","href":"https:\/\/api.w.org\/{rel}","templated":true}]}}