{"id":31619,"date":"2026-01-16T12:35:15","date_gmt":"2026-01-16T12:35:15","guid":{"rendered":"https:\/\/tvnativoos.com.br\/wfe\/?p=31619"},"modified":"2026-01-16T12:35:18","modified_gmt":"2026-01-16T12:35:18","slug":"clima-frente-fria-traz-chuva-e-risco-de-temporais-nesta-sexta-feira-no-rs","status":"publish","type":"post","link":"https:\/\/tvnativoos.com.br\/wfe\/clima-frente-fria-traz-chuva-e-risco-de-temporais-nesta-sexta-feira-no-rs\/","title":{"rendered":"Clima &#8211; Frente fria traz chuva e risco de temporais nesta sexta-feira no RS"},"content":{"rendered":"\n<p>Cidades ga\u00fachas podem registrar chuva forte localizada e tempestades isoladas com raios, vento e granizo<\/p>\n\n\n\n<p>Ap\u00f3s<strong>\u00a0sequ\u00eancia de dias com sol acompanhado de nuvens e calor intenso, com marcas que chegaram perto dos 40\u00baC nesta quinta-feira, 15<\/strong>, os ga\u00fachos devem se preparar para uma mudan\u00e7a no tempo. Segundo a MetSul Meteorologia, uma frente fria mudar\u00e1 o clima no Rio Grande do Sul nesta sexta-feira, 16.<\/p>\n\n\n\n<p>O sol chega a aparecer na maioria das localidades do estado, mas n<strong>o Oeste e no Sul o tempo se instabilizar\u00e1 com chuva ainda entre a madrugada e de manh\u00e3<\/strong>. No decorrer do dia, sobretudo&nbsp;<strong>da tarde para a noite, a chuva alcan\u00e7a outras \u00e1reas do estado que antes tiveram ainda horas de sol.<\/strong>&nbsp;H\u00e1 risco de&nbsp;<strong>chuva forte localizada e de temporais isolados com raios, vento e granizo<\/strong>.<\/p>\n\n\n<div class=\"g g-6\"><div class=\"g-dyn a-6 c-1\"><a class=\"gofollow\" data-track=\"Niw2LDYw\" href=\"#\" target=\"_blank\"><img decoding=\"async\" src=\"http:\/\/tvnativoos.com.br\/wfe\/wp-content\/uploads\/2023\/01\/banner-agua-kangen-e1701887476486.jpeg\" \/><\/a><\/div><div class=\"g-dyn a-39 c-2\"><a class=\"gofollow\" data-track=\"MzksNiw2MA==\" href=\"https:\/\/tvnativoos.com.br\/wfe\/\" target=\"_blank\"><img decoding=\"async\" src=\"http:\/\/tvnativoos.com.br\/wfe\/wp-content\/uploads\/2024\/05\/WhatsApp-Image-2024-05-17-at-19.58.28.jpeg\" \/><\/a><\/div><div class=\"g-dyn a-58 c-3\"><a class=\"gofollow\" data-track=\"NTgsNiw2MA==\" href=\"https:\/\/transformar.tramandai.rs.gov.br\/\"><img decoding=\"async\" src=\"http:\/\/tvnativoos.com.br\/wfe\/wp-content\/uploads\/2026\/03\/TV-Nativoos-300-x-250-px.png\" \/><\/a><\/div><div class=\"g-dyn a-7 c-4\"><a class=\"gofollow\" data-track=\"Nyw2LDYw\" href=\"https:\/\/inovaimoveis.rs\/\" target=\"_blank\"><img decoding=\"async\" src=\"http:\/\/tvnativoos.com.br\/wfe\/wp-content\/uploads\/2023\/06\/Banner-Inova-300x214-1.jpeg\" \/><\/a><\/div><div class=\"g-dyn a-62 c-5\"><a class=\"gofollow\" data-track=\"NjIsNiw2MA==\" href=\": http:\/\/teliga.corsan.com.br\" target=\"_blank\"><img decoding=\"async\" src=\"http:\/\/tvnativoos.com.br\/wfe\/wp-content\/uploads\/2026\/02\/WhatsApp-Image-2026-02-19-at-17.23.17.jpeg\" \/><\/a><\/div><div class=\"g-dyn a-4 c-6\"><a class=\"gofollow\" data-track=\"NCw2LDYw\" href=\"https:\/\/arquitetalaurabaltar.com.br\/wfe\/\" target=\"_blank\"><img decoding=\"async\" src=\"http:\/\/tvnativoos.com.br\/wfe\/wp-content\/uploads\/2025\/01\/01-1.png\" \/><\/a><\/div><\/div>\n\n\n<p>Contudo,&nbsp;<strong>antes da chegada do sistema frontal, a temperatura estar\u00e1 alta e faz calor<\/strong>. O calor vai ser mais intenso nos vales, Serra, Grande Porto Alegre, Litoral Norte e no Noroeste do estado.<\/p>\n\n\n\n<p>Em Porto Alegre, a temperatura varia entre 24\u00baC e 34\u00baC, enquanto em Cap\u00e3o da Canoa fica entre 25\u00baC e 30\u00baC. No Chu\u00ed, as marcas oscilam entre 22\u00baC e 26\u00baC e em Cruz Alta entre 24\u00baC e 31\u00baC.<\/p>\n\n\n\n<h3 class=\"wp-block-heading\">Duas frentes frias v\u00e3o atingir o estado em tr\u00eas dias<\/h3>\n\n\n\n<p>A MetSul Meteorologia antecipa que&nbsp;<strong>duas frentes frias v\u00e3o chegar ao Sul do Brasil entre esta sexta-feira e o domingo, 18<\/strong>, com mudan\u00e7a do tempo, chuva e queda de temperatura, sendo que o<strong>&nbsp;segundo sistema frontal preceder\u00e1 uma massa de ar frio de maior intensidade que trar\u00e1 marcas abaixo do normal para esta \u00e9poca do ano<\/strong>.<\/p>\n\n\n\n<p>O primeiro sistema frontal vai chegar ao Rio Grande do Sul nesta sexta e vai trazer chuva para todas as regi\u00f5es ga\u00fachas no decorrer do dia. O tempo se instabiliza ainda entre a madrugada e o come\u00e7o da manh\u00e3 pelo Oeste e o Sul, avan\u00e7ando com chuva para as demais regi\u00f5es no decorrer do dia e que ter\u00e3o ainda horas de sol e forte calor antes da mudan\u00e7a do tempo pela chegada da frente.<\/p>\n\n\n<div class=\"g g-7\"><div class=\"g-dyn a-7 c-1\"><a class=\"gofollow\" data-track=\"Nyw3LDYw\" href=\"https:\/\/inovaimoveis.rs\/\" target=\"_blank\"><img decoding=\"async\" src=\"http:\/\/tvnativoos.com.br\/wfe\/wp-content\/uploads\/2023\/06\/Banner-Inova-300x214-1.jpeg\" \/><\/a><\/div><div class=\"g-dyn a-8 c-2\"><a class=\"gofollow\" data-track=\"OCw3LDYw\" href=\"https:\/\/www.facebook.com\/sonia.conti.7545\" target=\"_blank\"><img decoding=\"async\" src=\"http:\/\/tvnativoos.com.br\/wfe\/wp-content\/uploads\/2023\/06\/BANNERS-350X250-SONIA-CONTI-1-300x214-1.jpg\" \/><\/a><\/div><div class=\"g-dyn a-4 c-3\"><a class=\"gofollow\" data-track=\"NCw3LDYw\" href=\"https:\/\/arquitetalaurabaltar.com.br\/wfe\/\" target=\"_blank\"><img decoding=\"async\" src=\"http:\/\/tvnativoos.com.br\/wfe\/wp-content\/uploads\/2025\/01\/01-1.png\" \/><\/a><\/div><div class=\"g-dyn a-6 c-4\"><a class=\"gofollow\" data-track=\"Niw3LDYw\" href=\"#\" target=\"_blank\"><img decoding=\"async\" src=\"http:\/\/tvnativoos.com.br\/wfe\/wp-content\/uploads\/2023\/01\/banner-agua-kangen-e1701887476486.jpeg\" \/><\/a><\/div><div class=\"g-dyn a-62 c-5\"><a class=\"gofollow\" data-track=\"NjIsNyw2MA==\" href=\": http:\/\/teliga.corsan.com.br\" target=\"_blank\"><img decoding=\"async\" src=\"http:\/\/tvnativoos.com.br\/wfe\/wp-content\/uploads\/2026\/02\/WhatsApp-Image-2026-02-19-at-17.23.17.jpeg\" \/><\/a><\/div><div class=\"g-dyn a-39 c-6\"><a class=\"gofollow\" data-track=\"MzksNyw2MA==\" href=\"https:\/\/tvnativoos.com.br\/wfe\/\" target=\"_blank\"><img decoding=\"async\" src=\"http:\/\/tvnativoos.com.br\/wfe\/wp-content\/uploads\/2024\/05\/WhatsApp-Image-2024-05-17-at-19.58.28.jpeg\" \/><\/a><\/div><div class=\"g-dyn a-58 c-7\"><a class=\"gofollow\" data-track=\"NTgsNyw2MA==\" href=\"https:\/\/transformar.tramandai.rs.gov.br\/\"><img decoding=\"async\" src=\"http:\/\/tvnativoos.com.br\/wfe\/wp-content\/uploads\/2026\/03\/TV-Nativoos-300-x-250-px.png\" \/><\/a><\/div><\/div>\n\n\n<p>Os volumes de chuva, em geral, devem ser baixos na atua\u00e7\u00e3o deste primeiro sistema, mas isoladamente h\u00e1 risco de chuva forte de curta dura\u00e7\u00e3o. Como haver\u00e1 ar quente na dianteira do sistema frontal, podem se formar temporais isolados com possibilidade raios, vento forte e queda de granizo.<\/p>\n\n\n\n<p><strong>No s\u00e1bado, 17, a frente estar\u00e1 semi-estacion\u00e1ria sobre o Sul do pa\u00eds<\/strong>. Com o aquecimento diurno, \u00e1reas de instabilidade v\u00e3o se formar com chuva e temporais isolados nos tr\u00eas estados da regi\u00e3o em horas da tarde para a noite, podendo chover forte em alguns pontos.<\/p>\n\n\n<div class=\"g g-8\"><div class=\"g-dyn a-44 c-1\"><a href=\"https:\/\/tvnativoos.com.br\/wfe\/radio-online-costeira-nativa\/\" target=\"_blank\"><img decoding=\"async\" src=\"http:\/\/tvnativoos.com.br\/wfe\/wp-content\/uploads\/2024\/06\/radiocosteiranativa-1.jpeg\" \/><\/a><\/div><div class=\"g-dyn a-45 c-2\"><a href=\"https:\/\/tvnativoos.com.br\/wfe\/radio-online-costeira-nativa\/\" target=\"_blank\"><img decoding=\"async\" src=\"http:\/\/tvnativoos.com.br\/wfe\/wp-content\/uploads\/2024\/06\/radiocosteiranativa-2.jpeg\" \/><\/a><\/div><\/div>\n\n\n<p>A segunda frente fria chega entre domingo e segunda-feira, 18. Vai alcan\u00e7ar o Rio Grande do Sul com muito escassa atividade, apenas provocando a rota\u00e7\u00e3o do vento para Sul com queda de temperatura em v\u00e1rias localidades.<\/p>\n\n\n\n<p>Este segundo sistema frontal vai se acoplar \u00e0 primeira frente, semi-estacion\u00e1ria sobre o Sul do Brasil, causando chuva especialmente entre a Metade Norte ga\u00facha e o Paran\u00e1. Na sequ\u00eancia, no come\u00e7o da pr\u00f3xima semana, impulsionada por uma massa de ar frio de maior intensidade que estar\u00e1 avan\u00e7ando pela Regi\u00e3o Sul, a frente fria vai se deslocar para o Sudeste do pa\u00eds com chuva forte e tempestades.<\/p>\n\n\n\n<p>Se inscreva em nosso canal do youtube.com\/@tvnativoos, curta nossa p\u00e1gina no facebook, instagram e veja nossa pelo portal\u00a0<a href=\"http:\/\/www.tvnativoos.com.br\/\">http:\/\/www.tvnativoos.com.br<\/a><\/p>\n","protected":false},"excerpt":{"rendered":"<p>Cidades ga\u00fachas podem registrar chuva forte localizada e tempestades isoladas com raios, vento e granizo Ap\u00f3s\u00a0sequ\u00eancia de dias com sol acompanhado de nuvens e calor intenso, com marcas que chegaram perto dos 40\u00baC nesta quinta-feira, 15, os ga\u00fachos devem se preparar para uma mudan\u00e7a no tempo. Segundo a MetSul Meteorologia, uma frente fria mudar\u00e1 o [&hellip;]<\/p>\n","protected":false},"author":2,"featured_media":31620,"comment_status":"closed","ping_status":"closed","sticky":false,"template":"","format":"standard","meta":{"footnotes":""},"categories":[8,2718],"tags":[689,65],"class_list":["post-31619","post","type-post","status-publish","format-standard","has-post-thumbnail","hentry","category-noticias","category-primavera-2025","tag-clima","tag-tvnativoos"],"cc_featured_image_caption":{"caption_text":"","source_text":"","source_url":""},"_links":{"self":[{"href":"https:\/\/tvnativoos.com.br\/wfe\/wp-json\/wp\/v2\/posts\/31619","targetHints":{"allow":["GET"]}}],"collection":[{"href":"https:\/\/tvnativoos.com.br\/wfe\/wp-json\/wp\/v2\/posts"}],"about":[{"href":"https:\/\/tvnativoos.com.br\/wfe\/wp-json\/wp\/v2\/types\/post"}],"author":[{"embeddable":true,"href":"https:\/\/tvnativoos.com.br\/wfe\/wp-json\/wp\/v2\/users\/2"}],"replies":[{"embeddable":true,"href":"https:\/\/tvnativoos.com.br\/wfe\/wp-json\/wp\/v2\/comments?post=31619"}],"version-history":[{"count":1,"href":"https:\/\/tvnativoos.com.br\/wfe\/wp-json\/wp\/v2\/posts\/31619\/revisions"}],"predecessor-version":[{"id":31621,"href":"https:\/\/tvnativoos.com.br\/wfe\/wp-json\/wp\/v2\/posts\/31619\/revisions\/31621"}],"wp:featuredmedia":[{"embeddable":true,"href":"https:\/\/tvnativoos.com.br\/wfe\/wp-json\/wp\/v2\/media\/31620"}],"wp:attachment":[{"href":"https:\/\/tvnativoos.com.br\/wfe\/wp-json\/wp\/v2\/media?parent=31619"}],"wp:term":[{"taxonomy":"category","embeddable":true,"href":"https:\/\/tvnativoos.com.br\/wfe\/wp-json\/wp\/v2\/categories?post=31619"},{"taxonomy":"post_tag","embeddable":true,"href":"https:\/\/tvnativoos.com.br\/wfe\/wp-json\/wp\/v2\/tags?post=31619"}],"curies":[{"name":"wp","href":"https:\/\/api.w.org\/{rel}","templated":true}]}}