{"id":31157,"date":"2025-12-08T19:57:31","date_gmt":"2025-12-08T19:57:31","guid":{"rendered":"https:\/\/tvnativoos.com.br\/wfe\/?p=31157"},"modified":"2025-12-08T19:57:31","modified_gmt":"2025-12-08T19:57:31","slug":"clima-a-area-mais-preocupante-e-realmente-o-litoral-alerta-meteorologista-do-inmet-sobre-impacto-de-ciclone-no-rs","status":"publish","type":"post","link":"https:\/\/tvnativoos.com.br\/wfe\/clima-a-area-mais-preocupante-e-realmente-o-litoral-alerta-meteorologista-do-inmet-sobre-impacto-de-ciclone-no-rs\/","title":{"rendered":"Clima &#8211; &#8220;A \u00e1rea mais preocupante \u00e9 realmente o litoral&#8221;, alerta meteorologista do Inmet sobre impacto de ciclone no RS"},"content":{"rendered":"\n<p>Em Porto Alegre, o fen\u00f4meno poder\u00e1 provocar ventos sustentados de cerca de 100 km\/h, com risco de causar danos \u00e0 rede el\u00e9trica e telhados<\/p>\n\n\n<div class=\"g g-6\"><div class=\"g-dyn a-58 c-1\"><a class=\"gofollow\" data-track=\"NTgsNiw2MA==\" href=\"https:\/\/transformar.tramandai.rs.gov.br\/\"><img decoding=\"async\" src=\"http:\/\/tvnativoos.com.br\/wfe\/wp-content\/uploads\/2026\/03\/TV-Nativoos-300-x-250-px.png\" \/><\/a><\/div><div class=\"g-dyn a-39 c-2\"><a class=\"gofollow\" data-track=\"MzksNiw2MA==\" href=\"https:\/\/tvnativoos.com.br\/wfe\/\" target=\"_blank\"><img decoding=\"async\" src=\"http:\/\/tvnativoos.com.br\/wfe\/wp-content\/uploads\/2024\/05\/WhatsApp-Image-2024-05-17-at-19.58.28.jpeg\" \/><\/a><\/div><div class=\"g-dyn a-7 c-3\"><a class=\"gofollow\" data-track=\"Nyw2LDYw\" href=\"https:\/\/inovaimoveis.rs\/\" target=\"_blank\"><img decoding=\"async\" src=\"http:\/\/tvnativoos.com.br\/wfe\/wp-content\/uploads\/2023\/06\/Banner-Inova-300x214-1.jpeg\" \/><\/a><\/div><div class=\"g-dyn a-4 c-4\"><a class=\"gofollow\" data-track=\"NCw2LDYw\" href=\"https:\/\/arquitetalaurabaltar.com.br\/wfe\/\" target=\"_blank\"><img decoding=\"async\" src=\"http:\/\/tvnativoos.com.br\/wfe\/wp-content\/uploads\/2025\/01\/01-1.png\" \/><\/a><\/div><div class=\"g-dyn a-6 c-5\"><a class=\"gofollow\" data-track=\"Niw2LDYw\" href=\"#\" target=\"_blank\"><img decoding=\"async\" src=\"http:\/\/tvnativoos.com.br\/wfe\/wp-content\/uploads\/2023\/01\/banner-agua-kangen-e1701887476486.jpeg\" \/><\/a><\/div><div class=\"g-dyn a-62 c-6\"><a class=\"gofollow\" data-track=\"NjIsNiw2MA==\" href=\": http:\/\/teliga.corsan.com.br\" target=\"_blank\"><img decoding=\"async\" src=\"http:\/\/tvnativoos.com.br\/wfe\/wp-content\/uploads\/2026\/02\/WhatsApp-Image-2026-02-19-at-17.23.17.jpeg\" \/><\/a><\/div><\/div>\n\n\n<p>O\u00a0<strong>litoral ga\u00facho<\/strong>\u00a0\u00e9 a regi\u00e3o com maior risco de ser impactada pelo\u00a0<strong>ciclone que atingir\u00e1 o Rio Grande do Sul nesta semana<\/strong>. O fen\u00f4meno meteorol\u00f3gico poder\u00e1 provocar\u00a0<strong>volumes expressivos de chuva<\/strong>\u00a0em curto espa\u00e7o de tempo e\u00a0<strong>fortes rajadas de vento<\/strong>. A proje\u00e7\u00e3o \u00e9 do meteorologista do Instituto Nacional de Meteorologia (Inmet), Marcelo Schneider, que estima que as precipita\u00e7\u00f5es poder\u00e3o variar de 30 a 70 mil\u00edmetros, podendo passar de\u00a0<strong>100 mil\u00edmetros<\/strong>\u00a0em algumas \u00e1reas, e o vento superar os\u00a0<strong>100 km\/h.<\/strong><\/p>\n\n\n\n<p>\u2014 O vento come\u00e7a a acelerar hoje, mas principalmente na virada de ter\u00e7a para quarta-feira, podendo em v\u00e1rias \u00e1reas se aproximar, at\u00e9 mesmo passar, dos 100 km\/h por hora. A \u00e1rea mais preocupante \u00e9 realmente o litoral, como \u00e9 de costume, por causa da forma\u00e7\u00e3o da baixa (<em>press\u00e3o<\/em>) e o tempo que ela vai permanecer durante a quarta-feira \u2014 prev\u00ea o especialista, em entrevista ao programa&nbsp;<em>Ga\u00facha Atualidade<\/em>, da&nbsp;<strong>R\u00e1dio Ga\u00facha<\/strong>, nesta segunda-feira (8).<\/p>\n\n\n\n<p>Schneider afirma que a&nbsp;<strong>primeira etapa do fen\u00f4meno j\u00e1 iniciou<\/strong>&nbsp;com chuva observada nesta segunda, na Fronteira Oeste, em raz\u00e3o do calor, e s<strong>e estender\u00e1 a partir do final da tarde at\u00e9 Porto Alegre<\/strong>&nbsp;e setores centrais do RS, &nbsp;abrangendo munic\u00edpios como Lajeado e Santa Cruz do Sul.<\/p>\n\n\n<div class=\"g g-7\"><div class=\"g-dyn a-8 c-1\"><a class=\"gofollow\" data-track=\"OCw3LDYw\" href=\"https:\/\/www.facebook.com\/sonia.conti.7545\" target=\"_blank\"><img decoding=\"async\" src=\"http:\/\/tvnativoos.com.br\/wfe\/wp-content\/uploads\/2023\/06\/BANNERS-350X250-SONIA-CONTI-1-300x214-1.jpg\" \/><\/a><\/div><div class=\"g-dyn a-4 c-2\"><a class=\"gofollow\" data-track=\"NCw3LDYw\" href=\"https:\/\/arquitetalaurabaltar.com.br\/wfe\/\" target=\"_blank\"><img decoding=\"async\" src=\"http:\/\/tvnativoos.com.br\/wfe\/wp-content\/uploads\/2025\/01\/01-1.png\" \/><\/a><\/div><div class=\"g-dyn a-6 c-3\"><a class=\"gofollow\" data-track=\"Niw3LDYw\" href=\"#\" target=\"_blank\"><img decoding=\"async\" src=\"http:\/\/tvnativoos.com.br\/wfe\/wp-content\/uploads\/2023\/01\/banner-agua-kangen-e1701887476486.jpeg\" \/><\/a><\/div><div class=\"g-dyn a-7 c-4\"><a class=\"gofollow\" data-track=\"Nyw3LDYw\" href=\"https:\/\/inovaimoveis.rs\/\" target=\"_blank\"><img decoding=\"async\" src=\"http:\/\/tvnativoos.com.br\/wfe\/wp-content\/uploads\/2023\/06\/Banner-Inova-300x214-1.jpeg\" \/><\/a><\/div><div class=\"g-dyn a-39 c-5\"><a class=\"gofollow\" data-track=\"MzksNyw2MA==\" href=\"https:\/\/tvnativoos.com.br\/wfe\/\" target=\"_blank\"><img decoding=\"async\" src=\"http:\/\/tvnativoos.com.br\/wfe\/wp-content\/uploads\/2024\/05\/WhatsApp-Image-2024-05-17-at-19.58.28.jpeg\" \/><\/a><\/div><div class=\"g-dyn a-62 c-6\"><a class=\"gofollow\" data-track=\"NjIsNyw2MA==\" href=\": http:\/\/teliga.corsan.com.br\" target=\"_blank\"><img decoding=\"async\" src=\"http:\/\/tvnativoos.com.br\/wfe\/wp-content\/uploads\/2026\/02\/WhatsApp-Image-2026-02-19-at-17.23.17.jpeg\" \/><\/a><\/div><div class=\"g-dyn a-58 c-7\"><a class=\"gofollow\" data-track=\"NTgsNyw2MA==\" href=\"https:\/\/transformar.tramandai.rs.gov.br\/\"><img decoding=\"async\" src=\"http:\/\/tvnativoos.com.br\/wfe\/wp-content\/uploads\/2026\/03\/TV-Nativoos-300-x-250-px.png\" \/><\/a><\/div><\/div>\n\n\n<p>\u2014 Essas pancadas de chuva n\u00e3o s\u00f3 aqui na Capital, mas em praticamente todo o Estado, podem ser de forte intensidade, e a&nbsp;<strong>preocupa\u00e7\u00e3o nossa \u00e9 o acumulado de chuva<\/strong>&nbsp;entre hoje e a quarta-feira, mas sobretudo hoje, segunda e amanh\u00e3, ter\u00e7a, n\u00f3s podemos ter em v\u00e1rias \u00e1reas acumulados entre 50 e 100 mil\u00edmetros de precipita\u00e7\u00e3o \u2014 analisou Schneider.<\/p>\n\n\n\n<p>O especialista explicou o&nbsp;<strong>volume pode superior a marca dos 100 mil\u00edmetros de forma isolada<\/strong>, principalmente no&nbsp;<strong>entorno da Lagoa dos Patos<\/strong>, em munic\u00edpios como S\u00e3o Louren\u00e7o do Sul, Tapes, Camaqu\u00e3, Rio Grande, e pontos entre Bag\u00e9 e o centro-sul do Estado, como Ca\u00e7apava do Sul. Para Schneider,&nbsp;<strong>enxurradas localizadas podem ocorrer at\u00e9 esta ter\u00e7a-feira (9)<\/strong>.<\/p>\n\n\n\n<p>O Inmet est\u00e1 atento para a virada da&nbsp;<strong>noite de ter\u00e7a para quarta-feira (10)<\/strong>, com foco na faixa leste do Estado. Este \u00e9 o&nbsp;<strong>per\u00edodo em que o vento estar\u00e1 mais forte<\/strong>, se estendendo ao longo da quarta-feira.<\/p>\n\n\n\n<p>\u2014 A nossa expectativa de ventos aqui na Capital, gira em torno de 70 a 100 km\/h. Isso durante a quarta-feira, mas antes a gente deve ter cuidado com os ventos que sopram aqui do litoral entre leste e nordeste, que \u00e9 o famoso &#8220;nordest\u00e3o&#8221; que precede essa mudan\u00e7a do tempo \u2014 alerta Schneider.<\/p>\n\n\n\n<p>Para o restante do Estado, a&nbsp;<strong>maior aten\u00e7\u00e3o tamb\u00e9m ser\u00e1 na quarta-feira<\/strong>, quando o centro de baixa press\u00e3o do ciclone ficar\u00e1 pr\u00f3ximo da costa do Rio Grande do Sul. A previs\u00e3o aponta que o&nbsp;<strong>vento pode ultrapassar os 100 km\/h em toda a faixa litor\u00e2nea<\/strong>, do Chu\u00ed a Torres.<\/p>\n\n\n\n<p>\u2014 Quando isso acontece, a gente j\u00e1 tem um hist\u00f3rico aqui no Estado, s\u00e3o aqueles ventos sustentados, ventos frequentes que causam bastante impacto na fia\u00e7\u00e3o da energia el\u00e9trica e tamb\u00e9m quest\u00e3o de destelhamentos \u2014 adverte o meteorologista.<\/p>\n\n\n\n<p>Fontes: GZH e Correio do POvo<\/p>\n","protected":false},"excerpt":{"rendered":"<p>Em Porto Alegre, o fen\u00f4meno poder\u00e1 provocar ventos sustentados de cerca de 100 km\/h, com risco de causar danos \u00e0 rede el\u00e9trica e telhados O\u00a0litoral ga\u00facho\u00a0\u00e9 a regi\u00e3o com maior risco de ser impactada pelo\u00a0ciclone que atingir\u00e1 o Rio Grande do Sul nesta semana. O fen\u00f4meno meteorol\u00f3gico poder\u00e1 provocar\u00a0volumes expressivos de chuva\u00a0em curto espa\u00e7o de [&hellip;]<\/p>\n","protected":false},"author":3,"featured_media":31158,"comment_status":"closed","ping_status":"closed","sticky":false,"template":"","format":"standard","meta":{"footnotes":""},"categories":[8],"tags":[35,689,65],"class_list":["post-31157","post","type-post","status-publish","format-standard","has-post-thumbnail","hentry","category-noticias","tag-ciclone","tag-clima","tag-tvnativoos"],"cc_featured_image_caption":{"caption_text":"RS deve ter temporais nos pr\u00f3ximos dias por conta de um ciclone\r\nFoto : Mauro Schaefer","source_text":"","source_url":""},"_links":{"self":[{"href":"https:\/\/tvnativoos.com.br\/wfe\/wp-json\/wp\/v2\/posts\/31157","targetHints":{"allow":["GET"]}}],"collection":[{"href":"https:\/\/tvnativoos.com.br\/wfe\/wp-json\/wp\/v2\/posts"}],"about":[{"href":"https:\/\/tvnativoos.com.br\/wfe\/wp-json\/wp\/v2\/types\/post"}],"author":[{"embeddable":true,"href":"https:\/\/tvnativoos.com.br\/wfe\/wp-json\/wp\/v2\/users\/3"}],"replies":[{"embeddable":true,"href":"https:\/\/tvnativoos.com.br\/wfe\/wp-json\/wp\/v2\/comments?post=31157"}],"version-history":[{"count":1,"href":"https:\/\/tvnativoos.com.br\/wfe\/wp-json\/wp\/v2\/posts\/31157\/revisions"}],"predecessor-version":[{"id":31159,"href":"https:\/\/tvnativoos.com.br\/wfe\/wp-json\/wp\/v2\/posts\/31157\/revisions\/31159"}],"wp:featuredmedia":[{"embeddable":true,"href":"https:\/\/tvnativoos.com.br\/wfe\/wp-json\/wp\/v2\/media\/31158"}],"wp:attachment":[{"href":"https:\/\/tvnativoos.com.br\/wfe\/wp-json\/wp\/v2\/media?parent=31157"}],"wp:term":[{"taxonomy":"category","embeddable":true,"href":"https:\/\/tvnativoos.com.br\/wfe\/wp-json\/wp\/v2\/categories?post=31157"},{"taxonomy":"post_tag","embeddable":true,"href":"https:\/\/tvnativoos.com.br\/wfe\/wp-json\/wp\/v2\/tags?post=31157"}],"curies":[{"name":"wp","href":"https:\/\/api.w.org\/{rel}","templated":true}]}}