{"id":31151,"date":"2025-12-08T14:17:46","date_gmt":"2025-12-08T14:17:46","guid":{"rendered":"https:\/\/tvnativoos.com.br\/wfe\/?p=31151"},"modified":"2025-12-08T14:17:47","modified_gmt":"2025-12-08T14:17:47","slug":"clima-segunda-comeca-com-muito-calor-antes-de-virada-no-tempo-com-ciclone-incomum-no-rs","status":"publish","type":"post","link":"https:\/\/tvnativoos.com.br\/wfe\/clima-segunda-comeca-com-muito-calor-antes-de-virada-no-tempo-com-ciclone-incomum-no-rs\/","title":{"rendered":"Clima &#8211; Segunda come\u00e7a com muito calor, antes de virada no tempo com ciclone incomum no RS"},"content":{"rendered":"\n<p>Forma\u00e7\u00e3o trar\u00e1 risco alto de precipita\u00e7\u00e3o elevada, inclusive com granizo, por v\u00e1rios dias<\/p>\n\n\n\n<p>A MetSul Meteorologia adverte que um centro de baixa press\u00e3o extremamente profundo, nesta segunda-feira no Nordeste da Argentina, vai dar origem a um intenso ciclone.\u00a0<strong>Com isso, come\u00e7a a mudar o tempo no Rio Grande do Sul.<\/strong><\/p>\n\n\n\n<p>O sol chega a aparecer com nuvens em v\u00e1rias \u00e1reas do estado, sobretudo na Metade Leste, mas a nebulosidade aumenta. Instabilidade vai avan\u00e7ar para grande parte do estado a partir do Oeste com chuva e temporais com risco de granizo e vendavais isolados. J\u00e1 chove de manh\u00e3 em alguns pontos, mas da tarde para a noite a instabilidade aumenta. O calor cede, mas segue quente em parte do estado.<\/p>\n\n\n<div class=\"g g-6\"><div class=\"g-dyn a-6 c-1\"><a class=\"gofollow\" data-track=\"Niw2LDYw\" href=\"#\" target=\"_blank\"><img decoding=\"async\" src=\"http:\/\/tvnativoos.com.br\/wfe\/wp-content\/uploads\/2023\/01\/banner-agua-kangen-e1701887476486.jpeg\" \/><\/a><\/div><div class=\"g-dyn a-4 c-2\"><a class=\"gofollow\" data-track=\"NCw2LDYw\" href=\"https:\/\/arquitetalaurabaltar.com.br\/wfe\/\" target=\"_blank\"><img decoding=\"async\" src=\"http:\/\/tvnativoos.com.br\/wfe\/wp-content\/uploads\/2025\/01\/01-1.png\" \/><\/a><\/div><div class=\"g-dyn a-39 c-3\"><a class=\"gofollow\" data-track=\"MzksNiw2MA==\" href=\"https:\/\/tvnativoos.com.br\/wfe\/\" target=\"_blank\"><img decoding=\"async\" src=\"http:\/\/tvnativoos.com.br\/wfe\/wp-content\/uploads\/2024\/05\/WhatsApp-Image-2024-05-17-at-19.58.28.jpeg\" \/><\/a><\/div><div class=\"g-dyn a-62 c-4\"><a class=\"gofollow\" data-track=\"NjIsNiw2MA==\" href=\": http:\/\/teliga.corsan.com.br\" target=\"_blank\"><img decoding=\"async\" src=\"http:\/\/tvnativoos.com.br\/wfe\/wp-content\/uploads\/2026\/02\/WhatsApp-Image-2026-02-19-at-17.23.17.jpeg\" \/><\/a><\/div><div class=\"g-dyn a-7 c-5\"><a class=\"gofollow\" data-track=\"Nyw2LDYw\" href=\"https:\/\/inovaimoveis.rs\/\" target=\"_blank\"><img decoding=\"async\" src=\"http:\/\/tvnativoos.com.br\/wfe\/wp-content\/uploads\/2023\/06\/Banner-Inova-300x214-1.jpeg\" \/><\/a><\/div><div class=\"g-dyn a-58 c-6\"><a class=\"gofollow\" data-track=\"NTgsNiw2MA==\" href=\"https:\/\/transformar.tramandai.rs.gov.br\/\"><img decoding=\"async\" src=\"http:\/\/tvnativoos.com.br\/wfe\/wp-content\/uploads\/2026\/03\/TV-Nativoos-300-x-250-px.png\" \/><\/a><\/div><\/div>\n\n\n<p>Dever\u00e1 ser um ciclone incomum em v\u00e1rios aspectos: \u00e9poca do ano em que ocorre, forma\u00e7\u00e3o sobre o continente, intensidade, a trajet\u00f3ria err\u00e1tica e a press\u00e3o excepcionalmente baixa. Modelos indicam press\u00e3o em terra no RS de 985 hPa a 990 hPa. S\u00e3o valores excepcionalmente baixos, rar\u00edssimos, e se confirmados ser\u00e3o os menores desde o furac\u00e3o Catarina, de 2004, embora se enfatize que este sistema n\u00e3o \u00e9 um furac\u00e3o.<\/p>\n\n\n<div class=\"g g-7\"><div class=\"g-dyn a-39 c-1\"><a class=\"gofollow\" data-track=\"MzksNyw2MA==\" href=\"https:\/\/tvnativoos.com.br\/wfe\/\" target=\"_blank\"><img decoding=\"async\" src=\"http:\/\/tvnativoos.com.br\/wfe\/wp-content\/uploads\/2024\/05\/WhatsApp-Image-2024-05-17-at-19.58.28.jpeg\" \/><\/a><\/div><div class=\"g-dyn a-7 c-2\"><a class=\"gofollow\" data-track=\"Nyw3LDYw\" href=\"https:\/\/inovaimoveis.rs\/\" target=\"_blank\"><img decoding=\"async\" src=\"http:\/\/tvnativoos.com.br\/wfe\/wp-content\/uploads\/2023\/06\/Banner-Inova-300x214-1.jpeg\" \/><\/a><\/div><div class=\"g-dyn a-58 c-3\"><a class=\"gofollow\" data-track=\"NTgsNyw2MA==\" href=\"https:\/\/transformar.tramandai.rs.gov.br\/\"><img decoding=\"async\" src=\"http:\/\/tvnativoos.com.br\/wfe\/wp-content\/uploads\/2026\/03\/TV-Nativoos-300-x-250-px.png\" \/><\/a><\/div><div class=\"g-dyn a-62 c-4\"><a class=\"gofollow\" data-track=\"NjIsNyw2MA==\" href=\": http:\/\/teliga.corsan.com.br\" target=\"_blank\"><img decoding=\"async\" src=\"http:\/\/tvnativoos.com.br\/wfe\/wp-content\/uploads\/2026\/02\/WhatsApp-Image-2026-02-19-at-17.23.17.jpeg\" \/><\/a><\/div><div class=\"g-dyn a-6 c-5\"><a class=\"gofollow\" data-track=\"Niw3LDYw\" href=\"#\" target=\"_blank\"><img decoding=\"async\" src=\"http:\/\/tvnativoos.com.br\/wfe\/wp-content\/uploads\/2023\/01\/banner-agua-kangen-e1701887476486.jpeg\" \/><\/a><\/div><div class=\"g-dyn a-8 c-6\"><a class=\"gofollow\" data-track=\"OCw3LDYw\" href=\"https:\/\/www.facebook.com\/sonia.conti.7545\" target=\"_blank\"><img decoding=\"async\" src=\"http:\/\/tvnativoos.com.br\/wfe\/wp-content\/uploads\/2023\/06\/BANNERS-350X250-SONIA-CONTI-1-300x214-1.jpg\" \/><\/a><\/div><div class=\"g-dyn a-4 c-7\"><a class=\"gofollow\" data-track=\"NCw3LDYw\" href=\"https:\/\/arquitetalaurabaltar.com.br\/wfe\/\" target=\"_blank\"><img decoding=\"async\" src=\"http:\/\/tvnativoos.com.br\/wfe\/wp-content\/uploads\/2025\/01\/01-1.png\" \/><\/a><\/div><\/div>\n\n\n<p>O sistema ser\u00e1 de deslocamento lento, o que vai gerar condi\u00e7\u00f5es de risco por dias seguidos, at\u00e9 o come\u00e7o da quinta. Vai trazer chuva localmente excessiva com acumulados muito altos em pontos do Sul do Brasil, que isoladamente podem atingir 150 mm a 300 mm. Chove em v\u00e1rios pontos do interior, mas a chuva mais generalizada ocorre na ter\u00e7a-feira.<\/p>\n\n\n\n<p>Quarta ter\u00e1 precipita\u00e7\u00f5es ainda volumosas no Sul e Leste ga\u00facho. Onda de temporais acompanhar\u00e1 o ciclone em v\u00e1rios estados com granizo de variado tamanho e, sobretudo, vendavais que isoladamente podem ser destrutivos. O risco de tornados n\u00e3o \u00e9 afastado.<\/p>\n\n\n<div class=\"g g-8\"><div class=\"g-dyn a-45 c-1\"><a href=\"https:\/\/tvnativoos.com.br\/wfe\/radio-online-costeira-nativa\/\" target=\"_blank\"><img decoding=\"async\" src=\"http:\/\/tvnativoos.com.br\/wfe\/wp-content\/uploads\/2024\/06\/radiocosteiranativa-2.jpeg\" \/><\/a><\/div><div class=\"g-dyn a-44 c-2\"><a href=\"https:\/\/tvnativoos.com.br\/wfe\/radio-online-costeira-nativa\/\" target=\"_blank\"><img decoding=\"async\" src=\"http:\/\/tvnativoos.com.br\/wfe\/wp-content\/uploads\/2024\/06\/radiocosteiranativa-1.jpeg\" \/><\/a><\/div><\/div>\n\n\n<p>Os ventos cicl\u00f4nicos, que sopram com rajadas por horas seguidas, devem ser muito intensos. S\u00e3o esperadas rajadas de 60 km\/h a 80 km\/h na maior parte do Rio Grande do Sul com 80 a km\/h 100 km\/h no Sul e no Leste ga\u00facho, mas com possibilidade de rajadas de 100 km\/h a 130 km\/h em pontos do Sul, litoral e \u00e1rea da Lagoa dos Patos e seu entorno. Pontos elevados da encosta da Serra, entre o Nordeste ga\u00facho e o Planalto Sul de Santa Catarina, podem ter 100 k\/h a 150 km\/h.<\/p>\n\n\n\n<p>Fonte: Correio do Povo<\/p>\n\n\n\n<p>Se inscreva em nosso canal do youtube.com\/@tvnativoos, curta nossa p\u00e1gina no facebook, instagram e veja nossa pelo portal\u00a0<a href=\"http:\/\/www.tvnativoos.com.br\/\">http:\/\/www.tvnativoos.com.br<\/a><\/p>\n","protected":false},"excerpt":{"rendered":"<p>Forma\u00e7\u00e3o trar\u00e1 risco alto de precipita\u00e7\u00e3o elevada, inclusive com granizo, por v\u00e1rios dias A MetSul Meteorologia adverte que um centro de baixa press\u00e3o extremamente profundo, nesta segunda-feira no Nordeste da Argentina, vai dar origem a um intenso ciclone.\u00a0Com isso, come\u00e7a a mudar o tempo no Rio Grande do Sul. O sol chega a aparecer com [&hellip;]<\/p>\n","protected":false},"author":2,"featured_media":31152,"comment_status":"closed","ping_status":"closed","sticky":false,"template":"","format":"standard","meta":{"footnotes":""},"categories":[8,2718],"tags":[689,65],"class_list":["post-31151","post","type-post","status-publish","format-standard","has-post-thumbnail","hentry","category-noticias","category-primavera-2025","tag-clima","tag-tvnativoos"],"cc_featured_image_caption":{"caption_text":"","source_text":"","source_url":""},"_links":{"self":[{"href":"https:\/\/tvnativoos.com.br\/wfe\/wp-json\/wp\/v2\/posts\/31151","targetHints":{"allow":["GET"]}}],"collection":[{"href":"https:\/\/tvnativoos.com.br\/wfe\/wp-json\/wp\/v2\/posts"}],"about":[{"href":"https:\/\/tvnativoos.com.br\/wfe\/wp-json\/wp\/v2\/types\/post"}],"author":[{"embeddable":true,"href":"https:\/\/tvnativoos.com.br\/wfe\/wp-json\/wp\/v2\/users\/2"}],"replies":[{"embeddable":true,"href":"https:\/\/tvnativoos.com.br\/wfe\/wp-json\/wp\/v2\/comments?post=31151"}],"version-history":[{"count":1,"href":"https:\/\/tvnativoos.com.br\/wfe\/wp-json\/wp\/v2\/posts\/31151\/revisions"}],"predecessor-version":[{"id":31153,"href":"https:\/\/tvnativoos.com.br\/wfe\/wp-json\/wp\/v2\/posts\/31151\/revisions\/31153"}],"wp:featuredmedia":[{"embeddable":true,"href":"https:\/\/tvnativoos.com.br\/wfe\/wp-json\/wp\/v2\/media\/31152"}],"wp:attachment":[{"href":"https:\/\/tvnativoos.com.br\/wfe\/wp-json\/wp\/v2\/media?parent=31151"}],"wp:term":[{"taxonomy":"category","embeddable":true,"href":"https:\/\/tvnativoos.com.br\/wfe\/wp-json\/wp\/v2\/categories?post=31151"},{"taxonomy":"post_tag","embeddable":true,"href":"https:\/\/tvnativoos.com.br\/wfe\/wp-json\/wp\/v2\/tags?post=31151"}],"curies":[{"name":"wp","href":"https:\/\/api.w.org\/{rel}","templated":true}]}}