{"id":29345,"date":"2025-08-08T11:36:51","date_gmt":"2025-08-08T11:36:51","guid":{"rendered":"https:\/\/tvnativoos.com.br\/wfe\/?p=29345"},"modified":"2025-08-08T11:36:51","modified_gmt":"2025-08-08T11:36:51","slug":"fim-do-foro-moeda-de-troca-da-direita-pec-nao-beneficiaria-bolsonaro","status":"publish","type":"post","link":"https:\/\/tvnativoos.com.br\/wfe\/fim-do-foro-moeda-de-troca-da-direita-pec-nao-beneficiaria-bolsonaro\/","title":{"rendered":"Fim do foro: moeda de troca da direita, PEC n\u00e3o beneficiaria Bolsonaro"},"content":{"rendered":"\n<p>Proposta extingue a regra de deputados e senadores serem julgados no STF, mas mant\u00e9m a compet\u00eancia para presidente e vice<\/p>\n\n\n\n<p>Apesar de integrar o chamado \u201cpacote da paz\u201d defendido pela oposi\u00e7\u00e3o aliada ao ex-presidente\u00a0Jair Bolsonaro\u00a0(PL), a Proposta de Emenda \u00e0 Constitui\u00e7\u00e3o (PEC) do fim do Foro Privilegiado n\u00e3o deve afetar o julgamento que tramita no Supremo Tribunal Federal (STF) sobre tentativa de golpe de estado.<\/p>\n\n\n\n<p>A PEC extingue a regra de deputados e senadores serem julgados, obrigatoriamente, no Supremo por crimes cometidos durante o mandato, mas mant\u00e9m a compet\u00eancia em casos envolvendo presidente e vice-presidente. A proposta remeteria o in\u00edcio das an\u00e1lises para a primeira inst\u00e2ncia, aumentando o tempo de tramita\u00e7\u00e3o.<\/p>\n\n\n<div class=\"g g-6\"><div class=\"g-dyn a-58 c-1\"><a class=\"gofollow\" data-track=\"NTgsNiw2MA==\" href=\"https:\/\/transformar.tramandai.rs.gov.br\/\"><img decoding=\"async\" src=\"http:\/\/tvnativoos.com.br\/wfe\/wp-content\/uploads\/2026\/03\/TV-Nativoos-300-x-250-px.png\" \/><\/a><\/div><div class=\"g-dyn a-7 c-2\"><a class=\"gofollow\" data-track=\"Nyw2LDYw\" href=\"https:\/\/inovaimoveis.rs\/\" target=\"_blank\"><img decoding=\"async\" src=\"http:\/\/tvnativoos.com.br\/wfe\/wp-content\/uploads\/2023\/06\/Banner-Inova-300x214-1.jpeg\" \/><\/a><\/div><div class=\"g-dyn a-4 c-3\"><a class=\"gofollow\" data-track=\"NCw2LDYw\" href=\"https:\/\/arquitetalaurabaltar.com.br\/wfe\/\" target=\"_blank\"><img decoding=\"async\" src=\"http:\/\/tvnativoos.com.br\/wfe\/wp-content\/uploads\/2025\/01\/01-1.png\" \/><\/a><\/div><div class=\"g-dyn a-62 c-4\"><a class=\"gofollow\" data-track=\"NjIsNiw2MA==\" href=\": http:\/\/teliga.corsan.com.br\" target=\"_blank\"><img decoding=\"async\" src=\"http:\/\/tvnativoos.com.br\/wfe\/wp-content\/uploads\/2026\/02\/WhatsApp-Image-2026-02-19-at-17.23.17.jpeg\" \/><\/a><\/div><div class=\"g-dyn a-6 c-5\"><a class=\"gofollow\" data-track=\"Niw2LDYw\" href=\"#\" target=\"_blank\"><img decoding=\"async\" src=\"http:\/\/tvnativoos.com.br\/wfe\/wp-content\/uploads\/2023\/01\/banner-agua-kangen-e1701887476486.jpeg\" \/><\/a><\/div><div class=\"g-dyn a-39 c-6\"><a class=\"gofollow\" data-track=\"MzksNiw2MA==\" href=\"https:\/\/tvnativoos.com.br\/wfe\/\" target=\"_blank\"><img decoding=\"async\" src=\"http:\/\/tvnativoos.com.br\/wfe\/wp-content\/uploads\/2024\/05\/WhatsApp-Image-2024-05-17-at-19.58.28.jpeg\" \/><\/a><\/div><\/div>\n\n\n<p>Apesar de n\u00e3o beneficiar Bolsonaro diretamente, a proposta pode tirar outros componentes da ala bolsonarista da compet\u00eancia do Supremo, como Eduardo Bolsonaro (PL-SP), investigado por crimes contra a soberania nacional, ou at\u00e9 mesmo Marcel van Hattem (Novo-RS), investigado por expor fotos do delegado F\u00e1bio Shor na tribuna.<\/p>\n\n\n\n<p>A PEC tramita no Congresso desde 2013 e poder\u00e1 ser desengavetada na C\u00e2mara, onde atraiu o apoio de partidos do chamado centr\u00e3o, que costurou um consenso para destravar a pauta do Legislativo, obstru\u00edda por bolsonaristas.<\/p>\n\n\n\n<p>O senador Fl\u00e1vio Bolsonaro (PL-RJ) defende que Bolsonaro deveria ser julgado em inst\u00e2ncias inferiores, como em casos envolvendo outros presidentes (como o pr\u00f3prio Luiz In\u00e1cio Lula da Silva e Michel Temer), e critica a amplia\u00e7\u00e3o do foro para al\u00e9m do mandato.<\/p>\n\n\n\n<p>Em\u00a0mar\u00e7o, o Supremo decidiu por 7 votos a 4 ampliar o foro de deputados, senadores, ministros e demais autoridades p\u00fablicas que cometerem crimes usando a fun\u00e7\u00e3o p\u00fablica, ainda que tenham deixado o mandato.<\/p>\n\n\n\n<p>\u201cMichel Temer e Lula foram julgados onde? Na primeira inst\u00e2ncia, como deveria estar acontecendo com o presidente Bolsonaro, mas h\u00e1 ali uma articula\u00e7\u00e3o para que fosse mudado esse entendimento\u201d, afirmou. \u201cIsso n\u00e3o pode mais continuar sendo usado como um instrumento de press\u00e3o sob deputados e senadores\u201d, completou Fl\u00e1vio.<\/p>\n\n\n<div class=\"g g-7\"><div class=\"g-dyn a-6 c-1\"><a class=\"gofollow\" data-track=\"Niw3LDYw\" href=\"#\" target=\"_blank\"><img decoding=\"async\" src=\"http:\/\/tvnativoos.com.br\/wfe\/wp-content\/uploads\/2023\/01\/banner-agua-kangen-e1701887476486.jpeg\" \/><\/a><\/div><div class=\"g-dyn a-8 c-2\"><a class=\"gofollow\" data-track=\"OCw3LDYw\" href=\"https:\/\/www.facebook.com\/sonia.conti.7545\" target=\"_blank\"><img decoding=\"async\" src=\"http:\/\/tvnativoos.com.br\/wfe\/wp-content\/uploads\/2023\/06\/BANNERS-350X250-SONIA-CONTI-1-300x214-1.jpg\" \/><\/a><\/div><div class=\"g-dyn a-39 c-3\"><a class=\"gofollow\" data-track=\"MzksNyw2MA==\" href=\"https:\/\/tvnativoos.com.br\/wfe\/\" target=\"_blank\"><img decoding=\"async\" src=\"http:\/\/tvnativoos.com.br\/wfe\/wp-content\/uploads\/2024\/05\/WhatsApp-Image-2024-05-17-at-19.58.28.jpeg\" \/><\/a><\/div><div class=\"g-dyn a-62 c-4\"><a class=\"gofollow\" data-track=\"NjIsNyw2MA==\" href=\": http:\/\/teliga.corsan.com.br\" target=\"_blank\"><img decoding=\"async\" src=\"http:\/\/tvnativoos.com.br\/wfe\/wp-content\/uploads\/2026\/02\/WhatsApp-Image-2026-02-19-at-17.23.17.jpeg\" \/><\/a><\/div><div class=\"g-dyn a-4 c-5\"><a class=\"gofollow\" data-track=\"NCw3LDYw\" href=\"https:\/\/arquitetalaurabaltar.com.br\/wfe\/\" target=\"_blank\"><img decoding=\"async\" src=\"http:\/\/tvnativoos.com.br\/wfe\/wp-content\/uploads\/2025\/01\/01-1.png\" \/><\/a><\/div><div class=\"g-dyn a-58 c-6\"><a class=\"gofollow\" data-track=\"NTgsNyw2MA==\" href=\"https:\/\/transformar.tramandai.rs.gov.br\/\"><img decoding=\"async\" src=\"http:\/\/tvnativoos.com.br\/wfe\/wp-content\/uploads\/2026\/03\/TV-Nativoos-300-x-250-px.png\" \/><\/a><\/div><div class=\"g-dyn a-7 c-7\"><a class=\"gofollow\" data-track=\"Nyw3LDYw\" href=\"https:\/\/inovaimoveis.rs\/\" target=\"_blank\"><img decoding=\"async\" src=\"http:\/\/tvnativoos.com.br\/wfe\/wp-content\/uploads\/2023\/06\/Banner-Inova-300x214-1.jpeg\" \/><\/a><\/div><\/div>\n\n\n<h4 class=\"wp-block-heading\">Anistia<\/h4>\n\n\n\n<p>Al\u00e9m do \u201cpacote da paz\u201d, anunciado ap\u00f3s a pris\u00e3o domiciliar de Bolsonaro, a oposi\u00e7\u00e3o quer a tramita\u00e7\u00e3o da anistia \u201cgeral e irrestrita\u201d. Se aprovado nos termos propostos pelos bolsonaristas, o projeto dever\u00e1 beneficiar Bolsonaro, pois pode incluir condena\u00e7\u00f5es de cunho pol\u00edtico e cometidos entre o fim de 2022 e o in\u00edcio de 2023.<\/p>\n\n\n\n<p>Aliados do ex-presidente tamb\u00e9m querem o impeachment de\u00a0Alexandre de Moraes, cujo requerimento j\u00e1 atingiu quarenta e uma\u00a0assinaturas\u00a0de senadores, mas enfrenta a dura\u00a0negativa\u00a0do presidente da Casa,\u00a0Davi Alcolumbre\u00a0(Uni\u00e3o Brasil-AP).<\/p>\n\n\n\n<p>Apesar de contarem com o apoio do centr\u00e3o para tramitar, a PEC e a anistia n\u00e3o t\u00eam garantias de serem aprovadas pelos l\u00edderes. O presidente da C\u00e2mara dos Deputados, Hugo Motta (Republicanos-PB), disse que n\u00e3o participou de qualquer\u00a0acordo\u00a0sobre o tema. Alcolumbre, por outro lado, declarou a aliados que n\u00e3o travaria a tramita\u00e7\u00e3o no Senado.<\/p>\n\n\n<div class=\"g g-8\"><div class=\"g-dyn a-45 c-1\"><a href=\"https:\/\/tvnativoos.com.br\/wfe\/radio-online-costeira-nativa\/\" target=\"_blank\"><img decoding=\"async\" src=\"http:\/\/tvnativoos.com.br\/wfe\/wp-content\/uploads\/2024\/06\/radiocosteiranativa-2.jpeg\" \/><\/a><\/div><div class=\"g-dyn a-44 c-2\"><a href=\"https:\/\/tvnativoos.com.br\/wfe\/radio-online-costeira-nativa\/\" target=\"_blank\"><img decoding=\"async\" src=\"http:\/\/tvnativoos.com.br\/wfe\/wp-content\/uploads\/2024\/06\/radiocosteiranativa-1.jpeg\" \/><\/a><\/div><\/div>\n\n\n<p>Em entrevista ao colunista do&nbsp;<strong>Metr\u00f3poles<\/strong>&nbsp;Igor Gadelha, Motta disse que a PEC nasce de um sentimento de \u201cinc\u00f4modo\u201d no Legislativo em rela\u00e7\u00e3o \u00e0s decis\u00f5es do Supremo e que a proposta s\u00f3 ser\u00e1 pautada se houver maioria no col\u00e9gio de l\u00edderes. Adotou uma postura semelhante ao falar da anistia dizendo que, at\u00e9 o momento, o projeto n\u00e3o chegou ao plen\u00e1rio por falta de ades\u00e3o dos chefes partid\u00e1rios.<\/p>\n\n\n\n<p>Com informa\u00e7\u00f5es do Metr\u00f3poles<\/p>\n\n\n\n<p>Se inscreva em nosso canal do youtube.com\/@tvnativoos, curta nossa p\u00e1gina no facebook, instagram e veja nossa pelo portal www.tvnativoos.com.br<\/p>\n","protected":false},"excerpt":{"rendered":"<p>Proposta extingue a regra de deputados e senadores serem julgados no STF, mas mant\u00e9m a compet\u00eancia para presidente e vice Apesar de integrar o chamado \u201cpacote da paz\u201d defendido pela oposi\u00e7\u00e3o aliada ao ex-presidente\u00a0Jair Bolsonaro\u00a0(PL), a Proposta de Emenda \u00e0 Constitui\u00e7\u00e3o (PEC) do fim do Foro Privilegiado n\u00e3o deve afetar o julgamento que tramita no [&hellip;]<\/p>\n","protected":false},"author":2,"featured_media":29346,"comment_status":"closed","ping_status":"closed","sticky":false,"template":"","format":"standard","meta":{"footnotes":""},"categories":[8],"tags":[2599,65],"class_list":["post-29345","post","type-post","status-publish","format-standard","has-post-thumbnail","hentry","category-noticias","tag-politica-3","tag-tvnativoos"],"cc_featured_image_caption":{"caption_text":"","source_text":"","source_url":""},"_links":{"self":[{"href":"https:\/\/tvnativoos.com.br\/wfe\/wp-json\/wp\/v2\/posts\/29345","targetHints":{"allow":["GET"]}}],"collection":[{"href":"https:\/\/tvnativoos.com.br\/wfe\/wp-json\/wp\/v2\/posts"}],"about":[{"href":"https:\/\/tvnativoos.com.br\/wfe\/wp-json\/wp\/v2\/types\/post"}],"author":[{"embeddable":true,"href":"https:\/\/tvnativoos.com.br\/wfe\/wp-json\/wp\/v2\/users\/2"}],"replies":[{"embeddable":true,"href":"https:\/\/tvnativoos.com.br\/wfe\/wp-json\/wp\/v2\/comments?post=29345"}],"version-history":[{"count":1,"href":"https:\/\/tvnativoos.com.br\/wfe\/wp-json\/wp\/v2\/posts\/29345\/revisions"}],"predecessor-version":[{"id":29347,"href":"https:\/\/tvnativoos.com.br\/wfe\/wp-json\/wp\/v2\/posts\/29345\/revisions\/29347"}],"wp:featuredmedia":[{"embeddable":true,"href":"https:\/\/tvnativoos.com.br\/wfe\/wp-json\/wp\/v2\/media\/29346"}],"wp:attachment":[{"href":"https:\/\/tvnativoos.com.br\/wfe\/wp-json\/wp\/v2\/media?parent=29345"}],"wp:term":[{"taxonomy":"category","embeddable":true,"href":"https:\/\/tvnativoos.com.br\/wfe\/wp-json\/wp\/v2\/categories?post=29345"},{"taxonomy":"post_tag","embeddable":true,"href":"https:\/\/tvnativoos.com.br\/wfe\/wp-json\/wp\/v2\/tags?post=29345"}],"curies":[{"name":"wp","href":"https:\/\/api.w.org\/{rel}","templated":true}]}}