{"id":27917,"date":"2025-06-01T21:11:04","date_gmt":"2025-06-01T21:11:04","guid":{"rendered":"https:\/\/tvnativoos.com.br\/wfe\/?p=27917"},"modified":"2025-06-01T21:12:35","modified_gmt":"2025-06-01T21:12:35","slug":"cultura-dom-recebe-o-musicista-cantor-produtor-musical-e-educador-cris-correa-ep-03","status":"publish","type":"post","link":"https:\/\/tvnativoos.com.br\/wfe\/cultura-dom-recebe-o-musicista-cantor-produtor-musical-e-educador-cris-correa-ep-03\/","title":{"rendered":"Cultura &#8211; DOM recebe o Musicista, Cantor, Produtor Musical e Educador Cris Corr\u00eaa &#8211; EP 03"},"content":{"rendered":"\n<p>DOM \u00e9 um espa\u00e7o de inspira\u00e7\u00e3o, troca e arte. Produzido e apresentado por Marcos Alves e exibido na TV Nativoos, o programa se destaca por abordar temas que tocam a ess\u00eancia humana: m\u00fasica, cultura, arte, espiritualidade e comportamento, sempre com um olhar acolhedor e profundo. <\/p>\n\n\n\n<figure class=\"wp-block-embed is-type-video is-provider-youtube wp-block-embed-youtube wp-embed-aspect-16-9 wp-has-aspect-ratio\"><div class=\"wp-block-embed__wrapper\">\n<iframe loading=\"lazy\" title=\"DOM recebe o Musicista, Cantor, Produtor Musical e Educador Cris Corr\u00eaa - Epis\u00f3dio 03\" width=\"640\" height=\"360\" src=\"https:\/\/www.youtube.com\/embed\/dUnocqVW1Ns?feature=oembed\" frameborder=\"0\" allow=\"accelerometer; autoplay; clipboard-write; encrypted-media; gyroscope; picture-in-picture; web-share\" referrerpolicy=\"strict-origin-when-cross-origin\" allowfullscreen><\/iframe>\n<\/div><\/figure>\n\n\n\n<p>Com um formato leve e din\u00e2mico, DOM recebe convidados dos mais diversos segmentos \u2013 m\u00fasicos, artistas pl\u00e1sticos, escritores, l\u00edderes culturais, educadores, pensadores \u2013 para conversas que v\u00e3o al\u00e9m da superf\u00edcie. A proposta \u00e9 simples, mas poderosa: celebrar os talentos, dar voz \u00e0s hist\u00f3rias e promover a diversidade da cultura brasileira com verdade, emo\u00e7\u00e3o e autenticidade. <\/p>\n\n\n\n<p>Sob o comando sens\u00edvel de Marcos Alves, cada epis\u00f3dio \u00e9 uma experi\u00eancia. Com perguntas inteligentes e um tom intimista, ele conduz o p\u00fablico por trajet\u00f3rias marcantes, sons que despertam, ideias que provocam e momentos que emocionam. DOM \u00e9 um programa que respeita o tempo da escuta e valoriza a presen\u00e7a. <\/p>\n\n\n<div class=\"a-single a-6\"><a class=\"gofollow\" data-track=\"NiwwLDYw\" href=\"#\" target=\"_blank\"><img decoding=\"async\" src=\"http:\/\/tvnativoos.com.br\/wfe\/wp-content\/uploads\/2023\/01\/banner-agua-kangen-e1701887476486.jpeg\" \/><\/a><\/div>\n\n\n<p>O programa recebeu para o seu 3\u00ba epis\u00f3dio o musicista, compositor, cantor, produtor musical e educador Cris Corr\u00eaa, ele que atua na regi\u00e3o Metropolitana, na Serra e no Interior do Rio Grande do Sul levando a sua arte. Cris tem mais de 10 anos de apresenta\u00e7\u00f5es musicais, mais de 10 anos de produ\u00e7\u00e3o musical e atua a mais de 3 anos como educador musical, Ele \u00e9 bacharel em M\u00fasica pela UFRGS e em forma\u00e7\u00e3o em Licenciatura pela mesma institui\u00e7\u00e3o, Cris valoriza a m\u00fasica como uma express\u00e3o profunda, conectando som, cultura e educa\u00e7\u00e3o. <\/p>\n\n\n<div class=\"a-single a-7\"><a class=\"gofollow\" data-track=\"NywwLDYw\" href=\"https:\/\/inovaimoveis.rs\/\" target=\"_blank\"><img decoding=\"async\" src=\"http:\/\/tvnativoos.com.br\/wfe\/wp-content\/uploads\/2023\/06\/Banner-Inova-300x214-1.jpeg\" \/><\/a><\/div>\n\n\n<p>Sua experi\u00eancia com diferentes estilos e formatos reflete-se tanto em seus projetos solos quanto em suas colabora\u00e7\u00f5es com outros artistas e banda, criando uma experi\u00eancia musical rica e \u00fanica para o p\u00fablico. Para voc\u00ea que tem bom gosto, esse programa est\u00e1 simplesmente imperd\u00edvel, te convido para assistir e se encantar com o talento desse jovem m\u00fasico do Litoral Norte do Rio Grande do Sul. <\/p>\n\n\n<div class=\"a-single a-8\"><a class=\"gofollow\" data-track=\"OCwwLDYw\" href=\"https:\/\/www.facebook.com\/sonia.conti.7545\" target=\"_blank\"><img decoding=\"async\" src=\"http:\/\/tvnativoos.com.br\/wfe\/wp-content\/uploads\/2023\/06\/BANNERS-350X250-SONIA-CONTI-1-300x214-1.jpg\" \/><\/a><\/div>\n\n\n<p>Curta, compartilhe e inscreva em nosso canal do youtube.com\/@tvnativoos, curta nossa p\u00e1gina no facebook, instagram e veja nossa programa\u00e7\u00e3o ao vivo portal www.tvnativoos.com.br<\/p>\n","protected":false},"excerpt":{"rendered":"<p>DOM \u00e9 um espa\u00e7o de inspira\u00e7\u00e3o, troca e arte. Produzido e apresentado por Marcos Alves e exibido na TV Nativoos, o programa se destaca por abordar temas que tocam a ess\u00eancia humana: m\u00fasica, cultura, arte, espiritualidade e comportamento, sempre com um olhar acolhedor e profundo. Com um formato leve e din\u00e2mico, DOM recebe convidados dos [&hellip;]<\/p>\n","protected":false},"author":2,"featured_media":27918,"comment_status":"closed","ping_status":"closed","sticky":false,"template":"","format":"standard","meta":{"footnotes":""},"categories":[8,2718],"tags":[213,24,37,65],"class_list":["post-27917","post","type-post","status-publish","format-standard","has-post-thumbnail","hentry","category-noticias","category-primavera-2025","tag-cultura","tag-imbe","tag-tramandai","tag-tvnativoos"],"cc_featured_image_caption":{"caption_text":"","source_text":"","source_url":""},"_links":{"self":[{"href":"https:\/\/tvnativoos.com.br\/wfe\/wp-json\/wp\/v2\/posts\/27917","targetHints":{"allow":["GET"]}}],"collection":[{"href":"https:\/\/tvnativoos.com.br\/wfe\/wp-json\/wp\/v2\/posts"}],"about":[{"href":"https:\/\/tvnativoos.com.br\/wfe\/wp-json\/wp\/v2\/types\/post"}],"author":[{"embeddable":true,"href":"https:\/\/tvnativoos.com.br\/wfe\/wp-json\/wp\/v2\/users\/2"}],"replies":[{"embeddable":true,"href":"https:\/\/tvnativoos.com.br\/wfe\/wp-json\/wp\/v2\/comments?post=27917"}],"version-history":[{"count":3,"href":"https:\/\/tvnativoos.com.br\/wfe\/wp-json\/wp\/v2\/posts\/27917\/revisions"}],"predecessor-version":[{"id":27921,"href":"https:\/\/tvnativoos.com.br\/wfe\/wp-json\/wp\/v2\/posts\/27917\/revisions\/27921"}],"wp:featuredmedia":[{"embeddable":true,"href":"https:\/\/tvnativoos.com.br\/wfe\/wp-json\/wp\/v2\/media\/27918"}],"wp:attachment":[{"href":"https:\/\/tvnativoos.com.br\/wfe\/wp-json\/wp\/v2\/media?parent=27917"}],"wp:term":[{"taxonomy":"category","embeddable":true,"href":"https:\/\/tvnativoos.com.br\/wfe\/wp-json\/wp\/v2\/categories?post=27917"},{"taxonomy":"post_tag","embeddable":true,"href":"https:\/\/tvnativoos.com.br\/wfe\/wp-json\/wp\/v2\/tags?post=27917"}],"curies":[{"name":"wp","href":"https:\/\/api.w.org\/{rel}","templated":true}]}}