{"id":27781,"date":"2025-05-24T12:30:56","date_gmt":"2025-05-24T12:30:56","guid":{"rendered":"https:\/\/tvnativoos.com.br\/wfe\/?p=27781"},"modified":"2025-05-24T12:30:59","modified_gmt":"2025-05-24T12:30:59","slug":"clima-chuva-chega-ao-rs-neste-sabado-com-alerta-para-temporais-veja-a-previsao","status":"publish","type":"post","link":"https:\/\/tvnativoos.com.br\/wfe\/clima-chuva-chega-ao-rs-neste-sabado-com-alerta-para-temporais-veja-a-previsao\/","title":{"rendered":"Clima &#8211; Chuva chega ao RS neste s\u00e1bado com alerta para temporais; veja a previs\u00e3o"},"content":{"rendered":"\n<p>Instabilidade inicia pela Metade Oeste e atinge a maior parte do territ\u00f3rio ga\u00facho ao longo do dia<\/p>\n\n\n\n<p>Ap\u00f3s uma sequ\u00eancia de dias de sol, o<strong>\u00a0Rio Grande do Sul<\/strong>\u00a0ter\u00e1 uma mudan\u00e7a no tempo durante o final de semana. Conforme a\u00a0<a href=\"https:\/\/www.correiodopovo.com.br\/topicos\/Tag\/Metsul%20Meteorologia\" target=\"_blank\" rel=\"noreferrer noopener\"><strong>MetSul Meteorologia<\/strong><\/a>, j\u00e1 come\u00e7a a chover no s\u00e1bado. J\u00e1 entre a madrugada e a manh\u00e3, \u00e1reas de instabilidade trazem chuva para pontos da Metade Oeste, inicialmente pela fronteira com a Argentina e o Noroeste ga\u00facho.<\/p>\n\n\n<div class=\"a-single a-6\"><a class=\"gofollow\" data-track=\"NiwwLDYw\" href=\"#\" target=\"_blank\"><img decoding=\"async\" src=\"http:\/\/tvnativoos.com.br\/wfe\/wp-content\/uploads\/2023\/01\/banner-agua-kangen-e1701887476486.jpeg\" \/><\/a><\/div>\n\n\n<p>Nas demais regi\u00f5es, o sol aparece com nuvens e a nebulosidade aumenta com a&nbsp;<strong>chuva chegando at\u00e9 o fim do dia na maior parte das cidades<\/strong>. O dia ainda come\u00e7a com frio e ter\u00e1 temperatura amena.<\/p>\n\n\n<div class=\"a-single a-7\"><a class=\"gofollow\" data-track=\"NywwLDYw\" href=\"https:\/\/inovaimoveis.rs\/\" target=\"_blank\"><img decoding=\"async\" src=\"http:\/\/tvnativoos.com.br\/wfe\/wp-content\/uploads\/2023\/06\/Banner-Inova-300x214-1.jpeg\" \/><\/a><\/div>\n\n\n<p>A mudan\u00e7a \u00e9 consequ\u00eancia do&nbsp;<strong>avan\u00e7o de ar quente pelo Norte da Argentina que vai encontrar a massa de ar frio sobre o estado<\/strong>, instabilizando a atmosfera. O dia ainda come\u00e7a com frio e depois ter\u00e1 temperatura amena.<\/p>\n\n\n\n<figure class=\"wp-block-image size-full\"><img loading=\"lazy\" decoding=\"async\" width=\"800\" height=\"798\" src=\"https:\/\/tvnativoos.com.br\/wfe\/wp-content\/uploads\/2025\/05\/WhatsApp-Image-2025-05-23-at-19-07-07.webp\" alt=\"\" class=\"wp-image-27782\" srcset=\"https:\/\/tvnativoos.com.br\/wfe\/wp-content\/uploads\/2025\/05\/WhatsApp-Image-2025-05-23-at-19-07-07.webp 800w, https:\/\/tvnativoos.com.br\/wfe\/wp-content\/uploads\/2025\/05\/WhatsApp-Image-2025-05-23-at-19-07-07-300x300.webp 300w, https:\/\/tvnativoos.com.br\/wfe\/wp-content\/uploads\/2025\/05\/WhatsApp-Image-2025-05-23-at-19-07-07-150x150.webp 150w, https:\/\/tvnativoos.com.br\/wfe\/wp-content\/uploads\/2025\/05\/WhatsApp-Image-2025-05-23-at-19-07-07-768x766.webp 768w, https:\/\/tvnativoos.com.br\/wfe\/wp-content\/uploads\/2025\/05\/WhatsApp-Image-2025-05-23-at-19-07-07-600x600.webp 600w\" sizes=\"auto, (max-width: 800px) 100vw, 800px\" \/><\/figure>\n\n\n\n<p>Fonte: Correio do Povo<\/p>\n\n\n<div class=\"a-single a-8\"><a class=\"gofollow\" data-track=\"OCwwLDYw\" href=\"https:\/\/www.facebook.com\/sonia.conti.7545\" target=\"_blank\"><img decoding=\"async\" src=\"http:\/\/tvnativoos.com.br\/wfe\/wp-content\/uploads\/2023\/06\/BANNERS-350X250-SONIA-CONTI-1-300x214-1.jpg\" \/><\/a><\/div>\n\n\n<p>Curta, compartilhe e inscreva em nosso canal do youtube.com\/@tvnativoos, curta nossa p\u00e1gina no facebook, instagram e veja nossa programa\u00e7\u00e3o ao vivo portal www.tvnativoos.com.br<\/p>\n","protected":false},"excerpt":{"rendered":"<p>Instabilidade inicia pela Metade Oeste e atinge a maior parte do territ\u00f3rio ga\u00facho ao longo do dia Ap\u00f3s uma sequ\u00eancia de dias de sol, o\u00a0Rio Grande do Sul\u00a0ter\u00e1 uma mudan\u00e7a no tempo durante o final de semana. Conforme a\u00a0MetSul Meteorologia, j\u00e1 come\u00e7a a chover no s\u00e1bado. J\u00e1 entre a madrugada e a manh\u00e3, \u00e1reas de [&hellip;]<\/p>\n","protected":false},"author":2,"featured_media":27624,"comment_status":"closed","ping_status":"closed","sticky":false,"template":"","format":"standard","meta":{"footnotes":""},"categories":[8,2718],"tags":[689,65],"class_list":["post-27781","post","type-post","status-publish","format-standard","has-post-thumbnail","hentry","category-noticias","category-primavera-2025","tag-clima","tag-tvnativoos"],"cc_featured_image_caption":{"caption_text":"","source_text":"","source_url":""},"_links":{"self":[{"href":"https:\/\/tvnativoos.com.br\/wfe\/wp-json\/wp\/v2\/posts\/27781","targetHints":{"allow":["GET"]}}],"collection":[{"href":"https:\/\/tvnativoos.com.br\/wfe\/wp-json\/wp\/v2\/posts"}],"about":[{"href":"https:\/\/tvnativoos.com.br\/wfe\/wp-json\/wp\/v2\/types\/post"}],"author":[{"embeddable":true,"href":"https:\/\/tvnativoos.com.br\/wfe\/wp-json\/wp\/v2\/users\/2"}],"replies":[{"embeddable":true,"href":"https:\/\/tvnativoos.com.br\/wfe\/wp-json\/wp\/v2\/comments?post=27781"}],"version-history":[{"count":1,"href":"https:\/\/tvnativoos.com.br\/wfe\/wp-json\/wp\/v2\/posts\/27781\/revisions"}],"predecessor-version":[{"id":27783,"href":"https:\/\/tvnativoos.com.br\/wfe\/wp-json\/wp\/v2\/posts\/27781\/revisions\/27783"}],"wp:featuredmedia":[{"embeddable":true,"href":"https:\/\/tvnativoos.com.br\/wfe\/wp-json\/wp\/v2\/media\/27624"}],"wp:attachment":[{"href":"https:\/\/tvnativoos.com.br\/wfe\/wp-json\/wp\/v2\/media?parent=27781"}],"wp:term":[{"taxonomy":"category","embeddable":true,"href":"https:\/\/tvnativoos.com.br\/wfe\/wp-json\/wp\/v2\/categories?post=27781"},{"taxonomy":"post_tag","embeddable":true,"href":"https:\/\/tvnativoos.com.br\/wfe\/wp-json\/wp\/v2\/tags?post=27781"}],"curies":[{"name":"wp","href":"https:\/\/api.w.org\/{rel}","templated":true}]}}