{"id":27369,"date":"2025-05-09T19:23:08","date_gmt":"2025-05-09T19:23:08","guid":{"rendered":"https:\/\/tvnativoos.com.br\/wfe\/?p=27369"},"modified":"2025-05-09T19:23:34","modified_gmt":"2025-05-09T19:23:34","slug":"santa-rosa-prefeitura-promove-acao-de-conscientizacao-contra-o-abuso-e-a-exploracao-sexual-de-criancas-e-adolescentes","status":"publish","type":"post","link":"https:\/\/tvnativoos.com.br\/wfe\/santa-rosa-prefeitura-promove-acao-de-conscientizacao-contra-o-abuso-e-a-exploracao-sexual-de-criancas-e-adolescentes\/","title":{"rendered":"Santa Rosa &#8211; Prefeitura promove a\u00e7\u00e3o de conscientiza\u00e7\u00e3o contra o abuso e a explora\u00e7\u00e3o sexual de crian\u00e7as e adolescentes"},"content":{"rendered":"\n<p>A Prefeitura de Santa Rosa, por meio da Secretaria de Desenvolvimento Social, informa que ir\u00e1 realizar uma importante a\u00e7\u00e3o de sensibiliza\u00e7\u00e3o na pr\u00f3xima semana. A atividade ser\u00e1 alusiva ao Maio Laranja: campanha nacional de enfrentamento ao abuso e \u00e0 explora\u00e7\u00e3o sexual de crian\u00e7as e adolescentes. O evento vai acontecer no dia 17 de maio (s\u00e1bado), das 08h30min \u00e0s 11h30min, na Pra\u00e7a da Bandeira. A iniciativa conta com a parceria do Conselho Tutelar, CREAS e do Programa Crian\u00e7a Feliz.<\/p>\n\n\n<div class=\"a-single a-7\"><a class=\"gofollow\" data-track=\"NywwLDYw\" href=\"https:\/\/inovaimoveis.rs\/\" target=\"_blank\"><img decoding=\"async\" src=\"http:\/\/tvnativoos.com.br\/wfe\/wp-content\/uploads\/2023\/06\/Banner-Inova-300x214-1.jpeg\" \/><\/a><\/div>\n\n\n<p>Durante a atividade, ser\u00e3o distribu\u00eddos folders informativos com orienta\u00e7\u00f5es sobre como identificar sinais de abuso e explora\u00e7\u00e3o, onde buscar ajuda e a import\u00e2ncia da den\u00fancia. Equipes estar\u00e3o presentes para dialogar com a comunidade e esclarecer d\u00favidas sobre o tema. A Secret\u00e1ria de Desenvolvimento Social, Rita Strasser, destaca a relev\u00e2ncia da a\u00e7\u00e3o, \u201c\u00c9 fundamental que a sociedade esteja atenta e engajada na prote\u00e7\u00e3o de nossas crian\u00e7as e adolescentes. A informa\u00e7\u00e3o \u00e9 uma das principais ferramentas de combate a esse tipo de viol\u00eancia\u201d.<\/p>\n\n\n<div class=\"a-single a-6\"><a class=\"gofollow\" data-track=\"NiwwLDYw\" href=\"#\" target=\"_blank\"><img decoding=\"async\" src=\"http:\/\/tvnativoos.com.br\/wfe\/wp-content\/uploads\/2023\/01\/banner-agua-kangen-e1701887476486.jpeg\" \/><\/a><\/div>\n\n\n<p>O evento tem como foco informar, sensibilizar e mobilizar a popula\u00e7\u00e3o em torno dessa causa, contribuindo para a cria\u00e7\u00e3o de uma rede de prote\u00e7\u00e3o mais efetiva e consciente.<\/p>\n\n\n<div class=\"a-single a-8\"><a class=\"gofollow\" data-track=\"OCwwLDYw\" href=\"https:\/\/www.facebook.com\/sonia.conti.7545\" target=\"_blank\"><img decoding=\"async\" src=\"http:\/\/tvnativoos.com.br\/wfe\/wp-content\/uploads\/2023\/06\/BANNERS-350X250-SONIA-CONTI-1-300x214-1.jpg\" \/><\/a><\/div>\n\n\n<p>Curta, compartilhe e inscreva em nosso canal do\u00a0<a href=\"http:\/\/youtube.com\/@tvnativoos\">youtube.com\/@tvnativoos<\/a>, curta nossa p\u00e1gina no facebook, instagram e veja nossa programa\u00e7\u00e3o ao vivo portal\u00a0<a href=\"http:\/\/www.tvnativoos.com.br\/\">www.tvnativoos.com.br<\/a><\/p>\n","protected":false},"excerpt":{"rendered":"<p>A Prefeitura de Santa Rosa, por meio da Secretaria de Desenvolvimento Social, informa que ir\u00e1 realizar uma importante a\u00e7\u00e3o de sensibiliza\u00e7\u00e3o na pr\u00f3xima semana. A atividade ser\u00e1 alusiva ao Maio Laranja: campanha nacional de enfrentamento ao abuso e \u00e0 explora\u00e7\u00e3o sexual de crian\u00e7as e adolescentes. O evento vai acontecer no dia 17 de maio (s\u00e1bado), [&hellip;]<\/p>\n","protected":false},"author":2,"featured_media":27370,"comment_status":"closed","ping_status":"closed","sticky":false,"template":"","format":"standard","meta":{"footnotes":""},"categories":[8],"tags":[137,65],"class_list":["post-27369","post","type-post","status-publish","format-standard","has-post-thumbnail","hentry","category-noticias","tag-santa-rosa","tag-tvnativoos"],"cc_featured_image_caption":{"caption_text":"","source_text":"","source_url":""},"_links":{"self":[{"href":"https:\/\/tvnativoos.com.br\/wfe\/wp-json\/wp\/v2\/posts\/27369","targetHints":{"allow":["GET"]}}],"collection":[{"href":"https:\/\/tvnativoos.com.br\/wfe\/wp-json\/wp\/v2\/posts"}],"about":[{"href":"https:\/\/tvnativoos.com.br\/wfe\/wp-json\/wp\/v2\/types\/post"}],"author":[{"embeddable":true,"href":"https:\/\/tvnativoos.com.br\/wfe\/wp-json\/wp\/v2\/users\/2"}],"replies":[{"embeddable":true,"href":"https:\/\/tvnativoos.com.br\/wfe\/wp-json\/wp\/v2\/comments?post=27369"}],"version-history":[{"count":2,"href":"https:\/\/tvnativoos.com.br\/wfe\/wp-json\/wp\/v2\/posts\/27369\/revisions"}],"predecessor-version":[{"id":27373,"href":"https:\/\/tvnativoos.com.br\/wfe\/wp-json\/wp\/v2\/posts\/27369\/revisions\/27373"}],"wp:featuredmedia":[{"embeddable":true,"href":"https:\/\/tvnativoos.com.br\/wfe\/wp-json\/wp\/v2\/media\/27370"}],"wp:attachment":[{"href":"https:\/\/tvnativoos.com.br\/wfe\/wp-json\/wp\/v2\/media?parent=27369"}],"wp:term":[{"taxonomy":"category","embeddable":true,"href":"https:\/\/tvnativoos.com.br\/wfe\/wp-json\/wp\/v2\/categories?post=27369"},{"taxonomy":"post_tag","embeddable":true,"href":"https:\/\/tvnativoos.com.br\/wfe\/wp-json\/wp\/v2\/tags?post=27369"}],"curies":[{"name":"wp","href":"https:\/\/api.w.org\/{rel}","templated":true}]}}