{"id":27365,"date":"2025-05-09T18:51:53","date_gmt":"2025-05-09T18:51:53","guid":{"rendered":"https:\/\/tvnativoos.com.br\/wfe\/?p=27365"},"modified":"2025-05-09T19:13:34","modified_gmt":"2025-05-09T19:13:34","slug":"alckmin-em-reinauguracao-de-fabrica-no-rs-reconstrucao-esta-sendo-maior-que-a-destruicao","status":"publish","type":"post","link":"https:\/\/tvnativoos.com.br\/wfe\/alckmin-em-reinauguracao-de-fabrica-no-rs-reconstrucao-esta-sendo-maior-que-a-destruicao\/","title":{"rendered":"Alckmin em reinaugura\u00e7\u00e3o de f\u00e1brica no RS: \u201cReconstru\u00e7\u00e3o est\u00e1 sendo maior que a destrui\u00e7\u00e3o\u201d"},"content":{"rendered":"\n<p>Unidade da Coca-Cola FEMSA Brasil ficou mais de um m\u00eas inundada no per\u00edodo mais severo das enchentes. Apoio federal na retomada do estado ultrapassa R$ 111 bilh\u00f5es<\/p>\n\n\n\n<p>O presidente da Rep\u00fablica em exerc\u00edcio, Geraldo Alckmin, participou da reinaugura\u00e7\u00e3o da f\u00e1brica da Coca-Cola FEMSA Brasil em Porto Alegre (RS) nesta sexta-feira, 9 de maio. A unidade, que ficou cerca de um m\u00eas e meio inundada em raz\u00e3o do desastre clim\u00e1tico que atingiu o estado no ano passado, retoma agora 100% de sua capacidade de produ\u00e7\u00e3o.<\/p>\n\n\n\n<blockquote class=\"wp-block-quote is-layout-flow wp-block-quote-is-layout-flow\">\n<p>O Governo Federal esteve presente durante todo o per\u00edodo e a gente v\u00ea com alegria que a reconstru\u00e7\u00e3o est\u00e1 sendo maior do que foi a destrui\u00e7\u00e3o\u201d<\/p>\n\n\n\n<p><em>Geraldo Alckmin, presidente da Rep\u00fablica em exerc\u00edcio<\/em><\/p>\n<\/blockquote>\n\n\n\n<p>Durante o evento, Alckmin destacou a import\u00e2ncia do investimento da empresa, que aplicou R$ 886 milh\u00f5es na reconstru\u00e7\u00e3o da planta e melhorias operacionais, e elogiou a resili\u00eancia do povo ga\u00facho e a solidariedade nacional no enfrentamento da trag\u00e9dia.<\/p>\n\n\n\n<p>\u201c\u00c9 uma alegria estarmos neste momento aqui, na reconstru\u00e7\u00e3o de uma das mais modernas f\u00e1bricas do mundo, com equipamentos, tecnologia, automa\u00e7\u00e3o das mais modernas, com investimento de R$ 800 milh\u00f5es aqui em Porto Alegre e R$ 7 bilh\u00f5es que a Coca-Cola vai investir nas pr\u00f3ximas etapas no Brasil todo\u201d, afirmou Alckmin.<\/p>\n\n\n<div class=\"a-single a-6\"><a class=\"gofollow\" data-track=\"NiwwLDYw\" href=\"#\" target=\"_blank\"><img decoding=\"async\" src=\"http:\/\/tvnativoos.com.br\/wfe\/wp-content\/uploads\/2023\/01\/banner-agua-kangen-e1701887476486.jpeg\" \/><\/a><\/div>\n\n\n<p><strong>A\u00c7\u00c3O FEDERAL<\/strong>&nbsp;\u2014 O presidente em exerc\u00edcio refor\u00e7ou as a\u00e7\u00f5es executadas pelo Governo Federal para a recupera\u00e7\u00e3o do estado. Foram destinados mais de R$ 111 bilh\u00f5es, entre recursos para fam\u00edlias, produtores, empres\u00e1rios, para o estado e os munic\u00edpios. Um dos destaques citados por Alckmin foi o Aux\u00edlio Reconstru\u00e7\u00e3o para mais de 400 mil fam\u00edlias.&nbsp;\u201cO governo do presidente Lula esteve aqui desde o in\u00edcio atuando junto \u00e0s fam\u00edlias. Liberou o Aux\u00edlio de Reconstru\u00e7\u00e3o, R$ 5.100 reais por fam\u00edlia, prorrogou a d\u00edvida do estado, tirou os juros durante tr\u00eas anos, o que d\u00e1 R$ 23 bilh\u00f5es de melhora de fluxo, esteve presente na \u00e1rea da sa\u00fade, educa\u00e7\u00e3o, infraestrutura, criou um fundo espec\u00edfico, R$ 6,5 bilh\u00f5es. O Governo esteve presente durante todo o per\u00edodo e a gente v\u00ea com alegria que a reconstru\u00e7\u00e3o est\u00e1 sendo maior do que foi a destrui\u00e7\u00e3o\u201d, declarou.<\/p>\n\n\n\n<p><strong>PRODUTO INTERNO BRUTO<\/strong>&nbsp;\u2014 Alckmin tamb\u00e9m destacou o crescimento do Produto Interno Bruto (PIB) do estado, potencializado pelos esfor\u00e7os e investimentos federais. \u201cNo ano passado, n\u00f3s tivemos 3,4% de crescimento do PIB brasileiro, um crescimento forte, e a ind\u00fastria de transforma\u00e7\u00e3o cresceu 3,8%. Ela puxou o PIB para cima. E o Rio Grande do Sul, com 4,9% de crescimento, mostra que a reconstru\u00e7\u00e3o est\u00e1 sendo, gra\u00e7as a Deus, maior do que o impacto que teve\u201d, ressaltou.<\/p>\n\n\n\n<p><strong>REINAUGURA\u00c7\u00c3O<\/strong>&nbsp;\u2014 Durante a trag\u00e9dia clim\u00e1tica, a Coca-Cola FEMSA Brasil mobilizou a\u00e7\u00f5es de apoio \u00e0s comunidades locais, especialmente no bairro Sarandi e em Canoas, onde residem grande parte dos trabalhadores da f\u00e1brica. Foram doados mais de R$ 1,5 milh\u00e3o para medidas de emerg\u00eancia, 1 milh\u00e3o de litros de \u00e1gua, al\u00e9m de apoio a 360 colaboradores impactados, cerca de 10 mil estabelecimentos parceiros e 2 mil catadores de materiais recicl\u00e1veis.\u201cFaz um ano que vivemos uma situa\u00e7\u00e3o de crise muito complicada. Naquele momento, uma trag\u00e9dia, focamos nos colaboradores. Estamos orgulhosos de termos preservado os empregos. Queremos reiterar o compromisso que temos com o Rio Grande do Sul e com o pa\u00eds\u201d, disse o presidente de opera\u00e7\u00f5es da Coca-Cola FEMSA Brasil, Eduardo Pereyra.<\/p>\n\n\n<div class=\"a-single a-7\"><a class=\"gofollow\" data-track=\"NywwLDYw\" href=\"https:\/\/inovaimoveis.rs\/\" target=\"_blank\"><img decoding=\"async\" src=\"http:\/\/tvnativoos.com.br\/wfe\/wp-content\/uploads\/2023\/06\/Banner-Inova-300x214-1.jpeg\" \/><\/a><\/div>\n\n\n<p>O prefeito de Porto Alegre, Sebasti\u00e3o Melo, ressaltou a import\u00e2ncia da gera\u00e7\u00e3o de empregos e dos esfor\u00e7os das diferentes esferas de governo. \u201cS\u00f3 tinha um caminho: uni\u00e3o de esfor\u00e7os, governos locais, governo estadual e Federal, sociedade e voluntariado\u201d.<\/p>\n\n\n\n<p>Eduardo Leite, governador do Rio Grande do Sul, ressaltou as a\u00e7\u00f5es de apoio aos empreendedores do estado e a rede de colabora\u00e7\u00e3o entre estado, munic\u00edpios e Governo Federal. \u201cMuitas vidas foram impactadas nessa retomada de confian\u00e7a, apoiadas tamb\u00e9m pela empresa. Entramos em campo para garantir que n\u00e3o houvesse outra decis\u00e3o que n\u00e3o fosse retomar essa f\u00e1brica aqui em Porto Alegre\u201d, disse o governador.<\/p>\n\n\n\n<p><strong>IND\u00daSTRIA<\/strong>&nbsp;\u2014 Durante sua fala, o presidente em exerc\u00edcio tamb\u00e9m destacou as medidas voltadas para revitalizar o setor industrial brasileiro, como a Nova Ind\u00fastria Brasil (NIB), o programa de Deprecia\u00e7\u00e3o Acelerada, a cria\u00e7\u00e3o da Letra de Cr\u00e9dito de Desenvolvimento e os avan\u00e7os na Reforma Tribut\u00e1ria. \u201cA m\u00e9dia de m\u00e1quinas \u00e9 de 14 anos. Ent\u00e3o, \u00e9 renovar as m\u00e1quinas e equipamentos. A deprecia\u00e7\u00e3o de uma m\u00e1quina era feita, em m\u00e9dia, em 15 anos. Agora, em dois anos. Ent\u00e3o, tem R$ 3 bilh\u00f5es colocados no or\u00e7amento para a deprecia\u00e7\u00e3o acelerada. E agora passamos a ter LCD, Letra de Cr\u00e9dito do Desenvolvimento, que \u00e9 para ind\u00fastria e com\u00e9rcio. Um conjunto de pol\u00edticas para fortalecer a ind\u00fastria\u201d.Categoria<\/p>\n\n\n\n<p>Empresa, Ind\u00fastria e Com\u00e9rcio<\/p>\n\n\n\n<p>Tags:&nbsp;<a href=\"https:\/\/www.gov.br\/planalto\/pt-br\/@@search?origem=keyword&amp;SearchableText=Rio%20Grande%20do%20Sul\">Rio Grande do Sul<\/a><a href=\"https:\/\/www.gov.br\/planalto\/pt-br\/@@search?origem=keyword&amp;SearchableText=Reconstru%C3%A7%C3%A3o\">Reconstru\u00e7\u00e3o<\/a><a href=\"https:\/\/www.gov.br\/planalto\/pt-br\/@@search?origem=keyword&amp;SearchableText=Coca-Cola%20FEMSA%20Brasil\">Coca-Cola FEMSA Brasil<\/a><a href=\"https:\/\/www.gov.br\/planalto\/pt-br\/@@search?origem=keyword&amp;SearchableText=Apoio%20federal\">Apoio federal<\/a><\/p>\n\n\n<div class=\"a-single a-8\"><a class=\"gofollow\" data-track=\"OCwwLDYw\" href=\"https:\/\/www.facebook.com\/sonia.conti.7545\" target=\"_blank\"><img decoding=\"async\" src=\"http:\/\/tvnativoos.com.br\/wfe\/wp-content\/uploads\/2023\/06\/BANNERS-350X250-SONIA-CONTI-1-300x214-1.jpg\" \/><\/a><\/div>\n\n\n<p>Curta, compartilhe e inscreva em nosso canal do\u00a0<a href=\"http:\/\/youtube.com\/@tvnativoos\">youtube.com\/@tvnativoos<\/a>, curta nossa p\u00e1gina no facebook, instagram e veja nossa programa\u00e7\u00e3o ao vivo portal\u00a0<a href=\"http:\/\/www.tvnativoos.com.br\/\">www.tvnativoos.com.br<\/a><\/p>\n","protected":false},"excerpt":{"rendered":"<p>Unidade da Coca-Cola FEMSA Brasil ficou mais de um m\u00eas inundada no per\u00edodo mais severo das enchentes. Apoio federal na retomada do estado ultrapassa R$ 111 bilh\u00f5es O presidente da Rep\u00fablica em exerc\u00edcio, Geraldo Alckmin, participou da reinaugura\u00e7\u00e3o da f\u00e1brica da Coca-Cola FEMSA Brasil em Porto Alegre (RS) nesta sexta-feira, 9 de maio. A unidade, [&hellip;]<\/p>\n","protected":false},"author":2,"featured_media":27366,"comment_status":"closed","ping_status":"closed","sticky":false,"template":"","format":"standard","meta":{"footnotes":""},"categories":[8],"tags":[3328,65],"class_list":["post-27365","post","type-post","status-publish","format-standard","has-post-thumbnail","hentry","category-noticias","tag-reconstrucao-rs","tag-tvnativoos"],"cc_featured_image_caption":{"caption_text":"","source_text":"","source_url":""},"_links":{"self":[{"href":"https:\/\/tvnativoos.com.br\/wfe\/wp-json\/wp\/v2\/posts\/27365","targetHints":{"allow":["GET"]}}],"collection":[{"href":"https:\/\/tvnativoos.com.br\/wfe\/wp-json\/wp\/v2\/posts"}],"about":[{"href":"https:\/\/tvnativoos.com.br\/wfe\/wp-json\/wp\/v2\/types\/post"}],"author":[{"embeddable":true,"href":"https:\/\/tvnativoos.com.br\/wfe\/wp-json\/wp\/v2\/users\/2"}],"replies":[{"embeddable":true,"href":"https:\/\/tvnativoos.com.br\/wfe\/wp-json\/wp\/v2\/comments?post=27365"}],"version-history":[{"count":2,"href":"https:\/\/tvnativoos.com.br\/wfe\/wp-json\/wp\/v2\/posts\/27365\/revisions"}],"predecessor-version":[{"id":27368,"href":"https:\/\/tvnativoos.com.br\/wfe\/wp-json\/wp\/v2\/posts\/27365\/revisions\/27368"}],"wp:featuredmedia":[{"embeddable":true,"href":"https:\/\/tvnativoos.com.br\/wfe\/wp-json\/wp\/v2\/media\/27366"}],"wp:attachment":[{"href":"https:\/\/tvnativoos.com.br\/wfe\/wp-json\/wp\/v2\/media?parent=27365"}],"wp:term":[{"taxonomy":"category","embeddable":true,"href":"https:\/\/tvnativoos.com.br\/wfe\/wp-json\/wp\/v2\/categories?post=27365"},{"taxonomy":"post_tag","embeddable":true,"href":"https:\/\/tvnativoos.com.br\/wfe\/wp-json\/wp\/v2\/tags?post=27365"}],"curies":[{"name":"wp","href":"https:\/\/api.w.org\/{rel}","templated":true}]}}