{"id":27280,"date":"2025-05-07T18:11:34","date_gmt":"2025-05-07T18:11:34","guid":{"rendered":"https:\/\/tvnativoos.com.br\/wfe\/?p=27280"},"modified":"2025-05-07T18:11:35","modified_gmt":"2025-05-07T18:11:35","slug":"adriane-perin-assume-presidencia-da-famurs","status":"publish","type":"post","link":"https:\/\/tvnativoos.com.br\/wfe\/adriane-perin-assume-presidencia-da-famurs\/","title":{"rendered":"Adriane Perin assume presid\u00eancia da Famurs"},"content":{"rendered":"\n<p>Prefeita de Nonoai ficar\u00e1 no comando da entidade durante a Gest\u00e3o 2025\/2026. Ela ser\u00e1 a primeira mulher na lideran\u00e7a da Casa Municipalista Ga\u00facha<\/p>\n\n\n\n<p>A prefeita de Nonoai, Adriane Perin de Oliveira, foi empossada presidente da Federa\u00e7\u00e3o das Associa\u00e7\u00f5es de Munic\u00edpios do Rio Grande do Sul (Famurs) na manh\u00e3 desta quarta-feira (7\/05). Recebendo o cargo do ex-prefeito de Barra do Rio Azul, Marcelo Arruda, durante a programa\u00e7\u00e3o do 43\u00ba Congresso de Munic\u00edpios do RS, em Erechim, Adriane ficar\u00e1 no comando do Conselho de Administra\u00e7\u00e3o da Famurs durante o anu\u00eanio 2025\/2026.&nbsp;<\/p>\n\n\n\n<p>Em seu primeiro discurso j\u00e1 empossada, Adriane afirmou que o servi\u00e7o p\u00fablico \u00e9 uma miss\u00e3o cujo objetivo \u00e9 transformar a vida das pessoas que confiaram em todos os gestores com o voto. Ela declarou que aceitou o desafio de presidir a Famurs, pois acredita no municipalismo e no poder que a entidade tem de transformar a vida das pessoas.&nbsp;<\/p>\n\n\n\n<p>A prefeita de Nonoai frisou que no seu mandato ir\u00e1 trabalhar pela converg\u00eancia, pela uni\u00e3o dos munic\u00edpios, respeitando sempre a \u00e9tica e o di\u00e1logo. Ela refor\u00e7ou em seu discurso que ir\u00e1 defender os interesses dos munic\u00edpios, colocando sempre os anseios da comunidade ga\u00facha a frente das suas a\u00e7\u00f5es. \u201cVou buscar a converg\u00eancia e avan\u00e7ar com unidade. Nossa gest\u00e3o ter\u00e1 posi\u00e7\u00f5es firmes e claras, mas quando n\u00e3o tiver converg\u00eancia, vamos trabalhar para haja respeito\u201d, garantiu.&nbsp;<\/p>\n\n\n\n<p>Ela destacou que ir\u00e1 atuar para fortalecer a parceria entre Famurs e a Confedera\u00e7\u00e3o Nacional dos Munic\u00edpios (CNM) na pauta da Reforma Tribut\u00e1ria, para trabalhar num maior equil\u00edbrio fiscal e aumento da participa\u00e7\u00e3o dos munic\u00edpios, lembrando que isso \u00e9 vital para a sa\u00fade financeira das administra\u00e7\u00f5es municipais. \u201cSomos gratos pelo apoio que temos recebido dos governos federal e estadual. Todos os munic\u00edpios ga\u00fachos receberam repasses importantes, mas ser\u00e1 um ano de muitas reivindica\u00e7\u00f5es. Reivindica\u00e7\u00f5es justas\u201d, anunciou durante sua fala.&nbsp;&nbsp;<\/p>\n\n\n<div class=\"a-single a-7\"><a class=\"gofollow\" data-track=\"NywwLDYw\" href=\"https:\/\/inovaimoveis.rs\/\" target=\"_blank\"><img decoding=\"async\" src=\"http:\/\/tvnativoos.com.br\/wfe\/wp-content\/uploads\/2023\/06\/Banner-Inova-300x214-1.jpeg\" \/><\/a><\/div>\n\n\n<p>Lembrou, ainda, que \u00e9 momento de priorizar a resolu\u00e7\u00e3o dos problemas que o estado enfrenta, como as cheias e a estiagem, incentivando a cria\u00e7\u00e3o de pol\u00edticas p\u00fablicas e medidas contundentes que melhorem a resili\u00eancia clim\u00e1tica do RS. Em sua fala, Adriane tamb\u00e9m destacou que \u00e9 preciso ter coragem para enfrentar esses desafios com sabedoria e intelig\u00eancia, usando as novas ferramentas que o processo exige, e que o trabalho conjunto ser\u00e1 fundamental para garantir avan\u00e7os. \u201cVamos nos aproximar cada vez mais. A pluralidade dos nossos prefeitos \u00e9 a cara dos ga\u00fachos\u201d.&nbsp;<\/p>\n\n\n\n<p>A primeira presidente mulher da Famurs reiterou que toda a diretoria da entidade est\u00e1 pronta para ouvir os gestores e melhorar a vida de cada mun\u00edcipe ga\u00facho. Finalizou externando o sentimento de gratid\u00e3o, especialmente ao povo de Nonoai, pela oportunidade de estar vivendo este momento, e a fam\u00edlia por acreditar nesse desafio.<\/p>\n\n\n\n<p><strong>Despedida de Marcelo Arruda<\/strong><\/p>\n\n\n\n<p>Ao agradecer as autoridades, em seu \u00faltimo discurso como presidente da Famurs, Marcelo Arruda relembrou a\u00e7\u00f5es e pautas trabalhadas em conjunto. Aos deputados estaduais, salientou que ainda existe o compromisso de concluir os acessos asf\u00e1lticos. J\u00e1 ao se referir ao representante do governo federal e aos deputados federais, agradeceu o apoio com as pautas da reconstru\u00e7\u00e3o do Rio Grande do Sul. Ainda, destacou que o bom relacionamento com o Tribunal de Contas \u00e9 fundamental para as gest\u00f5es, por isso, estimulou que os prefeitos busquem orienta\u00e7\u00f5es pr\u00e9vias.&nbsp;<\/p>\n\n\n\n<p>Arruda desejou sucesso para prefeita Adriane e sua equipe, destacando sua trajet\u00f3ria. \u201cSua compet\u00eancia j\u00e1 foi comprovada com sua reelei\u00e7\u00e3o em Nonoai, e sabemos da sua constante defesa do municipalismo\u201d. Ao registar o marco hist\u00f3rico da primeira presidente mulher, destacou que hoje o RS tem 38 prefeitas e desejou que mais mulheres assumam cargos pol\u00edticos. \u201cA sensibilidade e a garra das mulheres fazem a diferen\u00e7a na gest\u00e3o\u201d. Arruda ainda relembrou que o primeiro-cavalheiro da hist\u00f3ria da Famurs, Salmo Dias de Oliveira, tamb\u00e9m j\u00e1 foi presidente da entidade e tem uma hist\u00f3ria de luta em prol do municipalismo.<\/p>\n\n\n<div class=\"a-single a-6\"><a class=\"gofollow\" data-track=\"NiwwLDYw\" href=\"#\" target=\"_blank\"><img decoding=\"async\" src=\"http:\/\/tvnativoos.com.br\/wfe\/wp-content\/uploads\/2023\/01\/banner-agua-kangen-e1701887476486.jpeg\" \/><\/a><\/div>\n\n\n<p>Ao se despedir, Arruda fez uma breve retrospectiva da Gest\u00e3o 2024\/2025. Depois de uma posse em meio as enchentes, foi poss\u00edvel realizar a maior Assembleia de Ver\u00e3o, com 1.500 participantes. Agradeceu os prefeitos que ajudaram a construir solu\u00e7\u00f5es no momento mais desafiador da hist\u00f3ria do RS. \u201cCom compreens\u00e3o e di\u00e1logo conseguimos vencer os estados de emerg\u00eancia e calamidade. E ainda conseguimos avan\u00e7ar importantes pautas\u201d, afirmou.&nbsp;&nbsp;<\/p>\n\n\n\n<p>Para finalizar, destacou que o apoio da nova gest\u00e3o aos agricultores vai ser fundamental, pois a economia do Rio Grande do Sul depende da continuidade dos produtores no campo. \u201cN\u00e3o estamos buscando o perd\u00e3o das d\u00edvidas, mas de uma solu\u00e7\u00e3o concreta, viabilidade de pagamento\u201d, defendeu.<\/p>\n\n\n\n<p><strong>Manifesta\u00e7\u00f5es&nbsp;<\/strong><\/p>\n\n\n\n<p>Por v\u00eddeo, o governador Eduardo Leite \u2013 que n\u00e3o pode estar presente por conta das condi\u00e7\u00f5es clim\u00e1ticas n\u00e3o permitirem o voo \u2013 parabenizou Marcelo Arruda pela gest\u00e3o e principalmente pelo comprometimento com as pautas municipalistas. Leite desejou sucesso a nova presidente, Adriane, na condu\u00e7\u00e3o da nova administra\u00e7\u00e3o da Famurs.<\/p>\n\n\n\n<p>O presidente Tribunal de Contas do Estado (TCE-RS), conselheiro Marco Peixoto, lembrou o Acordo de Coopera\u00e7\u00e3o T\u00e9cnica que consta que todos os prefeitos t\u00eam a premissa de procurarem o TCE e serem atendidos em suas demandas. Tamb\u00e9m detalhou sobre o programa de interioriza\u00e7\u00e3o que o tribunal est\u00e1 promovendo para aproximar o \u00f3rg\u00e3o dos prefeitos e das prefeitas ga\u00fachas, com reuni\u00f5es realizadas mensalmente em munic\u00edpios do interior do estado. Finalizou parabenizando o ex-presidente Marcelo Arruda e desejou sucesso a nova gest\u00e3o.<\/p>\n\n\n\n<p>Representando a Assembleia Legislativa do Estado (ALRS), o vice-presidente, deputado estadual Vilmar Zanchin, afirmou que os prefeitos e prefeitas do estado s\u00e3o conhecidos por serem respeitados, por suas seriedades e pelos grandes trabalhos realizados nas cidades. E como ex-presidente da Famurs, lembrou que mesmo com o passar dos anos, as pautas v\u00e3o se repetindo, sendo uma delas a regulamenta\u00e7\u00e3o da Reforma Tribut\u00e1ria, que impactar\u00e1 diretamente os munic\u00edpios. Ele refor\u00e7ou que os gestores devem estar atentos a este tema e os desdobramentos que ele ter\u00e1. Por fim, colocou a Assembleia Legislativa \u00e0 disposi\u00e7\u00e3o para trabalhar em conjunto com a nova diretoria da Famurs.<\/p>\n\n\n\n<p>O deputado federal Afonso Hann tamb\u00e9m participou da solenidade. O parlamentar destacou que os 31 deputados federais e os tr\u00eas senadores ga\u00fachos est\u00e3o ao lado da Famurs. Do mesmo partido da presidente Adriane, destacou que na lideran\u00e7a da Federa\u00e7\u00e3o, ela tamb\u00e9m ter\u00e1 a oportunidade de construir o futuro da Federa\u00e7\u00e3o Uni\u00e3o Progressistas, movimento que acaba de surgir. Hann tamb\u00e9m parabeniza o trabalho realizado pelo ex-presidente Marcelo Arruda, com quem encontrou em diversas agendas e eventos pelo interior do estado. O deputado federal, ao desejar sucesso \u00e0 nova gest\u00e3o, afirmou que acredita que ser\u00e1 um ano de trabalho forte e que a bancada ga\u00facha seguir\u00e1 ao lado da entidade, frisando que este \u00e9 um ano de retomada e da promo\u00e7\u00e3o de oportunidades.&nbsp;<\/p>\n\n\n<div class=\"a-single a-8\"><a class=\"gofollow\" data-track=\"OCwwLDYw\" href=\"https:\/\/www.facebook.com\/sonia.conti.7545\" target=\"_blank\"><img decoding=\"async\" src=\"http:\/\/tvnativoos.com.br\/wfe\/wp-content\/uploads\/2023\/06\/BANNERS-350X250-SONIA-CONTI-1-300x214-1.jpg\" \/><\/a><\/div>\n\n\n<p>Representando o governo federal, o secret\u00e1rio de Apoio a Reconstru\u00e7\u00e3o do RS, Maneco Hassen, parabenizou o ex-presidente Arruda por enfrentar com resili\u00eancia e coragem mesmo em meio as enchentes e dificuldades que o estado passou ao longo de seu mandato. Hassen afirmou que participou do processo de transi\u00e7\u00e3o da presid\u00eancia da Casa, em conversas junto a presidente Adriane e com o ex-presidente Salmo Dias de Oliveira. Declarou que tem a certeza que a nova presidente ir\u00e1 conduzir a entidade com muita responsabilidade e far\u00e1 um grande mandato. Hassen afirmou que os investimentos feitos pelo governo federal est\u00e3o ajudando o Rio Grande do Sul a se reerguer, e o governo do presidente Lula continuar\u00e1 apoiando o estado com recursos, incluindo o novo PAC, que ser\u00e1 anunciado nos pr\u00f3ximos dias, contemplando diversos munic\u00edpios ga\u00fachos com investimentos.<\/p>\n\n\n\n<p>A \u00faltima manifesta\u00e7\u00e3o foi do vice-governador do Estado, Gabriel Souza. Em nome do Estado, cumprimentou o ex-presidente Marcela Arruda, registrando o quanto o governo trabalhou ao lado da Famurs. Destacou que a gest\u00e3o que finaliza conquistou avan\u00e7os devido o di\u00e1logo aberto. Em sua fala, registrou a import\u00e2ncia desse marco hist\u00f3rico, em que uma mulher chega ao cargo de presidente da Famurs e frisou que&nbsp; o governo ga\u00facho tamb\u00e9m tem muitas mulheres competentes em posi\u00e7\u00f5es estrat\u00e9gicas no alto escal\u00e3o. Na oportunidade, ainda agradeceu a parceria com o primeiro-cavalheiro, Salmo Dias de Oliveira, que atua no governo estadual no Gabinete de Prefeitos.<\/p>\n\n\n\n<p>Gabriel Souza falou sobre a import\u00e2ncia de ter um bom relacionamento com os prefeitos, afinal o cidad\u00e3o n\u00e3o vive no Estado nem na Uni\u00e3o e o servi\u00e7o p\u00fablico \u00e9 concedido no munic\u00edpio. Agradeceu a parceria com os deputados estaduais, pois atrav\u00e9s dela foi poss\u00edvel alcan\u00e7ar o equil\u00edbrio fiscal no Rio Grande do Sul.&nbsp;<\/p>\n\n\n\n<p>Assim como o ex-presidente Marcelo Arruda e atual presidente Adriane Perin de Oliveira, o vice-governador Gabriel Souza afirmou que n\u00e3o existe munic\u00edpio ga\u00facho que n\u00e3o tenha recebido um repasse do Estado e que o governo seguir\u00e1 fazendo investimentos e melhorias. \u201cReafirmo que at\u00e9 o final do nosso mandato todos os acessos asf\u00e1ltico dos munic\u00edpios do Rio Grande do Sul ser\u00e3o feitos. Esse \u00e9 um compromisso meu e do governador Eduardo Leite com os munic\u00edpios\u201d, anunciou.&nbsp;<\/p>\n\n\n\n<p><strong>Conselho de Administra\u00e7\u00e3o<\/strong><\/p>\n\n\n\n<p>Na oportunidade tamb\u00e9m foram empossados os vice-presidentes que ir\u00e3o compor o Conselho de Administra\u00e7\u00e3o para a Gest\u00e3o 2025\/2026. A nova presid\u00eancia da Famurs fica composta da seguinte forma:<\/p>\n\n\n\n<p><strong>Presidente<\/strong><\/p>\n\n\n\n<ul class=\"wp-block-list\">\n<li>Adriane Perin de Oliveira (Progresistas) \/ Nonoai &#8211; AMNG\u00a0<\/li>\n<\/ul>\n\n\n\n<p><strong>Vice-presidentes<\/strong><\/p>\n\n\n\n<ul class=\"wp-block-list\">\n<li>Geverson Zimmermann (PSDB) \/ Esta\u00e7\u00e3o &#8211; AMAU<\/li>\n\n\n\n<li>Jonas Fernando Hauschild (PDT) \/ Tucunduva &#8211; AMUFRON<\/li>\n\n\n\n<li>Luis Henrique Vedovato (MDB) \/ Imb\u00e9 &#8211; AMLINORTE<\/li>\n\n\n\n<li>Luiz Fernando Mainardi (PT) \/ Bag\u00e9 &#8211; ASSUDOESTE<\/li>\n\n\n\n<li>M\u00e1rcia Raquel Rodrigues Presotto (UNI\u00c3O BRASIL) \/ Novo Barreiro &#8211; AMZOP<\/li>\n\n\n\n<li>Tiago Manoel Ferreira Michelon (PL) \/ Vespasiano Corr\u00eaa &#8211; AMAT<\/li>\n\n\n\n<li>Volmar Telles do Amaral (PP) \/ Saldanha Marinho &#8211; AMAJA<\/li>\n<\/ul>\n\n\n\n<p><strong>Conselho Fiscal&nbsp;<\/strong><\/p>\n\n\n\n<p>Tamb\u00e9m foram empossados, na presente solenidade, os prefeitos que ir\u00e3o compor o Conselho Fiscal da Famurs para o bi\u00eanio 2025\/2027, que ficou definido pela seguinte forma:<\/p>\n\n\n\n<ul class=\"wp-block-list\">\n<li>Carine Isabel Schwingel \/ Estrela &#8211; AMVAT \/ Presidente<\/li>\n\n\n\n<li>Vannei Mafissoni \/ Marcelino Ramos &#8211; AMAU \/ 1\u00ba titular<\/li>\n\n\n\n<li>Arlei Lu\u00eds Tomazoni \/ Tr\u00eas Passos &#8211; AMUCELEIRO \/ 2\u00ba titular<\/li>\n\n\n\n<li>Michael Kuhn \/ Selbach &#8211; AMAJA \/\u00a0 1\u00ba suplente<\/li>\n\n\n\n<li>Adilson Adam Balestrin \/ Seberi &#8211; AMZOP \/ 2\u00ba suplente<\/li>\n\n\n\n<li>Gilberto Domingos Menin \/ Porto Xavier &#8211; AMM \/ 3\u00ba suplente<\/li>\n<\/ul>\n\n\n\n<p>O 43\u00ba Congresso de Munic\u00edpios do RS recebeu o patroc\u00ednio de Banrisul, BRDE, Badesul, Governan\u00e7a Brasil, Priori, 1Doc Tecnologia, CREA-RS, XCMG, System, Somos Educa\u00e7\u00e3o, Corsan e Caixa. Tamb\u00e9m recebeu apoio da CNM, Prefeitura de Erechim, Amau, ACCIE, Planalto Transportes, Emater\/RS e GLFibra.<\/p>\n\n\n\n<p><strong>Data de publica\u00e7\u00e3o:<\/strong>&nbsp;07\/05\/2025<\/p>\n\n\n\n<p><strong>Cr\u00e9ditos:<\/strong>&nbsp;Ellen Renner, Camila Batista e Andr\u00e9 Bresolin<\/p>\n\n\n\n<p><strong>Cr\u00e9ditos das Fotos:<\/strong>&nbsp;Guilherme Pedrotti<\/p>\n\n\n\n<p>Fonte: famurs<\/p>\n\n\n\n<p>Curta, compartilhe e inscreva em nosso canal do youtube.com\/@tvnativoos, curta nossa p\u00e1gina no facebook, instagram e veja nossa programa\u00e7\u00e3o ao vivo portal www.tvnativoos.com.br<\/p>\n","protected":false},"excerpt":{"rendered":"<p>Prefeita de Nonoai ficar\u00e1 no comando da entidade durante a Gest\u00e3o 2025\/2026. Ela ser\u00e1 a primeira mulher na lideran\u00e7a da Casa Municipalista Ga\u00facha A prefeita de Nonoai, Adriane Perin de Oliveira, foi empossada presidente da Federa\u00e7\u00e3o das Associa\u00e7\u00f5es de Munic\u00edpios do Rio Grande do Sul (Famurs) na manh\u00e3 desta quarta-feira (7\/05). Recebendo o cargo do [&hellip;]<\/p>\n","protected":false},"author":2,"featured_media":27281,"comment_status":"closed","ping_status":"closed","sticky":false,"template":"","format":"standard","meta":{"footnotes":""},"categories":[8,2718],"tags":[304,65],"class_list":["post-27280","post","type-post","status-publish","format-standard","has-post-thumbnail","hentry","category-noticias","category-primavera-2025","tag-famurs","tag-tvnativoos"],"cc_featured_image_caption":{"caption_text":"","source_text":"","source_url":""},"_links":{"self":[{"href":"https:\/\/tvnativoos.com.br\/wfe\/wp-json\/wp\/v2\/posts\/27280","targetHints":{"allow":["GET"]}}],"collection":[{"href":"https:\/\/tvnativoos.com.br\/wfe\/wp-json\/wp\/v2\/posts"}],"about":[{"href":"https:\/\/tvnativoos.com.br\/wfe\/wp-json\/wp\/v2\/types\/post"}],"author":[{"embeddable":true,"href":"https:\/\/tvnativoos.com.br\/wfe\/wp-json\/wp\/v2\/users\/2"}],"replies":[{"embeddable":true,"href":"https:\/\/tvnativoos.com.br\/wfe\/wp-json\/wp\/v2\/comments?post=27280"}],"version-history":[{"count":1,"href":"https:\/\/tvnativoos.com.br\/wfe\/wp-json\/wp\/v2\/posts\/27280\/revisions"}],"predecessor-version":[{"id":27282,"href":"https:\/\/tvnativoos.com.br\/wfe\/wp-json\/wp\/v2\/posts\/27280\/revisions\/27282"}],"wp:featuredmedia":[{"embeddable":true,"href":"https:\/\/tvnativoos.com.br\/wfe\/wp-json\/wp\/v2\/media\/27281"}],"wp:attachment":[{"href":"https:\/\/tvnativoos.com.br\/wfe\/wp-json\/wp\/v2\/media?parent=27280"}],"wp:term":[{"taxonomy":"category","embeddable":true,"href":"https:\/\/tvnativoos.com.br\/wfe\/wp-json\/wp\/v2\/categories?post=27280"},{"taxonomy":"post_tag","embeddable":true,"href":"https:\/\/tvnativoos.com.br\/wfe\/wp-json\/wp\/v2\/tags?post=27280"}],"curies":[{"name":"wp","href":"https:\/\/api.w.org\/{rel}","templated":true}]}}