{"id":26800,"date":"2025-04-22T20:58:14","date_gmt":"2025-04-22T20:58:14","guid":{"rendered":"https:\/\/tvnativoos.com.br\/wfe\/?p=26800"},"modified":"2025-04-22T20:58:14","modified_gmt":"2025-04-22T20:58:14","slug":"pm-investiga-mensagens-de-policiais-que-debocham-da-morte-do-papa-francisco","status":"publish","type":"post","link":"https:\/\/tvnativoos.com.br\/wfe\/pm-investiga-mensagens-de-policiais-que-debocham-da-morte-do-papa-francisco\/","title":{"rendered":"PM investiga mensagens de policiais que debocham da morte do papa Francisco"},"content":{"rendered":"\n<p>Mensagens foram compartilhadas em um grupo de WhatsApp<\/p>\n\n\n\n<p>A Corregedoria da Pol\u00edcia Militar do Par\u00e1 investiga mensagens que debocham da\u00a0<strong>morte do papa Francisco<\/strong>\u00a0nesta segunda-feira, 21. Prints, que teriam sido tirados de um grupo de WhatsApp de policiais militares do Par\u00e1, mostram mensagens se referindo ao papa como &#8216;comunista&#8217; e comemorando &#8216;menos um comunista na Terra&#8217;. Outra mensagem diz: &#8216;j\u00e1 vai tarde&#8217;.<\/p>\n\n\n\n<p>A PM afirma que ir\u00e1 apurar administrativamente para identificar o militar, autor das mensagens, e instaurar processo administrativo. &#8216;A PM ressalta ainda que n\u00e3o compactua com desvios de conduta de agentes&#8217;, diz o \u00f3rg\u00e3o.<\/p>\n\n\n<div class=\"g g-6\"><div class=\"g-dyn a-4 c-1\"><a class=\"gofollow\" data-track=\"NCw2LDYw\" href=\"https:\/\/arquitetalaurabaltar.com.br\/wfe\/\" target=\"_blank\"><img decoding=\"async\" src=\"http:\/\/tvnativoos.com.br\/wfe\/wp-content\/uploads\/2025\/01\/01-1.png\" \/><\/a><\/div><div class=\"g-dyn a-7 c-2\"><a class=\"gofollow\" data-track=\"Nyw2LDYw\" href=\"https:\/\/inovaimoveis.rs\/\" target=\"_blank\"><img decoding=\"async\" src=\"http:\/\/tvnativoos.com.br\/wfe\/wp-content\/uploads\/2023\/06\/Banner-Inova-300x214-1.jpeg\" \/><\/a><\/div><div class=\"g-dyn a-58 c-3\"><a class=\"gofollow\" data-track=\"NTgsNiw2MA==\" href=\"https:\/\/transformar.tramandai.rs.gov.br\/\"><img decoding=\"async\" src=\"http:\/\/tvnativoos.com.br\/wfe\/wp-content\/uploads\/2026\/03\/TV-Nativoos-300-x-250-px.png\" \/><\/a><\/div><div class=\"g-dyn a-39 c-4\"><a class=\"gofollow\" data-track=\"MzksNiw2MA==\" href=\"https:\/\/tvnativoos.com.br\/wfe\/\" target=\"_blank\"><img decoding=\"async\" src=\"http:\/\/tvnativoos.com.br\/wfe\/wp-content\/uploads\/2024\/05\/WhatsApp-Image-2024-05-17-at-19.58.28.jpeg\" \/><\/a><\/div><div class=\"g-dyn a-6 c-5\"><a class=\"gofollow\" data-track=\"Niw2LDYw\" href=\"#\" target=\"_blank\"><img decoding=\"async\" src=\"http:\/\/tvnativoos.com.br\/wfe\/wp-content\/uploads\/2023\/01\/banner-agua-kangen-e1701887476486.jpeg\" \/><\/a><\/div><div class=\"g-dyn a-62 c-6\"><a class=\"gofollow\" data-track=\"NjIsNiw2MA==\" href=\": http:\/\/teliga.corsan.com.br\" target=\"_blank\"><img decoding=\"async\" src=\"http:\/\/tvnativoos.com.br\/wfe\/wp-content\/uploads\/2026\/02\/WhatsApp-Image-2026-02-19-at-17.23.17.jpeg\" \/><\/a><\/div><\/div>\n\n\n<p>A Arquidiocese de Bel\u00e9m, no Par\u00e1, informa que n\u00e3o tomou conhecimento pr\u00e9vio do conte\u00fado e &#8216;repudia veementemente qualquer manifesta\u00e7\u00e3o que v\u00e1 de encontro aos princ\u00edpios crist\u00e3os, especialmente aquelas que desrespeitam a dignidade da pessoa humana e a mem\u00f3ria de l\u00edderes religiosos&#8217;.<\/p>\n\n\n\n<p>&#8216;Independentemente da autoria, todo e qualquer ato que incentive o desrespeito, a intoler\u00e2ncia ou o \u00f3dio est\u00e1 em desacordo com os valores do Evangelho, que nos chama \u00e0 paz, \u00e0 caridade e ao respeito m\u00fatuo. Reafirmamos nosso compromisso com a promo\u00e7\u00e3o da fraternidade, do di\u00e1logo e da verdade, especialmente em tempos que exigem uni\u00e3o e empatia&#8217;, afirma a circunscri\u00e7\u00e3o eclesi\u00e1stica da Igreja Cat\u00f3lica no Par\u00e1.<\/p>\n\n\n<div class=\"g g-7\"><div class=\"g-dyn a-58 c-1\"><a class=\"gofollow\" data-track=\"NTgsNyw2MA==\" href=\"https:\/\/transformar.tramandai.rs.gov.br\/\"><img decoding=\"async\" src=\"http:\/\/tvnativoos.com.br\/wfe\/wp-content\/uploads\/2026\/03\/TV-Nativoos-300-x-250-px.png\" \/><\/a><\/div><div class=\"g-dyn a-39 c-2\"><a class=\"gofollow\" data-track=\"MzksNyw2MA==\" href=\"https:\/\/tvnativoos.com.br\/wfe\/\" target=\"_blank\"><img decoding=\"async\" src=\"http:\/\/tvnativoos.com.br\/wfe\/wp-content\/uploads\/2024\/05\/WhatsApp-Image-2024-05-17-at-19.58.28.jpeg\" \/><\/a><\/div><div class=\"g-dyn a-6 c-3\"><a class=\"gofollow\" data-track=\"Niw3LDYw\" href=\"#\" target=\"_blank\"><img decoding=\"async\" src=\"http:\/\/tvnativoos.com.br\/wfe\/wp-content\/uploads\/2023\/01\/banner-agua-kangen-e1701887476486.jpeg\" \/><\/a><\/div><div class=\"g-dyn a-4 c-4\"><a class=\"gofollow\" data-track=\"NCw3LDYw\" href=\"https:\/\/arquitetalaurabaltar.com.br\/wfe\/\" target=\"_blank\"><img decoding=\"async\" src=\"http:\/\/tvnativoos.com.br\/wfe\/wp-content\/uploads\/2025\/01\/01-1.png\" \/><\/a><\/div><div class=\"g-dyn a-7 c-5\"><a class=\"gofollow\" data-track=\"Nyw3LDYw\" href=\"https:\/\/inovaimoveis.rs\/\" target=\"_blank\"><img decoding=\"async\" src=\"http:\/\/tvnativoos.com.br\/wfe\/wp-content\/uploads\/2023\/06\/Banner-Inova-300x214-1.jpeg\" \/><\/a><\/div><div class=\"g-dyn a-62 c-6\"><a class=\"gofollow\" data-track=\"NjIsNyw2MA==\" href=\": http:\/\/teliga.corsan.com.br\" target=\"_blank\"><img decoding=\"async\" src=\"http:\/\/tvnativoos.com.br\/wfe\/wp-content\/uploads\/2026\/02\/WhatsApp-Image-2026-02-19-at-17.23.17.jpeg\" \/><\/a><\/div><div class=\"g-dyn a-8 c-7\"><a class=\"gofollow\" data-track=\"OCw3LDYw\" href=\"https:\/\/www.facebook.com\/sonia.conti.7545\" target=\"_blank\"><img decoding=\"async\" src=\"http:\/\/tvnativoos.com.br\/wfe\/wp-content\/uploads\/2023\/06\/BANNERS-350X250-SONIA-CONTI-1-300x214-1.jpg\" \/><\/a><\/div><\/div>\n\n\n<p>A Confer\u00eancia Nacional dos Bispos do Brasil (CNBB) afirmou, em coletiva de imprensa concedida ap\u00f3s a morte de Francisco, que n\u00e3o enxerga as pautas do pont\u00edfice como progressistas, mas sim que elas refletem a &#8216;humanidade do Evangelho&#8217;. &#8216;Sua mensagem eu n\u00e3o diria que \u00e9 de uma linha progressista, eu diria que sua mensagem \u00e9 trazer a ess\u00eancia do Evangelho&#8217;, afirmou o bispo auxiliar de Bras\u00edlia e secret\u00e1rio-geral da CNBB, dom Ricardo Hoepers.<\/p>\n\n\n\n<p>Curta, compartilhe e inscreva em nosso canal do\u00a0<a href=\"https:\/\/youtube.com\/@tvnativoos\">youtube.com\/@tvnativoos<\/a>, curta nossa p\u00e1gina no facebook, instagram e veja nossa programa\u00e7\u00e3o ao vivo portal\u00a0<a href=\"https:\/\/tvnativoos.com.br\/wfe\/tramandai-anuncia-os-shows-da-33a-festa-nacional-do-peixe-o-maior-evento-gastronomico-do-estado\/\">www.tvnativoos.com.br<\/a><\/p>\n\n\n<div class=\"g g-8\"><div class=\"g-dyn a-44 c-1\"><a href=\"https:\/\/tvnativoos.com.br\/wfe\/radio-online-costeira-nativa\/\" target=\"_blank\"><img decoding=\"async\" src=\"http:\/\/tvnativoos.com.br\/wfe\/wp-content\/uploads\/2024\/06\/radiocosteiranativa-1.jpeg\" \/><\/a><\/div><div class=\"g-dyn a-45 c-2\"><a href=\"https:\/\/tvnativoos.com.br\/wfe\/radio-online-costeira-nativa\/\" target=\"_blank\"><img decoding=\"async\" src=\"http:\/\/tvnativoos.com.br\/wfe\/wp-content\/uploads\/2024\/06\/radiocosteiranativa-2.jpeg\" \/><\/a><\/div><\/div>","protected":false},"excerpt":{"rendered":"<p>Mensagens foram compartilhadas em um grupo de WhatsApp A Corregedoria da Pol\u00edcia Militar do Par\u00e1 investiga mensagens que debocham da\u00a0morte do papa Francisco\u00a0nesta segunda-feira, 21. Prints, que teriam sido tirados de um grupo de WhatsApp de policiais militares do Par\u00e1, mostram mensagens se referindo ao papa como &#8216;comunista&#8217; e comemorando &#8216;menos um comunista na Terra&#8217;. [&hellip;]<\/p>\n","protected":false},"author":2,"featured_media":26801,"comment_status":"closed","ping_status":"open","sticky":false,"template":"","format":"standard","meta":{"footnotes":""},"categories":[8],"tags":[3308,65],"class_list":["post-26800","post","type-post","status-publish","format-standard","has-post-thumbnail","hentry","category-noticias","tag-papa-francisco","tag-tvnativoos"],"cc_featured_image_caption":{"caption_text":"","source_text":"","source_url":""},"_links":{"self":[{"href":"https:\/\/tvnativoos.com.br\/wfe\/wp-json\/wp\/v2\/posts\/26800","targetHints":{"allow":["GET"]}}],"collection":[{"href":"https:\/\/tvnativoos.com.br\/wfe\/wp-json\/wp\/v2\/posts"}],"about":[{"href":"https:\/\/tvnativoos.com.br\/wfe\/wp-json\/wp\/v2\/types\/post"}],"author":[{"embeddable":true,"href":"https:\/\/tvnativoos.com.br\/wfe\/wp-json\/wp\/v2\/users\/2"}],"replies":[{"embeddable":true,"href":"https:\/\/tvnativoos.com.br\/wfe\/wp-json\/wp\/v2\/comments?post=26800"}],"version-history":[{"count":1,"href":"https:\/\/tvnativoos.com.br\/wfe\/wp-json\/wp\/v2\/posts\/26800\/revisions"}],"predecessor-version":[{"id":26802,"href":"https:\/\/tvnativoos.com.br\/wfe\/wp-json\/wp\/v2\/posts\/26800\/revisions\/26802"}],"wp:featuredmedia":[{"embeddable":true,"href":"https:\/\/tvnativoos.com.br\/wfe\/wp-json\/wp\/v2\/media\/26801"}],"wp:attachment":[{"href":"https:\/\/tvnativoos.com.br\/wfe\/wp-json\/wp\/v2\/media?parent=26800"}],"wp:term":[{"taxonomy":"category","embeddable":true,"href":"https:\/\/tvnativoos.com.br\/wfe\/wp-json\/wp\/v2\/categories?post=26800"},{"taxonomy":"post_tag","embeddable":true,"href":"https:\/\/tvnativoos.com.br\/wfe\/wp-json\/wp\/v2\/tags?post=26800"}],"curies":[{"name":"wp","href":"https:\/\/api.w.org\/{rel}","templated":true}]}}