{"id":26608,"date":"2025-04-11T18:17:15","date_gmt":"2025-04-11T18:17:15","guid":{"rendered":"https:\/\/tvnativoos.com.br\/wfe\/?p=26608"},"modified":"2025-04-11T21:57:10","modified_gmt":"2025-04-11T21:57:10","slug":"congresso-tecnico-marca-ato-de-abertura-oficial-das-competicoes-escolares-canoenses-ceca","status":"publish","type":"post","link":"https:\/\/tvnativoos.com.br\/wfe\/congresso-tecnico-marca-ato-de-abertura-oficial-das-competicoes-escolares-canoenses-ceca\/","title":{"rendered":"Congresso T\u00e9cnico marca ato de abertura oficial das Competi\u00e7\u00f5es Escolares Canoenses (CECA)"},"content":{"rendered":"\n<p>A abertura oficial da 33\u00aa edi\u00e7\u00e3o das Competi\u00e7\u00f5es Escolares Canoenses (CECA), na manh\u00e3 desta sexta-feira (11), foi marcada pelo congresso t\u00e9cnico do tradicional evento esportivo que seguir\u00e1 com disputas em diferentes modalidades ao longo do ano. Prevista para o come\u00e7o de abril, a cerim\u00f4nia foi transferida devido aos estragos ocasionados pelo temporal em uma dezena de escolas. O titular da Secretaria Municipal de Esporte e Lazer (SMEL), Luciano de Oliveira, afirma que a ocasi\u00e3o \u00e9 muito especial. \u201c\u00c9 um dia muito especial para a SMEL de Canoas. Estamos realizando aqui um congresso t\u00e9cnico e tamb\u00e9m a abertura oficial das Competi\u00e7\u00f5es Escolares de Canoas. A primeira competi\u00e7\u00e3o foi de xadrez, que foi um sucesso, com a participa\u00e7\u00e3o de cerca de 200 crian\u00e7as. Estamos trabalhando muito em conjunto com toda a Educa\u00e7\u00e3o, para ao longo desse ano, atingir mais de 5 mil alunos\u201d, destaca.<\/p>\n\n\n<div class=\"g g-6\"><div class=\"g-dyn a-6 c-1\"><a class=\"gofollow\" data-track=\"Niw2LDYw\" href=\"#\" target=\"_blank\"><img decoding=\"async\" src=\"http:\/\/tvnativoos.com.br\/wfe\/wp-content\/uploads\/2023\/01\/banner-agua-kangen-e1701887476486.jpeg\" \/><\/a><\/div><div class=\"g-dyn a-58 c-2\"><a class=\"gofollow\" data-track=\"NTgsNiw2MA==\" href=\"https:\/\/transformar.tramandai.rs.gov.br\/\"><img decoding=\"async\" src=\"http:\/\/tvnativoos.com.br\/wfe\/wp-content\/uploads\/2026\/03\/TV-Nativoos-300-x-250-px.png\" \/><\/a><\/div><div class=\"g-dyn a-39 c-3\"><a class=\"gofollow\" data-track=\"MzksNiw2MA==\" href=\"https:\/\/tvnativoos.com.br\/wfe\/\" target=\"_blank\"><img decoding=\"async\" src=\"http:\/\/tvnativoos.com.br\/wfe\/wp-content\/uploads\/2024\/05\/WhatsApp-Image-2024-05-17-at-19.58.28.jpeg\" \/><\/a><\/div><div class=\"g-dyn a-7 c-4\"><a class=\"gofollow\" data-track=\"Nyw2LDYw\" href=\"https:\/\/inovaimoveis.rs\/\" target=\"_blank\"><img decoding=\"async\" src=\"http:\/\/tvnativoos.com.br\/wfe\/wp-content\/uploads\/2023\/06\/Banner-Inova-300x214-1.jpeg\" \/><\/a><\/div><div class=\"g-dyn a-4 c-5\"><a class=\"gofollow\" data-track=\"NCw2LDYw\" href=\"https:\/\/arquitetalaurabaltar.com.br\/wfe\/\" target=\"_blank\"><img decoding=\"async\" src=\"http:\/\/tvnativoos.com.br\/wfe\/wp-content\/uploads\/2025\/01\/01-1.png\" \/><\/a><\/div><div class=\"g-dyn a-62 c-6\"><a class=\"gofollow\" data-track=\"NjIsNiw2MA==\" href=\": http:\/\/teliga.corsan.com.br\" target=\"_blank\"><img decoding=\"async\" src=\"http:\/\/tvnativoos.com.br\/wfe\/wp-content\/uploads\/2026\/02\/WhatsApp-Image-2026-02-19-at-17.23.17.jpeg\" \/><\/a><\/div><\/div>\n\n\n<p>O Col\u00e9gio Maria Auxiliadora, que recebeu os jogos de xadrez na manh\u00e3 de quinta-feira (10), tamb\u00e9m sediou a cerim\u00f4nia de abertura. \u201c\u00c9 uma honra sermos anfitri\u00f5es e recebermos todos os colaboradores nesse grande evento t\u00e3o importante na nossa cidade. A escola e seus ambientes s\u00e3o espa\u00e7os \u00e0 disposi\u00e7\u00e3o e estamos felizes em estarmos conseguindo colaborar com todos\u201d, disse a diretora Ana Margarida Chiavaro. O congresso t\u00e9cnico teve ainda as palestras do \u00e1rbitro Jos\u00e9 Vidal, com o tema \u201c\u00c1rbitro Escolar: Um Educador Dentro de Quadra\u201d, e do professor Alberto Filho, debatendo os \u201cDesafios da \u00c9tica no Esporte\u201d.<\/p>\n\n\n<div class=\"g g-7\"><div class=\"g-dyn a-7 c-1\"><a class=\"gofollow\" data-track=\"Nyw3LDYw\" href=\"https:\/\/inovaimoveis.rs\/\" target=\"_blank\"><img decoding=\"async\" src=\"http:\/\/tvnativoos.com.br\/wfe\/wp-content\/uploads\/2023\/06\/Banner-Inova-300x214-1.jpeg\" \/><\/a><\/div><div class=\"g-dyn a-4 c-2\"><a class=\"gofollow\" data-track=\"NCw3LDYw\" href=\"https:\/\/arquitetalaurabaltar.com.br\/wfe\/\" target=\"_blank\"><img decoding=\"async\" src=\"http:\/\/tvnativoos.com.br\/wfe\/wp-content\/uploads\/2025\/01\/01-1.png\" \/><\/a><\/div><div class=\"g-dyn a-39 c-3\"><a class=\"gofollow\" data-track=\"MzksNyw2MA==\" href=\"https:\/\/tvnativoos.com.br\/wfe\/\" target=\"_blank\"><img decoding=\"async\" src=\"http:\/\/tvnativoos.com.br\/wfe\/wp-content\/uploads\/2024\/05\/WhatsApp-Image-2024-05-17-at-19.58.28.jpeg\" \/><\/a><\/div><div class=\"g-dyn a-8 c-4\"><a class=\"gofollow\" data-track=\"OCw3LDYw\" href=\"https:\/\/www.facebook.com\/sonia.conti.7545\" target=\"_blank\"><img decoding=\"async\" src=\"http:\/\/tvnativoos.com.br\/wfe\/wp-content\/uploads\/2023\/06\/BANNERS-350X250-SONIA-CONTI-1-300x214-1.jpg\" \/><\/a><\/div><div class=\"g-dyn a-6 c-5\"><a class=\"gofollow\" data-track=\"Niw3LDYw\" href=\"#\" target=\"_blank\"><img decoding=\"async\" src=\"http:\/\/tvnativoos.com.br\/wfe\/wp-content\/uploads\/2023\/01\/banner-agua-kangen-e1701887476486.jpeg\" \/><\/a><\/div><div class=\"g-dyn a-62 c-6\"><a class=\"gofollow\" data-track=\"NjIsNyw2MA==\" href=\": http:\/\/teliga.corsan.com.br\" target=\"_blank\"><img decoding=\"async\" src=\"http:\/\/tvnativoos.com.br\/wfe\/wp-content\/uploads\/2026\/02\/WhatsApp-Image-2026-02-19-at-17.23.17.jpeg\" \/><\/a><\/div><div class=\"g-dyn a-58 c-7\"><a class=\"gofollow\" data-track=\"NTgsNyw2MA==\" href=\"https:\/\/transformar.tramandai.rs.gov.br\/\"><img decoding=\"async\" src=\"http:\/\/tvnativoos.com.br\/wfe\/wp-content\/uploads\/2026\/03\/TV-Nativoos-300-x-250-px.png\" \/><\/a><\/div><\/div>\n\n\n<p>Com a mobiliza\u00e7\u00e3o de alunos com idade entre 11 e 17 anos das redes municipal, estadual, federal e privada, as Competi\u00e7\u00f5es Escolares possuem 11 modalidades nas categorias mirim, infantil e juvenil. A pr\u00f3xima agenda da iniciativa ser\u00e3o as disputas de jud\u00f4 em todas as categorias, no dia 24 de abril, na Esta\u00e7\u00e3o Cidadania (Av. Rio Grande do Sul, 3320, Mathias Velho), com in\u00edcio \u00e0s 9 horas. Em maio, os estudantes competem no skate e h\u00f3quei; em junho, gin\u00e1sticas art\u00edstica e r\u00edtmica; enquanto a partir de agosto, a mobiliza\u00e7\u00e3o ser\u00e1 de atletismo, futsal, v\u00f4lei e basquete. O cronograma da SMEL prev\u00ea a realiza\u00e7\u00e3o dos jogos at\u00e9 novembro.<\/p>\n\n\n<div class=\"g g-8\"><div class=\"g-dyn a-44 c-1\"><a href=\"https:\/\/tvnativoos.com.br\/wfe\/radio-online-costeira-nativa\/\" target=\"_blank\"><img decoding=\"async\" src=\"http:\/\/tvnativoos.com.br\/wfe\/wp-content\/uploads\/2024\/06\/radiocosteiranativa-1.jpeg\" \/><\/a><\/div><div class=\"g-dyn a-45 c-2\"><a href=\"https:\/\/tvnativoos.com.br\/wfe\/radio-online-costeira-nativa\/\" target=\"_blank\"><img decoding=\"async\" src=\"http:\/\/tvnativoos.com.br\/wfe\/wp-content\/uploads\/2024\/06\/radiocosteiranativa-2.jpeg\" \/><\/a><\/div><\/div>\n\n\n<p>Curta, compartilhe e inscreva em nosso canal do\u00a0<a href=\"https:\/\/youtube.com\/@tvnativoos\">youtube.com\/@tvnativoos<\/a>, curta nossa p\u00e1gina no facebook, instagram e veja nossa programa\u00e7\u00e3o ao vivo portal\u00a0<a href=\"https:\/\/tvnativoos.com.br\/wfe\/tramandai-anuncia-os-shows-da-33a-festa-nacional-do-peixe-o-maior-evento-gastronomico-do-estado\/\">www.tvnativoos.com.br<\/a><\/p>\n","protected":false},"excerpt":{"rendered":"<p>A abertura oficial da 33\u00aa edi\u00e7\u00e3o das Competi\u00e7\u00f5es Escolares Canoenses (CECA), na manh\u00e3 desta sexta-feira (11), foi marcada pelo congresso t\u00e9cnico do tradicional evento esportivo que seguir\u00e1 com disputas em diferentes modalidades ao longo do ano. Prevista para o come\u00e7o de abril, a cerim\u00f4nia foi transferida devido aos estragos ocasionados pelo temporal em uma dezena [&hellip;]<\/p>\n","protected":false},"author":2,"featured_media":26609,"comment_status":"closed","ping_status":"open","sticky":false,"template":"","format":"standard","meta":{"footnotes":""},"categories":[8],"tags":[1458,65],"class_list":["post-26608","post","type-post","status-publish","format-standard","has-post-thumbnail","hentry","category-noticias","tag-canoas","tag-tvnativoos"],"cc_featured_image_caption":{"caption_text":"","source_text":"","source_url":""},"_links":{"self":[{"href":"https:\/\/tvnativoos.com.br\/wfe\/wp-json\/wp\/v2\/posts\/26608","targetHints":{"allow":["GET"]}}],"collection":[{"href":"https:\/\/tvnativoos.com.br\/wfe\/wp-json\/wp\/v2\/posts"}],"about":[{"href":"https:\/\/tvnativoos.com.br\/wfe\/wp-json\/wp\/v2\/types\/post"}],"author":[{"embeddable":true,"href":"https:\/\/tvnativoos.com.br\/wfe\/wp-json\/wp\/v2\/users\/2"}],"replies":[{"embeddable":true,"href":"https:\/\/tvnativoos.com.br\/wfe\/wp-json\/wp\/v2\/comments?post=26608"}],"version-history":[{"count":1,"href":"https:\/\/tvnativoos.com.br\/wfe\/wp-json\/wp\/v2\/posts\/26608\/revisions"}],"predecessor-version":[{"id":26610,"href":"https:\/\/tvnativoos.com.br\/wfe\/wp-json\/wp\/v2\/posts\/26608\/revisions\/26610"}],"wp:featuredmedia":[{"embeddable":true,"href":"https:\/\/tvnativoos.com.br\/wfe\/wp-json\/wp\/v2\/media\/26609"}],"wp:attachment":[{"href":"https:\/\/tvnativoos.com.br\/wfe\/wp-json\/wp\/v2\/media?parent=26608"}],"wp:term":[{"taxonomy":"category","embeddable":true,"href":"https:\/\/tvnativoos.com.br\/wfe\/wp-json\/wp\/v2\/categories?post=26608"},{"taxonomy":"post_tag","embeddable":true,"href":"https:\/\/tvnativoos.com.br\/wfe\/wp-json\/wp\/v2\/tags?post=26608"}],"curies":[{"name":"wp","href":"https:\/\/api.w.org\/{rel}","templated":true}]}}