{"id":26592,"date":"2025-04-11T13:27:12","date_gmt":"2025-04-11T13:27:12","guid":{"rendered":"https:\/\/tvnativoos.com.br\/wfe\/?p=26592"},"modified":"2025-04-11T13:27:13","modified_gmt":"2025-04-11T13:27:13","slug":"clima-rs-ainda-tem-tempo-instavel-nesta-sexta-feira-com-chances-de-pancadas-de-chuva-confira-a-previsao","status":"publish","type":"post","link":"https:\/\/tvnativoos.com.br\/wfe\/clima-rs-ainda-tem-tempo-instavel-nesta-sexta-feira-com-chances-de-pancadas-de-chuva-confira-a-previsao\/","title":{"rendered":"Clima &#8211; RS ainda tem tempo inst\u00e1vel nesta sexta-feira, com chances de pancadas de chuva; confira a previs\u00e3o"},"content":{"rendered":"\n<p>Temperatura ser\u00e1 amena na maior parte do Estado<\/p>\n\n\n\n<p>A sexta-feira, 11, ainda ser\u00e1 de tempo inst\u00e1vel no Rio Grande do Sul. Munic\u00edpios da metade Leste do estado podem ter pancadas de chuva isoladas, segundo a MetSul. A condi\u00e7\u00e3o se d\u00e1 pela circula\u00e7\u00e3o de umidade de uma \u00e1rea de baixa press\u00e3o.<\/p>\n\n\n\n<p>H\u00e1 previs\u00e3o de rajadas de vento nesta \u00e1rea e no Sul ga\u00facho. Em Porto Alegre e na regi\u00e3o metropolitana, a chuva deve chegar pela tarde. A temperatura m\u00e1xima ser\u00e1 e 27\u00b0C.<\/p>\n\n\n<div class=\"g g-6\"><div class=\"g-dyn a-58 c-1\"><a class=\"gofollow\" data-track=\"NTgsNiw2MA==\" href=\"https:\/\/transformar.tramandai.rs.gov.br\/\"><img decoding=\"async\" src=\"http:\/\/tvnativoos.com.br\/wfe\/wp-content\/uploads\/2026\/03\/TV-Nativoos-300-x-250-px.png\" \/><\/a><\/div><div class=\"g-dyn a-7 c-2\"><a class=\"gofollow\" data-track=\"Nyw2LDYw\" href=\"https:\/\/inovaimoveis.rs\/\" target=\"_blank\"><img decoding=\"async\" src=\"http:\/\/tvnativoos.com.br\/wfe\/wp-content\/uploads\/2023\/06\/Banner-Inova-300x214-1.jpeg\" \/><\/a><\/div><div class=\"g-dyn a-4 c-3\"><a class=\"gofollow\" data-track=\"NCw2LDYw\" href=\"https:\/\/arquitetalaurabaltar.com.br\/wfe\/\" target=\"_blank\"><img decoding=\"async\" src=\"http:\/\/tvnativoos.com.br\/wfe\/wp-content\/uploads\/2025\/01\/01-1.png\" \/><\/a><\/div><div class=\"g-dyn a-62 c-4\"><a class=\"gofollow\" data-track=\"NjIsNiw2MA==\" href=\": http:\/\/teliga.corsan.com.br\" target=\"_blank\"><img decoding=\"async\" src=\"http:\/\/tvnativoos.com.br\/wfe\/wp-content\/uploads\/2026\/02\/WhatsApp-Image-2026-02-19-at-17.23.17.jpeg\" \/><\/a><\/div><div class=\"g-dyn a-6 c-5\"><a class=\"gofollow\" data-track=\"Niw2LDYw\" href=\"#\" target=\"_blank\"><img decoding=\"async\" src=\"http:\/\/tvnativoos.com.br\/wfe\/wp-content\/uploads\/2023\/01\/banner-agua-kangen-e1701887476486.jpeg\" \/><\/a><\/div><div class=\"g-dyn a-39 c-6\"><a class=\"gofollow\" data-track=\"MzksNiw2MA==\" href=\"https:\/\/tvnativoos.com.br\/wfe\/\" target=\"_blank\"><img decoding=\"async\" src=\"http:\/\/tvnativoos.com.br\/wfe\/wp-content\/uploads\/2024\/05\/WhatsApp-Image-2024-05-17-at-19.58.28.jpeg\" \/><\/a><\/div><\/div>\n\n\n<p>Durante a manh\u00e3, h\u00e1 chance de nevoeiro e neblina em pontos do estado.<\/p>\n\n\n\n<figure class=\"wp-block-image size-full\"><img loading=\"lazy\" decoding=\"async\" width=\"800\" height=\"795\" src=\"https:\/\/tvnativoos.com.br\/wfe\/wp-content\/uploads\/2025\/04\/WhatsApp-Image-2025-04-10-at-19-53-18.webp\" alt=\"\" class=\"wp-image-26593\" srcset=\"https:\/\/tvnativoos.com.br\/wfe\/wp-content\/uploads\/2025\/04\/WhatsApp-Image-2025-04-10-at-19-53-18.webp 800w, https:\/\/tvnativoos.com.br\/wfe\/wp-content\/uploads\/2025\/04\/WhatsApp-Image-2025-04-10-at-19-53-18-300x298.webp 300w, https:\/\/tvnativoos.com.br\/wfe\/wp-content\/uploads\/2025\/04\/WhatsApp-Image-2025-04-10-at-19-53-18-150x150.webp 150w, https:\/\/tvnativoos.com.br\/wfe\/wp-content\/uploads\/2025\/04\/WhatsApp-Image-2025-04-10-at-19-53-18-768x763.webp 768w\" sizes=\"auto, (max-width: 800px) 100vw, 800px\" \/><\/figure>\n\n\n<div class=\"g g-7\"><div class=\"g-dyn a-6 c-1\"><a class=\"gofollow\" data-track=\"Niw3LDYw\" href=\"#\" target=\"_blank\"><img decoding=\"async\" src=\"http:\/\/tvnativoos.com.br\/wfe\/wp-content\/uploads\/2023\/01\/banner-agua-kangen-e1701887476486.jpeg\" \/><\/a><\/div><div class=\"g-dyn a-62 c-2\"><a class=\"gofollow\" data-track=\"NjIsNyw2MA==\" href=\": http:\/\/teliga.corsan.com.br\" target=\"_blank\"><img decoding=\"async\" src=\"http:\/\/tvnativoos.com.br\/wfe\/wp-content\/uploads\/2026\/02\/WhatsApp-Image-2026-02-19-at-17.23.17.jpeg\" \/><\/a><\/div><div class=\"g-dyn a-4 c-3\"><a class=\"gofollow\" data-track=\"NCw3LDYw\" href=\"https:\/\/arquitetalaurabaltar.com.br\/wfe\/\" target=\"_blank\"><img decoding=\"async\" src=\"http:\/\/tvnativoos.com.br\/wfe\/wp-content\/uploads\/2025\/01\/01-1.png\" \/><\/a><\/div><div class=\"g-dyn a-58 c-4\"><a class=\"gofollow\" data-track=\"NTgsNyw2MA==\" href=\"https:\/\/transformar.tramandai.rs.gov.br\/\"><img decoding=\"async\" src=\"http:\/\/tvnativoos.com.br\/wfe\/wp-content\/uploads\/2026\/03\/TV-Nativoos-300-x-250-px.png\" \/><\/a><\/div><div class=\"g-dyn a-39 c-5\"><a class=\"gofollow\" data-track=\"MzksNyw2MA==\" href=\"https:\/\/tvnativoos.com.br\/wfe\/\" target=\"_blank\"><img decoding=\"async\" src=\"http:\/\/tvnativoos.com.br\/wfe\/wp-content\/uploads\/2024\/05\/WhatsApp-Image-2024-05-17-at-19.58.28.jpeg\" \/><\/a><\/div><div class=\"g-dyn a-8 c-6\"><a class=\"gofollow\" data-track=\"OCw3LDYw\" href=\"https:\/\/www.facebook.com\/sonia.conti.7545\" target=\"_blank\"><img decoding=\"async\" src=\"http:\/\/tvnativoos.com.br\/wfe\/wp-content\/uploads\/2023\/06\/BANNERS-350X250-SONIA-CONTI-1-300x214-1.jpg\" \/><\/a><\/div><div class=\"g-dyn a-7 c-7\"><a class=\"gofollow\" data-track=\"Nyw3LDYw\" href=\"https:\/\/inovaimoveis.rs\/\" target=\"_blank\"><img decoding=\"async\" src=\"http:\/\/tvnativoos.com.br\/wfe\/wp-content\/uploads\/2023\/06\/Banner-Inova-300x214-1.jpeg\" \/><\/a><\/div><\/div>\n\n\n<h3 class=\"wp-block-heading\"><strong>Estragos no litoral<\/strong><\/h3>\n\n\n\n<p>Atingida pelo temporal, a cidade de Cidreira, no Litoral Norte, sofreu com os alagamentos nesta quinta-feira, 10. A \u00e1gua inundou terrenos e casas de moradores do munic\u00edpio. Os residentes foram obrigados a erguer m\u00f3veis para n\u00e3o perd\u00ea-los.<\/p>\n\n\n\n<p>Segundo a MetSul, a chuva forte tamb\u00e9m causou inunda\u00e7\u00e3o em cidades do Sul de Santa Catarina, na regi\u00e3o de Laguna e Tubar\u00e3o. Em Florian\u00f3polis, a chuva passou de 100 mm em 24 horas em pontos da ilha.<\/p>\n\n\n<div class=\"g g-8\"><div class=\"g-dyn a-44 c-1\"><a href=\"https:\/\/tvnativoos.com.br\/wfe\/radio-online-costeira-nativa\/\" target=\"_blank\"><img decoding=\"async\" src=\"http:\/\/tvnativoos.com.br\/wfe\/wp-content\/uploads\/2024\/06\/radiocosteiranativa-1.jpeg\" \/><\/a><\/div><div class=\"g-dyn a-45 c-2\"><a href=\"https:\/\/tvnativoos.com.br\/wfe\/radio-online-costeira-nativa\/\" target=\"_blank\"><img decoding=\"async\" src=\"http:\/\/tvnativoos.com.br\/wfe\/wp-content\/uploads\/2024\/06\/radiocosteiranativa-2.jpeg\" \/><\/a><\/div><\/div>\n\n\n<p>Curta, compartilhe e inscreva em nosso canal do\u00a0<a href=\"https:\/\/youtube.com\/@tvnativoos\">youtube.com\/@tvnativoos<\/a>, curta nossa p\u00e1gina no facebook, instagram e veja nossa programa\u00e7\u00e3o ao vivo portal\u00a0<a href=\"https:\/\/tvnativoos.com.br\/wfe\/tramandai-anuncia-os-shows-da-33a-festa-nacional-do-peixe-o-maior-evento-gastronomico-do-estado\/\">www.tvnativoos.com.br<\/a><\/p>\n","protected":false},"excerpt":{"rendered":"<p>Temperatura ser\u00e1 amena na maior parte do Estado A sexta-feira, 11, ainda ser\u00e1 de tempo inst\u00e1vel no Rio Grande do Sul. Munic\u00edpios da metade Leste do estado podem ter pancadas de chuva isoladas, segundo a MetSul. A condi\u00e7\u00e3o se d\u00e1 pela circula\u00e7\u00e3o de umidade de uma \u00e1rea de baixa press\u00e3o. H\u00e1 previs\u00e3o de rajadas de [&hellip;]<\/p>\n","protected":false},"author":2,"featured_media":25433,"comment_status":"closed","ping_status":"open","sticky":false,"template":"","format":"standard","meta":{"footnotes":""},"categories":[8,2718],"tags":[3189,65],"class_list":["post-26592","post","type-post","status-publish","format-standard","has-post-thumbnail","hentry","category-noticias","category-primavera-2025","tag-clima-hoje","tag-tvnativoos"],"cc_featured_image_caption":{"caption_text":"","source_text":"","source_url":""},"_links":{"self":[{"href":"https:\/\/tvnativoos.com.br\/wfe\/wp-json\/wp\/v2\/posts\/26592","targetHints":{"allow":["GET"]}}],"collection":[{"href":"https:\/\/tvnativoos.com.br\/wfe\/wp-json\/wp\/v2\/posts"}],"about":[{"href":"https:\/\/tvnativoos.com.br\/wfe\/wp-json\/wp\/v2\/types\/post"}],"author":[{"embeddable":true,"href":"https:\/\/tvnativoos.com.br\/wfe\/wp-json\/wp\/v2\/users\/2"}],"replies":[{"embeddable":true,"href":"https:\/\/tvnativoos.com.br\/wfe\/wp-json\/wp\/v2\/comments?post=26592"}],"version-history":[{"count":1,"href":"https:\/\/tvnativoos.com.br\/wfe\/wp-json\/wp\/v2\/posts\/26592\/revisions"}],"predecessor-version":[{"id":26594,"href":"https:\/\/tvnativoos.com.br\/wfe\/wp-json\/wp\/v2\/posts\/26592\/revisions\/26594"}],"wp:featuredmedia":[{"embeddable":true,"href":"https:\/\/tvnativoos.com.br\/wfe\/wp-json\/wp\/v2\/media\/25433"}],"wp:attachment":[{"href":"https:\/\/tvnativoos.com.br\/wfe\/wp-json\/wp\/v2\/media?parent=26592"}],"wp:term":[{"taxonomy":"category","embeddable":true,"href":"https:\/\/tvnativoos.com.br\/wfe\/wp-json\/wp\/v2\/categories?post=26592"},{"taxonomy":"post_tag","embeddable":true,"href":"https:\/\/tvnativoos.com.br\/wfe\/wp-json\/wp\/v2\/tags?post=26592"}],"curies":[{"name":"wp","href":"https:\/\/api.w.org\/{rel}","templated":true}]}}