{"id":26380,"date":"2025-04-03T13:02:41","date_gmt":"2025-04-03T13:02:41","guid":{"rendered":"https:\/\/tvnativoos.com.br\/wfe\/?p=26380"},"modified":"2025-04-03T13:02:41","modified_gmt":"2025-04-03T13:02:41","slug":"clima-massa-de-ar-frio-ingressa-no-rs-nesta-quinta-feira-e-traz-queda-nas-temperaturas","status":"publish","type":"post","link":"https:\/\/tvnativoos.com.br\/wfe\/clima-massa-de-ar-frio-ingressa-no-rs-nesta-quinta-feira-e-traz-queda-nas-temperaturas\/","title":{"rendered":"Clima &#8211; Massa de ar frio ingressa no RS nesta quinta-feira e traz queda nas temperaturas"},"content":{"rendered":"\n<p>Dia ser\u00e1 marcado por nebulosidade em grande parte dos munic\u00edpios ga\u00fachos<\/p>\n\n\n\n<p>A quinta-feira ser\u00e1 marcada como primeiro dia de um per\u00edodo de queda nas temperaturas no Rio Grande do Sul. Conforme a MetSul, o ingresso de uma massa de ar frio pelo Oeste e Sul vai derrubar as m\u00e1ximas nos pr\u00f3ximos dias. O dia ser\u00e1 de c\u00e9u entre nuvens com temperaturas entre 20\u00b0C e 25\u00b0C na maior parte dos munic\u00edpios ga\u00fachos.<\/p>\n\n\n\n<p>Aberturas de sol ocorrem em parte do estado, sobretudo no Oeste e no Sul que devem ter predom\u00ednio do tempo firme. Na Metade Norte, onde a nebulosidade vai predominar, as cidades ainda devem ter chuva e garoa nesta quinta. Em pontos isolados, a chuva pode ser forte.<\/p>\n\n\n<div class=\"g g-6\"><div class=\"g-dyn a-7 c-1\"><a class=\"gofollow\" data-track=\"Nyw2LDYw\" href=\"https:\/\/inovaimoveis.rs\/\" target=\"_blank\"><img decoding=\"async\" src=\"http:\/\/tvnativoos.com.br\/wfe\/wp-content\/uploads\/2023\/06\/Banner-Inova-300x214-1.jpeg\" \/><\/a><\/div><div class=\"g-dyn a-4 c-2\"><a class=\"gofollow\" data-track=\"NCw2LDYw\" href=\"https:\/\/arquitetalaurabaltar.com.br\/wfe\/\" target=\"_blank\"><img decoding=\"async\" src=\"http:\/\/tvnativoos.com.br\/wfe\/wp-content\/uploads\/2025\/01\/01-1.png\" \/><\/a><\/div><div class=\"g-dyn a-58 c-3\"><a class=\"gofollow\" data-track=\"NTgsNiw2MA==\" href=\"https:\/\/transformar.tramandai.rs.gov.br\/\"><img decoding=\"async\" src=\"http:\/\/tvnativoos.com.br\/wfe\/wp-content\/uploads\/2026\/03\/TV-Nativoos-300-x-250-px.png\" \/><\/a><\/div><div class=\"g-dyn a-62 c-4\"><a class=\"gofollow\" data-track=\"NjIsNiw2MA==\" href=\": http:\/\/teliga.corsan.com.br\" target=\"_blank\"><img decoding=\"async\" src=\"http:\/\/tvnativoos.com.br\/wfe\/wp-content\/uploads\/2026\/02\/WhatsApp-Image-2026-02-19-at-17.23.17.jpeg\" \/><\/a><\/div><div class=\"g-dyn a-39 c-5\"><a class=\"gofollow\" data-track=\"MzksNiw2MA==\" href=\"https:\/\/tvnativoos.com.br\/wfe\/\" target=\"_blank\"><img decoding=\"async\" src=\"http:\/\/tvnativoos.com.br\/wfe\/wp-content\/uploads\/2024\/05\/WhatsApp-Image-2024-05-17-at-19.58.28.jpeg\" \/><\/a><\/div><div class=\"g-dyn a-6 c-6\"><a class=\"gofollow\" data-track=\"Niw2LDYw\" href=\"#\" target=\"_blank\"><img decoding=\"async\" src=\"http:\/\/tvnativoos.com.br\/wfe\/wp-content\/uploads\/2023\/01\/banner-agua-kangen-e1701887476486.jpeg\" \/><\/a><\/div><\/div>\n\n\n<h3 class=\"wp-block-heading\"><strong>\u2744\ufe0f&nbsp;Primeira massa de ar frio mais forte<\/strong><\/h3>\n\n\n\n<p>A primeira massa de ar frio de maior intensidade do outono deve esfriar o clima na Regi\u00e3o Sul e parte do Sudeste. Nesta quinta, a incurs\u00e3o de ar frio deve alcan\u00e7ar o Centro da Argentina e o Sul do Uruguai, determinando uma queda acentuada da temperatura em Buenos Aires e em Montevid\u00e9u.<\/p>\n\n\n\n<p>Na sequ\u00eancia, a massa de ar frio vai se deslocar para o Sul do Brasil, devendo come\u00e7ar a ingressar no Rio Grande do Sul no final do dia e ao longo da sexta-feira.<\/p>\n\n\n\n<figure class=\"wp-block-image size-full\"><img loading=\"lazy\" decoding=\"async\" width=\"800\" height=\"798\" src=\"https:\/\/tvnativoos.com.br\/wfe\/wp-content\/uploads\/2025\/04\/PREVIS-O-QUINTA.webp\" alt=\"\" class=\"wp-image-26381\" srcset=\"https:\/\/tvnativoos.com.br\/wfe\/wp-content\/uploads\/2025\/04\/PREVIS-O-QUINTA.webp 800w, https:\/\/tvnativoos.com.br\/wfe\/wp-content\/uploads\/2025\/04\/PREVIS-O-QUINTA-300x300.webp 300w, https:\/\/tvnativoos.com.br\/wfe\/wp-content\/uploads\/2025\/04\/PREVIS-O-QUINTA-150x150.webp 150w, https:\/\/tvnativoos.com.br\/wfe\/wp-content\/uploads\/2025\/04\/PREVIS-O-QUINTA-768x766.webp 768w, https:\/\/tvnativoos.com.br\/wfe\/wp-content\/uploads\/2025\/04\/PREVIS-O-QUINTA-600x600.webp 600w\" sizes=\"auto, (max-width: 800px) 100vw, 800px\" \/><\/figure>\n\n\n<div class=\"g g-7\"><div class=\"g-dyn a-4 c-1\"><a class=\"gofollow\" data-track=\"NCw3LDYw\" href=\"https:\/\/arquitetalaurabaltar.com.br\/wfe\/\" target=\"_blank\"><img decoding=\"async\" src=\"http:\/\/tvnativoos.com.br\/wfe\/wp-content\/uploads\/2025\/01\/01-1.png\" \/><\/a><\/div><div class=\"g-dyn a-7 c-2\"><a class=\"gofollow\" data-track=\"Nyw3LDYw\" href=\"https:\/\/inovaimoveis.rs\/\" target=\"_blank\"><img decoding=\"async\" src=\"http:\/\/tvnativoos.com.br\/wfe\/wp-content\/uploads\/2023\/06\/Banner-Inova-300x214-1.jpeg\" \/><\/a><\/div><div class=\"g-dyn a-8 c-3\"><a class=\"gofollow\" data-track=\"OCw3LDYw\" href=\"https:\/\/www.facebook.com\/sonia.conti.7545\" target=\"_blank\"><img decoding=\"async\" src=\"http:\/\/tvnativoos.com.br\/wfe\/wp-content\/uploads\/2023\/06\/BANNERS-350X250-SONIA-CONTI-1-300x214-1.jpg\" \/><\/a><\/div><div class=\"g-dyn a-39 c-4\"><a class=\"gofollow\" data-track=\"MzksNyw2MA==\" href=\"https:\/\/tvnativoos.com.br\/wfe\/\" target=\"_blank\"><img decoding=\"async\" src=\"http:\/\/tvnativoos.com.br\/wfe\/wp-content\/uploads\/2024\/05\/WhatsApp-Image-2024-05-17-at-19.58.28.jpeg\" \/><\/a><\/div><div class=\"g-dyn a-6 c-5\"><a class=\"gofollow\" data-track=\"Niw3LDYw\" href=\"#\" target=\"_blank\"><img decoding=\"async\" src=\"http:\/\/tvnativoos.com.br\/wfe\/wp-content\/uploads\/2023\/01\/banner-agua-kangen-e1701887476486.jpeg\" \/><\/a><\/div><div class=\"g-dyn a-62 c-6\"><a class=\"gofollow\" data-track=\"NjIsNyw2MA==\" href=\": http:\/\/teliga.corsan.com.br\" target=\"_blank\"><img decoding=\"async\" src=\"http:\/\/tvnativoos.com.br\/wfe\/wp-content\/uploads\/2026\/02\/WhatsApp-Image-2026-02-19-at-17.23.17.jpeg\" \/><\/a><\/div><div class=\"g-dyn a-58 c-7\"><a class=\"gofollow\" data-track=\"NTgsNyw2MA==\" href=\"https:\/\/transformar.tramandai.rs.gov.br\/\"><img decoding=\"async\" src=\"http:\/\/tvnativoos.com.br\/wfe\/wp-content\/uploads\/2026\/03\/TV-Nativoos-300-x-250-px.png\" \/><\/a><\/div><\/div>\n\n\n<h3 class=\"wp-block-heading\"><strong>Sexta-feira e final de semana de frio<\/strong><\/h3>\n\n\n\n<p>Segundo proje\u00e7\u00e3o da MetSul, a sexta, 4, ter\u00e1 uma tarde com temperaturas bastante amenas em Porto Alegre e na maior parte do estado ga\u00facho com m\u00e1ximas ao redor e abaixo dos 20\u00baC. O ar frio vai tomar conta do Sul do Brasil entre amanh\u00e3 e o s\u00e1bado, devendo chegar ao Sudeste no fim de semana.<\/p>\n\n\n\n<p>Os dias de temperatura mais baixa no estado devem ser a sexta-feira, o s\u00e1bado e o domingo, esperando-se gradual aquecimento a partir do come\u00e7o da semana que vem.<\/p>\n\n\n\n<p>Em Porto Alegre e regi\u00e3o, as menores m\u00e1ximas ocorrem na sexta, devendo ficar em torno dos 20\u00baC a 21\u00baC. No fim de semana, as m\u00ednimas na \u00e1rea metropolitana devem se situar entre 11\u00baC e 14\u00baC.<\/p>\n\n\n\n<p>A maioria das cidades do interior do Rio Grande do Sul deve ter m\u00ednimas no fim de semana entre 8\u00baC e 12\u00baC, mas na fronteira com o Uruguai, na Serra do Sudeste e nas \u00e1reas de maior altitude da Metade Norte a temperatura pode cair a valores ao redor e abaixo de 5\u00baC, especialmente no s\u00e1bado que deve ter a madrugada mais fria.<\/p>\n\n\n\n<h3 class=\"wp-block-heading\"><strong>Previs\u00e3o de geada<\/strong><\/h3>\n\n\n\n<p>J\u00e1 nos Aparados da Serra e no Planalto Sul de Santa Catarina, nas \u00e1reas de maior altitude do Sul do Brasil, o come\u00e7o do s\u00e1bado pode ter m\u00ednimas mesmo perto e ao redor de 0\u00baC, n\u00e3o se descartando as primeiras marcas negativas de 2025. A massa de ar frio vai provocar a ocorr\u00eancia de geada no Sul do Brasil, de acordo com a previs\u00e3o da MetSul Meteorologia. A geada tende a ser mais forte em baixadas dos locais de maior altitude do Rio Grande do Sul e Santa Catarina.<\/p>\n\n\n\n<p>Na sexta, n\u00e3o se descarta geada na Serra do Sudeste do Rio Grande do Sul. No s\u00e1bado, geada em pontos da fronteira com o Uruguai, na Campanha, Serra do Sudeste, nas \u00e1reas de maior altitude da Metade Norte ga\u00facha e no Planalto Sul Catarinense.<\/p>\n\n\n<div class=\"g g-8\"><div class=\"g-dyn a-44 c-1\"><a href=\"https:\/\/tvnativoos.com.br\/wfe\/radio-online-costeira-nativa\/\" target=\"_blank\"><img decoding=\"async\" src=\"http:\/\/tvnativoos.com.br\/wfe\/wp-content\/uploads\/2024\/06\/radiocosteiranativa-1.jpeg\" \/><\/a><\/div><div class=\"g-dyn a-45 c-2\"><a href=\"https:\/\/tvnativoos.com.br\/wfe\/radio-online-costeira-nativa\/\" target=\"_blank\"><img decoding=\"async\" src=\"http:\/\/tvnativoos.com.br\/wfe\/wp-content\/uploads\/2024\/06\/radiocosteiranativa-2.jpeg\" \/><\/a><\/div><\/div>\n\n\n<p>Curta, compartilhe e inscreva em nosso canal do\u00a0<a href=\"https:\/\/youtube.com\/@tvnativoos\">youtube.com\/@tvnativoos<\/a>, curta nossa p\u00e1gina no facebook, instagram e veja nossa programa\u00e7\u00e3o ao vivo portal\u00a0<a href=\"https:\/\/tvnativoos.com.br\/wfe\/tramandai-anuncia-os-shows-da-33a-festa-nacional-do-peixe-o-maior-evento-gastronomico-do-estado\/\">www.tvnativoos.com.br<\/a><\/p>\n","protected":false},"excerpt":{"rendered":"<p>Dia ser\u00e1 marcado por nebulosidade em grande parte dos munic\u00edpios ga\u00fachos A quinta-feira ser\u00e1 marcada como primeiro dia de um per\u00edodo de queda nas temperaturas no Rio Grande do Sul. Conforme a MetSul, o ingresso de uma massa de ar frio pelo Oeste e Sul vai derrubar as m\u00e1ximas nos pr\u00f3ximos dias. O dia ser\u00e1 [&hellip;]<\/p>\n","protected":false},"author":2,"featured_media":26382,"comment_status":"closed","ping_status":"open","sticky":false,"template":"","format":"standard","meta":{"footnotes":""},"categories":[8,2718],"tags":[689,65],"class_list":["post-26380","post","type-post","status-publish","format-standard","has-post-thumbnail","hentry","category-noticias","category-primavera-2025","tag-clima","tag-tvnativoos"],"cc_featured_image_caption":{"caption_text":"","source_text":"","source_url":""},"_links":{"self":[{"href":"https:\/\/tvnativoos.com.br\/wfe\/wp-json\/wp\/v2\/posts\/26380","targetHints":{"allow":["GET"]}}],"collection":[{"href":"https:\/\/tvnativoos.com.br\/wfe\/wp-json\/wp\/v2\/posts"}],"about":[{"href":"https:\/\/tvnativoos.com.br\/wfe\/wp-json\/wp\/v2\/types\/post"}],"author":[{"embeddable":true,"href":"https:\/\/tvnativoos.com.br\/wfe\/wp-json\/wp\/v2\/users\/2"}],"replies":[{"embeddable":true,"href":"https:\/\/tvnativoos.com.br\/wfe\/wp-json\/wp\/v2\/comments?post=26380"}],"version-history":[{"count":1,"href":"https:\/\/tvnativoos.com.br\/wfe\/wp-json\/wp\/v2\/posts\/26380\/revisions"}],"predecessor-version":[{"id":26383,"href":"https:\/\/tvnativoos.com.br\/wfe\/wp-json\/wp\/v2\/posts\/26380\/revisions\/26383"}],"wp:featuredmedia":[{"embeddable":true,"href":"https:\/\/tvnativoos.com.br\/wfe\/wp-json\/wp\/v2\/media\/26382"}],"wp:attachment":[{"href":"https:\/\/tvnativoos.com.br\/wfe\/wp-json\/wp\/v2\/media?parent=26380"}],"wp:term":[{"taxonomy":"category","embeddable":true,"href":"https:\/\/tvnativoos.com.br\/wfe\/wp-json\/wp\/v2\/categories?post=26380"},{"taxonomy":"post_tag","embeddable":true,"href":"https:\/\/tvnativoos.com.br\/wfe\/wp-json\/wp\/v2\/tags?post=26380"}],"curies":[{"name":"wp","href":"https:\/\/api.w.org\/{rel}","templated":true}]}}