{"id":26204,"date":"2025-03-27T20:15:24","date_gmt":"2025-03-27T20:15:24","guid":{"rendered":"https:\/\/tvnativoos.com.br\/wfe\/?p=26204"},"modified":"2025-03-27T20:15:25","modified_gmt":"2025-03-27T20:15:25","slug":"osorio-secretaria-de-turismo-realiza-reuniao-com-membros-da-igreja-e-representantes-da-comunidade-da-borussia-para-a-realizacao-da-via-sacra","status":"publish","type":"post","link":"https:\/\/tvnativoos.com.br\/wfe\/osorio-secretaria-de-turismo-realiza-reuniao-com-membros-da-igreja-e-representantes-da-comunidade-da-borussia-para-a-realizacao-da-via-sacra\/","title":{"rendered":"Os\u00f3rio &#8211; Secretaria de Turismo realiza reuni\u00e3o com membros da igreja e representantes da comunidade da Bor\u00fassia para a realiza\u00e7\u00e3o da Via Sacra"},"content":{"rendered":"\n<p>A tradicional Via Sacra no Morro da Bor\u00fassia, em Os\u00f3rio, j\u00e1 est\u00e1 sendo organizada pela igreja cat\u00f3lica, comunidade do distrito e a prefeitura de Os\u00f3rio.<\/p>\n\n\n<div class=\"g g-6\"><div class=\"g-dyn a-39 c-1\"><a class=\"gofollow\" data-track=\"MzksNiw2MA==\" href=\"https:\/\/tvnativoos.com.br\/wfe\/\" target=\"_blank\"><img decoding=\"async\" src=\"http:\/\/tvnativoos.com.br\/wfe\/wp-content\/uploads\/2024\/05\/WhatsApp-Image-2024-05-17-at-19.58.28.jpeg\" \/><\/a><\/div><div class=\"g-dyn a-62 c-2\"><a class=\"gofollow\" data-track=\"NjIsNiw2MA==\" href=\": http:\/\/teliga.corsan.com.br\" target=\"_blank\"><img decoding=\"async\" src=\"http:\/\/tvnativoos.com.br\/wfe\/wp-content\/uploads\/2026\/02\/WhatsApp-Image-2026-02-19-at-17.23.17.jpeg\" \/><\/a><\/div><div class=\"g-dyn a-58 c-3\"><a class=\"gofollow\" data-track=\"NTgsNiw2MA==\" href=\"https:\/\/transformar.tramandai.rs.gov.br\/\"><img decoding=\"async\" src=\"http:\/\/tvnativoos.com.br\/wfe\/wp-content\/uploads\/2026\/03\/TV-Nativoos-300-x-250-px.png\" \/><\/a><\/div><div class=\"g-dyn a-4 c-4\"><a class=\"gofollow\" data-track=\"NCw2LDYw\" href=\"https:\/\/arquitetalaurabaltar.com.br\/wfe\/\" target=\"_blank\"><img decoding=\"async\" src=\"http:\/\/tvnativoos.com.br\/wfe\/wp-content\/uploads\/2025\/01\/01-1.png\" \/><\/a><\/div><div class=\"g-dyn a-7 c-5\"><a class=\"gofollow\" data-track=\"Nyw2LDYw\" href=\"https:\/\/inovaimoveis.rs\/\" target=\"_blank\"><img decoding=\"async\" src=\"http:\/\/tvnativoos.com.br\/wfe\/wp-content\/uploads\/2023\/06\/Banner-Inova-300x214-1.jpeg\" \/><\/a><\/div><div class=\"g-dyn a-6 c-6\"><a class=\"gofollow\" data-track=\"Niw2LDYw\" href=\"#\" target=\"_blank\"><img decoding=\"async\" src=\"http:\/\/tvnativoos.com.br\/wfe\/wp-content\/uploads\/2023\/01\/banner-agua-kangen-e1701887476486.jpeg\" \/><\/a><\/div><\/div>\n\n\n<p>Na tarde desta quinta-feira (27\/03), na igreja da Santa Rita, onde ocorre a parte final da encena\u00e7\u00e3o da Paix\u00e3o de Cristo, ocorreu uma reuni\u00e3o sobre a programa\u00e7\u00e3o do evento.<\/p>\n\n\n\n<p>Como em anos anteriores, a Via Sacra ser\u00e1 realizada no in\u00edcio da noite da Sexta-feira Santa, dia 18 de abril, \u00e0s 18h30min, e vai encenar os \u00faltimos momentos de Jesus Cristo at\u00e9 a sua crucifica\u00e7\u00e3o, reunindo fi\u00e9is do munic\u00edpio e cidades da regi\u00e3o do litoral. O padre vai participar da prociss\u00e3o que sair\u00e1 da r\u00f3tula pr\u00f3xima ao mercado Mazangui, na BR 101, e segue at\u00e9 a igreja Santa Rita. Na ocasi\u00e3o, na abertura do evento, ser\u00e1 abordado o lema da Campanha da Fraternidade de 2025 \u2013 \u201cEcologia Integral \u2013 Deus viu que o mundo era muito bom\u201d.<\/p>\n\n\n\n<p>Participaram do encontro o subprefeito da Bor\u00fassia, Eduardo Formagio, os moradores Ad\u00e9lia Formagio e F\u00e1bio Silveira, o padre Ildomar Danelon, representantes da Secretaria Municipal de Turismo, Rog\u00e9rio Santos, Alex Ferreira e Deisy Pereira, al\u00e9m da Assessora de Cultura Karol Schmitz, o produtor do espet\u00e1culo Everton Wildert e o diretor Jeferson Hertzog.<\/p>\n\n\n\n<figure class=\"wp-block-image size-large\"><img loading=\"lazy\" decoding=\"async\" width=\"1024\" height=\"576\" src=\"http:\/\/tvnativoos.com.br\/wfe\/wp-content\/uploads\/2025\/03\/WhatsApp-Image-2025-03-27-at-17.05.14-1-1024x576.jpeg\" alt=\"\" class=\"wp-image-26205\"\/><\/figure>\n\n\n\n<p>Texto e foto reuni\u00e3o: Ascom PMO Foto encena\u00e7\u00e3o: arquivo \u2013 Via Sacra &#8211; Paix\u00e3o de Cristo \u2013 morro da Bor\u00fassia<\/p>\n\n\n\n<p><strong>Curta, compartilhe e inscreva em nosso canal do\u00a0<a href=\"https:\/\/youtube.com\/@tvnativoos\">youtube.com\/@tvnativoos<\/a>, curta nossa p\u00e1gina no facebook, instagram e veja nossa programa\u00e7\u00e3o ao vivo portal\u00a0<a href=\"https:\/\/tvnativoos.com.br\/wfe\/tramandai-anuncia-os-shows-da-33a-festa-nacional-do-peixe-o-maior-evento-gastronomico-do-estado\/\">www.tvnativoos.com.br<\/a><\/strong><\/p>\n","protected":false},"excerpt":{"rendered":"<p>A tradicional Via Sacra no Morro da Bor\u00fassia, em Os\u00f3rio, j\u00e1 est\u00e1 sendo organizada pela igreja cat\u00f3lica, comunidade do distrito e a prefeitura de Os\u00f3rio. Na tarde desta quinta-feira (27\/03), na igreja da Santa Rita, onde ocorre a parte final da encena\u00e7\u00e3o da Paix\u00e3o de Cristo, ocorreu uma reuni\u00e3o sobre a programa\u00e7\u00e3o do evento. Como [&hellip;]<\/p>\n","protected":false},"author":3,"featured_media":26206,"comment_status":"closed","ping_status":"open","sticky":false,"template":"","format":"standard","meta":{"footnotes":""},"categories":[8],"tags":[213,1102,179,74,65],"class_list":["post-26204","post","type-post","status-publish","format-standard","has-post-thumbnail","hentry","category-noticias","tag-cultura","tag-osorio-2","tag-prefeitura","tag-turismo","tag-tvnativoos"],"cc_featured_image_caption":{"caption_text":"","source_text":"","source_url":""},"_links":{"self":[{"href":"https:\/\/tvnativoos.com.br\/wfe\/wp-json\/wp\/v2\/posts\/26204","targetHints":{"allow":["GET"]}}],"collection":[{"href":"https:\/\/tvnativoos.com.br\/wfe\/wp-json\/wp\/v2\/posts"}],"about":[{"href":"https:\/\/tvnativoos.com.br\/wfe\/wp-json\/wp\/v2\/types\/post"}],"author":[{"embeddable":true,"href":"https:\/\/tvnativoos.com.br\/wfe\/wp-json\/wp\/v2\/users\/3"}],"replies":[{"embeddable":true,"href":"https:\/\/tvnativoos.com.br\/wfe\/wp-json\/wp\/v2\/comments?post=26204"}],"version-history":[{"count":1,"href":"https:\/\/tvnativoos.com.br\/wfe\/wp-json\/wp\/v2\/posts\/26204\/revisions"}],"predecessor-version":[{"id":26207,"href":"https:\/\/tvnativoos.com.br\/wfe\/wp-json\/wp\/v2\/posts\/26204\/revisions\/26207"}],"wp:featuredmedia":[{"embeddable":true,"href":"https:\/\/tvnativoos.com.br\/wfe\/wp-json\/wp\/v2\/media\/26206"}],"wp:attachment":[{"href":"https:\/\/tvnativoos.com.br\/wfe\/wp-json\/wp\/v2\/media?parent=26204"}],"wp:term":[{"taxonomy":"category","embeddable":true,"href":"https:\/\/tvnativoos.com.br\/wfe\/wp-json\/wp\/v2\/categories?post=26204"},{"taxonomy":"post_tag","embeddable":true,"href":"https:\/\/tvnativoos.com.br\/wfe\/wp-json\/wp\/v2\/tags?post=26204"}],"curies":[{"name":"wp","href":"https:\/\/api.w.org\/{rel}","templated":true}]}}