{"id":26196,"date":"2025-03-27T20:07:24","date_gmt":"2025-03-27T20:07:24","guid":{"rendered":"https:\/\/tvnativoos.com.br\/wfe\/?p=26196"},"modified":"2025-03-27T20:07:24","modified_gmt":"2025-03-27T20:07:24","slug":"santa-rosa-vice-governador-gabriel-souza-cumpriu-agendas-na-cidade","status":"publish","type":"post","link":"https:\/\/tvnativoos.com.br\/wfe\/santa-rosa-vice-governador-gabriel-souza-cumpriu-agendas-na-cidade\/","title":{"rendered":"Santa Rosa &#8211; Vice-governador Gabriel Souza cumpriu agendas na cidade"},"content":{"rendered":"\n<p>A convite do Prefeito Anderson Mantei, o vice-governador do Rio Grande do Sul, Gabriel Souza, esteve em Santa Rosa nesta quinta-feira (27), para cumprir diversas agendas.<\/p>\n\n\n<div class=\"g g-7\"><div class=\"g-dyn a-62 c-1\"><a class=\"gofollow\" data-track=\"NjIsNyw2MA==\" href=\": http:\/\/teliga.corsan.com.br\" target=\"_blank\"><img decoding=\"async\" src=\"http:\/\/tvnativoos.com.br\/wfe\/wp-content\/uploads\/2026\/02\/WhatsApp-Image-2026-02-19-at-17.23.17.jpeg\" \/><\/a><\/div><div class=\"g-dyn a-39 c-2\"><a class=\"gofollow\" data-track=\"MzksNyw2MA==\" href=\"https:\/\/tvnativoos.com.br\/wfe\/\" target=\"_blank\"><img decoding=\"async\" src=\"http:\/\/tvnativoos.com.br\/wfe\/wp-content\/uploads\/2024\/05\/WhatsApp-Image-2024-05-17-at-19.58.28.jpeg\" \/><\/a><\/div><div class=\"g-dyn a-58 c-3\"><a class=\"gofollow\" data-track=\"NTgsNyw2MA==\" href=\"https:\/\/transformar.tramandai.rs.gov.br\/\"><img decoding=\"async\" src=\"http:\/\/tvnativoos.com.br\/wfe\/wp-content\/uploads\/2026\/03\/TV-Nativoos-300-x-250-px.png\" \/><\/a><\/div><div class=\"g-dyn a-4 c-4\"><a class=\"gofollow\" data-track=\"NCw3LDYw\" href=\"https:\/\/arquitetalaurabaltar.com.br\/wfe\/\" target=\"_blank\"><img decoding=\"async\" src=\"http:\/\/tvnativoos.com.br\/wfe\/wp-content\/uploads\/2025\/01\/01-1.png\" \/><\/a><\/div><div class=\"g-dyn a-7 c-5\"><a class=\"gofollow\" data-track=\"Nyw3LDYw\" href=\"https:\/\/inovaimoveis.rs\/\" target=\"_blank\"><img decoding=\"async\" src=\"http:\/\/tvnativoos.com.br\/wfe\/wp-content\/uploads\/2023\/06\/Banner-Inova-300x214-1.jpeg\" \/><\/a><\/div><div class=\"g-dyn a-8 c-6\"><a class=\"gofollow\" data-track=\"OCw3LDYw\" href=\"https:\/\/www.facebook.com\/sonia.conti.7545\" target=\"_blank\"><img decoding=\"async\" src=\"http:\/\/tvnativoos.com.br\/wfe\/wp-content\/uploads\/2023\/06\/BANNERS-350X250-SONIA-CONTI-1-300x214-1.jpg\" \/><\/a><\/div><div class=\"g-dyn a-6 c-7\"><a class=\"gofollow\" data-track=\"Niw3LDYw\" href=\"#\" target=\"_blank\"><img decoding=\"async\" src=\"http:\/\/tvnativoos.com.br\/wfe\/wp-content\/uploads\/2023\/01\/banner-agua-kangen-e1701887476486.jpeg\" \/><\/a><\/div><\/div>\n\n\n<p>Durante a manh\u00e3, Gabriel visitou importantes institui\u00e7\u00f5es do munic\u00edpio, incluindo o Hospital Vida e Sa\u00fade e a APAE Santa Rosa. Ele tamb\u00e9m foi o palestrante convidado para a 184\u00aa edi\u00e7\u00e3o do Almo\u00e7o de Ideias da ACISAP, evento que marcou o in\u00edcio das atividades da entidade em 2025.<\/p>\n\n\n<div class=\"g g-8\"><div class=\"g-dyn a-45 c-1\"><a href=\"https:\/\/tvnativoos.com.br\/wfe\/radio-online-costeira-nativa\/\" target=\"_blank\"><img decoding=\"async\" src=\"http:\/\/tvnativoos.com.br\/wfe\/wp-content\/uploads\/2024\/06\/radiocosteiranativa-2.jpeg\" \/><\/a><\/div><div class=\"g-dyn a-44 c-2\"><a href=\"https:\/\/tvnativoos.com.br\/wfe\/radio-online-costeira-nativa\/\" target=\"_blank\"><img decoding=\"async\" src=\"http:\/\/tvnativoos.com.br\/wfe\/wp-content\/uploads\/2024\/06\/radiocosteiranativa-1.jpeg\" \/><\/a><\/div><\/div>\n\n\n<p>A programa\u00e7\u00e3o teve in\u00edcio com uma visita na Nova Unidade do Hospital Vida e Sa\u00fade, onde o vice-governador, acompanhado de autoridades, conheceu as melhorias implementadas com recursos enviados pelo Governo do Estado. A visita, coordenada pelo Prefeito Anderson Mantei, come\u00e7ou no Centro de Diagn\u00f3stico por Imagem, com Gabriel interagindo com pacientes que aguardavam exames, e seguiu para o s\u00e9timo pavimento da unidade, onde est\u00e3o localizados os leitos de interna\u00e7\u00e3o do Sistema \u00danico de Sa\u00fade (SUS). O grupo tamb\u00e9m passou pela UTI, onde os profissionais de sa\u00fade apresentaram as inova\u00e7\u00f5es na estrutura, como os leitos individualizados e a ambi\u00eancia humanizada.<\/p>\n\n\n\n<p>Na sequ\u00eancia, Gabriel Souza seguiu para a APAE Santa Rosa, onde foi recepcionado pela dire\u00e7\u00e3o, por profissionais, pelo Clube de M\u00e3es da institui\u00e7\u00e3o e pelos atendidos da APAE, incluindo crian\u00e7as, jovens e adultos. O vice-governador teve a oportunidade de conhecer os projetos em andamento e as iniciativas do Centro de Atendimento em Sa\u00fade (CAS) do Programa TEAcolhe, que oferece apoio a pessoas com Transtorno do Espectro Autista. Na ocasi\u00e3o, o prefeito Anderson Mantei agradeceu ao vice-governador pela presen\u00e7a e ressaltou o apoio constante do Governo do Estado para os projetos de Santa Rosa, \u201c\u00c9 importante estarmos cada vez mais pr\u00f3ximos do Estado para avan\u00e7armos nas pautas de desenvolvimento do munic\u00edpio e da regi\u00e3o. Nos sentimos honrados com a presen\u00e7a do vice-governador e conseguimos mostrar um pouco do que vem sendo realizado no nosso munic\u00edpio\u201d.<\/p>\n\n\n\n<figure class=\"wp-block-image size-large\"><img loading=\"lazy\" decoding=\"async\" width=\"1024\" height=\"683\" src=\"http:\/\/tvnativoos.com.br\/wfe\/wp-content\/uploads\/2025\/03\/54413140817_7bd8c9c4bd_o-1024x683.jpg\" alt=\"\" class=\"wp-image-26199\"\/><\/figure>\n\n\n\n<p>A \u00faltima agenda na cidade foi no Parque de Exposi\u00e7\u00f5es, onde ocorreu o tradicional Almo\u00e7o de Ideias, promovido pela ACISAP. O evento teve como tema \u201cPresente e futuro do Rio Grande do Sul &#8211; A\u00e7\u00f5es para o desenvolvimento da regi\u00e3o Noroeste\u201d. Durante sua palestra, Gabriel Souza refor\u00e7ou o reconhecimento de Santa Rosa como uma cidade pujante, destacando o munic\u00edpio como uma refer\u00eancia no Rio Grande do Sul, \u201cSanta Rosa \u00e9 um modelo de gest\u00e3o e tem se destacado no Estado, sendo refer\u00eancia em diversas \u00e1reas. Fiquei muito impressionado com os locais que visitei, especialmente o Hospital Vida e Sa\u00fade, que considero entre os tr\u00eas melhores do interior do Rio Grande do Sul. Tamb\u00e9m fiquei muito feliz em conhecer toda a estrutura da APAE e ver de perto o importante trabalho que vem sendo desenvolvido aqui\u201d. Gabriel ainda ressaltou que Santa Rosa \u00e9 um munic\u00edpio muito promissor e que pode sempre contar com o Governo do Estado.<\/p>\n\n\n\n<figure class=\"wp-block-image size-large\"><img loading=\"lazy\" decoding=\"async\" width=\"1024\" height=\"683\" src=\"http:\/\/tvnativoos.com.br\/wfe\/wp-content\/uploads\/2025\/03\/54414200944_b52ed57ff8_o-1024x683.jpg\" alt=\"\" class=\"wp-image-26202\"\/><\/figure>\n\n\n\n<p>Al\u00e9m do vice-governador, a comitiva do Governo do Estado contou com a presen\u00e7a de autoridades como o Secret\u00e1rio de Desenvolvimento Econ\u00f4mico, Ernani Polo, o Secret\u00e1rio Adjunto de Desenvolvimento Urbano e Metropolitano, Fernando Classmann, o Secret\u00e1rio de Log\u00edstica e Transportes, Juvir Costella e o Deputado Estadual Rafael Braga. Tamb\u00e9m participaram das agendas e do Almo\u00e7o de Ideias, o Prefeito de Ober\u00e1, Pablo Hassan, e uma comitiva de prefeitos da Argentina.<\/p>\n\n\n\n<p>Fonte: Assessoria de Comunica\u00e7\u00e3o<\/p>\n\n\n\n<p>Curta, compartilhe e inscreva em nosso canal do\u00a0<a href=\"https:\/\/youtube.com\/@tvnativoos\">youtube.com\/@tvnativoos<\/a>, curta nossa p\u00e1gina no facebook, instagram e veja nossa programa\u00e7\u00e3o ao vivo portal\u00a0<a href=\"https:\/\/tvnativoos.com.br\/wfe\/tramandai-anuncia-os-shows-da-33a-festa-nacional-do-peixe-o-maior-evento-gastronomico-do-estado\/\">www.tvnativoos.com.br<\/a><\/p>\n","protected":false},"excerpt":{"rendered":"<p>A convite do Prefeito Anderson Mantei, o vice-governador do Rio Grande do Sul, Gabriel Souza, esteve em Santa Rosa nesta quinta-feira (27), para cumprir diversas agendas. Durante a manh\u00e3, Gabriel visitou importantes institui\u00e7\u00f5es do munic\u00edpio, incluindo o Hospital Vida e Sa\u00fade e a APAE Santa Rosa. Ele tamb\u00e9m foi o palestrante convidado para a 184\u00aa [&hellip;]<\/p>\n","protected":false},"author":3,"featured_media":26197,"comment_status":"closed","ping_status":"open","sticky":false,"template":"","format":"standard","meta":{"footnotes":""},"categories":[8],"tags":[308,298,65,3290],"class_list":["post-26196","post","type-post","status-publish","format-standard","has-post-thumbnail","hentry","category-noticias","tag-santarosa","tag-saude","tag-tvnativoos","tag-vidaesaude"],"cc_featured_image_caption":{"caption_text":"","source_text":"","source_url":""},"_links":{"self":[{"href":"https:\/\/tvnativoos.com.br\/wfe\/wp-json\/wp\/v2\/posts\/26196","targetHints":{"allow":["GET"]}}],"collection":[{"href":"https:\/\/tvnativoos.com.br\/wfe\/wp-json\/wp\/v2\/posts"}],"about":[{"href":"https:\/\/tvnativoos.com.br\/wfe\/wp-json\/wp\/v2\/types\/post"}],"author":[{"embeddable":true,"href":"https:\/\/tvnativoos.com.br\/wfe\/wp-json\/wp\/v2\/users\/3"}],"replies":[{"embeddable":true,"href":"https:\/\/tvnativoos.com.br\/wfe\/wp-json\/wp\/v2\/comments?post=26196"}],"version-history":[{"count":1,"href":"https:\/\/tvnativoos.com.br\/wfe\/wp-json\/wp\/v2\/posts\/26196\/revisions"}],"predecessor-version":[{"id":26203,"href":"https:\/\/tvnativoos.com.br\/wfe\/wp-json\/wp\/v2\/posts\/26196\/revisions\/26203"}],"wp:featuredmedia":[{"embeddable":true,"href":"https:\/\/tvnativoos.com.br\/wfe\/wp-json\/wp\/v2\/media\/26197"}],"wp:attachment":[{"href":"https:\/\/tvnativoos.com.br\/wfe\/wp-json\/wp\/v2\/media?parent=26196"}],"wp:term":[{"taxonomy":"category","embeddable":true,"href":"https:\/\/tvnativoos.com.br\/wfe\/wp-json\/wp\/v2\/categories?post=26196"},{"taxonomy":"post_tag","embeddable":true,"href":"https:\/\/tvnativoos.com.br\/wfe\/wp-json\/wp\/v2\/tags?post=26196"}],"curies":[{"name":"wp","href":"https:\/\/api.w.org\/{rel}","templated":true}]}}