{"id":25931,"date":"2025-03-13T12:28:19","date_gmt":"2025-03-13T12:28:19","guid":{"rendered":"https:\/\/tvnativoos.com.br\/wfe\/?p=25931"},"modified":"2025-03-13T12:28:19","modified_gmt":"2025-03-13T12:28:19","slug":"clima-massa-de-ar-frio-mantem-temperaturas-agradaveis-no-rs-nesta-quinta-feira","status":"publish","type":"post","link":"https:\/\/tvnativoos.com.br\/wfe\/clima-massa-de-ar-frio-mantem-temperaturas-agradaveis-no-rs-nesta-quinta-feira\/","title":{"rendered":"Clima &#8211; Massa de ar frio mant\u00e9m temperaturas agrad\u00e1veis no RS nesta quinta-feira"},"content":{"rendered":"\n<p>H\u00e1 chance de chuva muito localizada em alguns pontos<\/p>\n\n\n\n<p>Uma massa de<a href=\"https:\/\/www.correiodopovo.com.br\/not%C3%ADcias\/cidades\/nova-massa-de-ar-frio-vai-manter-sequ%C3%AAncia-de-dias-agrad%C3%A1veis-no-rs-1.1587970\" target=\"_blank\" rel=\"noreferrer noopener\"><strong>&nbsp;ar mais frio come\u00e7a a ingressar<\/strong><\/a>&nbsp;no Rio Grande do Sul nesta quinta-feira e traz um dia ameno em muitas cidades ga\u00fachas, especialmente do Sul e do Leste do estado. No Noroeste e no Norte ga\u00facho, aquece mais.<\/p>\n\n\n\n<p>O sol aparece com nuvens em diferentes \u00e1reas, mas em muitas cidades predomina o c\u00e9u nublado ou encoberto. H\u00e1 tend\u00eancia maior de chuva na Metade Sul ga\u00facha. Nas demais \u00e1reas do estado, ou n\u00e3o chove ou chove de forma muito localizada \u00e0 medida que a frente fria que avan\u00e7a \u00e9 pouco ativa. Baixa press\u00e3o pode trazer chuva localmente forte e rajadas de vento no Sul ga\u00facho.<\/p>\n\n\n\n<p>Uma nova massa de ar frio chega ao Rio Grande do Sul e vai manter a sequ\u00eancia de dias de temperatura agrad\u00e1vel na maior parte das cidades ga\u00fachas, com m\u00ednimas baixas em algumas regi\u00f5es no final desta semana, projeta a MetSul Meteorologia. Esta ser\u00e1 a segunda incurs\u00e3o de ar frio desta semana, depois da queda do bloqueio atmosf\u00e9rico no \u00faltimo domingo que manteve a temperatura muito acima da m\u00e9dia por um longo per\u00edodo com uma onda de calor de duas semanas.<\/p>\n\n\n\n<p>O ar mais ameno toma conta do estado at\u00e9 o come\u00e7o da sexta-feira com um novo decl\u00ednio da temperatura. A massa de ar frio que vem na retaguarda de uma frente fria ser\u00e1 impulsionada para o estado por uma \u00e1rea de baixa press\u00e3o que atua na nossa costa com chuva forte e rajadas de vento no Sul ga\u00facho e que na sexta-feira dar\u00e1 origem a um ciclone extratropical no Atl\u00e2ntico, j\u00e1 mais longe da \u00e1rea continental.<\/p>\n\n\n\n<p>Nesta quinta, a temperatura estar\u00e1 mais baixa \u00e0 tarde no Sul e no Leste do Rio Grande do Sul com temperaturas entre 20\u00baC e 25\u00baC na maioria das cidade e at\u00e9 abaixo de 20\u00baC em pontos do Sul ga\u00facho. Segue quente, entretanto, no Noroeste.<\/p>\n\n\n\n<p>As madrugadas do fim de semana seguir\u00e3o bastante amenas no Rio Grande do Sul com possibilidade de m\u00ednimas tanto no s\u00e1bado quanto no domingo de um d\u00edgito (abaixo de 10\u00baC) nos Campos de Cima da Serra pelo ar mais seco. Esta nova incurs\u00e3o de ar frio vai prolongar a sequ\u00eancia de dias agrad\u00e1veis em Porto Alegre e regi\u00e3o.<\/p>\n\n\n\n<p>Curta, compartilhe e inscreva em nosso canal do\u00a0<a href=\"https:\/\/youtube.com\/@tvnativoos\">youtube.com\/@tvnativoos<\/a>, curta nossa p\u00e1gina no facebook, instagram e veja nossa programa\u00e7\u00e3o ao vivo portal\u00a0<a href=\"https:\/\/tvnativoos.com.br\/wfe\/tramandai-anuncia-os-shows-da-33a-festa-nacional-do-peixe-o-maior-evento-gastronomico-do-estado\/\">www.tvnativoos.com.b<\/a>r<\/p>\n","protected":false},"excerpt":{"rendered":"<p>H\u00e1 chance de chuva muito localizada em alguns pontos Uma massa de&nbsp;ar mais frio come\u00e7a a ingressar&nbsp;no Rio Grande do Sul nesta quinta-feira e traz um dia ameno em muitas cidades ga\u00fachas, especialmente do Sul e do Leste do estado. No Noroeste e no Norte ga\u00facho, aquece mais. O sol aparece com nuvens em diferentes [&hellip;]<\/p>\n","protected":false},"author":2,"featured_media":25932,"comment_status":"closed","ping_status":"open","sticky":false,"template":"","format":"standard","meta":{"footnotes":""},"categories":[8],"tags":[3189,65],"class_list":["post-25931","post","type-post","status-publish","format-standard","has-post-thumbnail","hentry","category-noticias","tag-clima-hoje","tag-tvnativoos"],"cc_featured_image_caption":{"caption_text":"Expodireto 2025 - foto: Marcos Alves \/ TVN","source_text":"","source_url":""},"_links":{"self":[{"href":"https:\/\/tvnativoos.com.br\/wfe\/wp-json\/wp\/v2\/posts\/25931","targetHints":{"allow":["GET"]}}],"collection":[{"href":"https:\/\/tvnativoos.com.br\/wfe\/wp-json\/wp\/v2\/posts"}],"about":[{"href":"https:\/\/tvnativoos.com.br\/wfe\/wp-json\/wp\/v2\/types\/post"}],"author":[{"embeddable":true,"href":"https:\/\/tvnativoos.com.br\/wfe\/wp-json\/wp\/v2\/users\/2"}],"replies":[{"embeddable":true,"href":"https:\/\/tvnativoos.com.br\/wfe\/wp-json\/wp\/v2\/comments?post=25931"}],"version-history":[{"count":1,"href":"https:\/\/tvnativoos.com.br\/wfe\/wp-json\/wp\/v2\/posts\/25931\/revisions"}],"predecessor-version":[{"id":25933,"href":"https:\/\/tvnativoos.com.br\/wfe\/wp-json\/wp\/v2\/posts\/25931\/revisions\/25933"}],"wp:featuredmedia":[{"embeddable":true,"href":"https:\/\/tvnativoos.com.br\/wfe\/wp-json\/wp\/v2\/media\/25932"}],"wp:attachment":[{"href":"https:\/\/tvnativoos.com.br\/wfe\/wp-json\/wp\/v2\/media?parent=25931"}],"wp:term":[{"taxonomy":"category","embeddable":true,"href":"https:\/\/tvnativoos.com.br\/wfe\/wp-json\/wp\/v2\/categories?post=25931"},{"taxonomy":"post_tag","embeddable":true,"href":"https:\/\/tvnativoos.com.br\/wfe\/wp-json\/wp\/v2\/tags?post=25931"}],"curies":[{"name":"wp","href":"https:\/\/api.w.org\/{rel}","templated":true}]}}