{"id":25896,"date":"2025-03-10T01:48:24","date_gmt":"2025-03-10T01:48:24","guid":{"rendered":"https:\/\/tvnativoos.com.br\/wfe\/?p=25896"},"modified":"2025-03-10T01:48:25","modified_gmt":"2025-03-10T01:48:25","slug":"clima-depois-da-onde-de-calor-semana-tera-temperaturas-amenas-e-recuo-da-chuva-na-maior-parte-do-rs","status":"publish","type":"post","link":"https:\/\/tvnativoos.com.br\/wfe\/clima-depois-da-onde-de-calor-semana-tera-temperaturas-amenas-e-recuo-da-chuva-na-maior-parte-do-rs\/","title":{"rendered":"Clima &#8211;  Depois da Onde de Calor, semana ter\u00e1 temperaturas amenas e recuo da chuva na maior parte do RS"},"content":{"rendered":"\n<p>Com frente fria atuando no Estado, term\u00f4metro deve permanecer na faixa dos 20\u00baC nos pr\u00f3ximos dias em todo o territ\u00f3rio ga\u00facho<\/p>\n\n\n<div class=\"g g-6\"><div class=\"g-dyn a-39 c-1\"><a class=\"gofollow\" data-track=\"MzksNiw2MA==\" href=\"https:\/\/tvnativoos.com.br\/wfe\/\" target=\"_blank\"><img decoding=\"async\" src=\"http:\/\/tvnativoos.com.br\/wfe\/wp-content\/uploads\/2024\/05\/WhatsApp-Image-2024-05-17-at-19.58.28.jpeg\" \/><\/a><\/div><div class=\"g-dyn a-7 c-2\"><a class=\"gofollow\" data-track=\"Nyw2LDYw\" href=\"https:\/\/inovaimoveis.rs\/\" target=\"_blank\"><img decoding=\"async\" src=\"http:\/\/tvnativoos.com.br\/wfe\/wp-content\/uploads\/2023\/06\/Banner-Inova-300x214-1.jpeg\" \/><\/a><\/div><div class=\"g-dyn a-6 c-3\"><a class=\"gofollow\" data-track=\"Niw2LDYw\" href=\"#\" target=\"_blank\"><img decoding=\"async\" src=\"http:\/\/tvnativoos.com.br\/wfe\/wp-content\/uploads\/2023\/01\/banner-agua-kangen-e1701887476486.jpeg\" \/><\/a><\/div><div class=\"g-dyn a-58 c-4\"><a class=\"gofollow\" data-track=\"NTgsNiw2MA==\" href=\"https:\/\/transformar.tramandai.rs.gov.br\/\"><img decoding=\"async\" src=\"http:\/\/tvnativoos.com.br\/wfe\/wp-content\/uploads\/2026\/03\/TV-Nativoos-300-x-250-px.png\" \/><\/a><\/div><div class=\"g-dyn a-4 c-5\"><a class=\"gofollow\" data-track=\"NCw2LDYw\" href=\"https:\/\/arquitetalaurabaltar.com.br\/wfe\/\" target=\"_blank\"><img decoding=\"async\" src=\"http:\/\/tvnativoos.com.br\/wfe\/wp-content\/uploads\/2025\/01\/01-1.png\" \/><\/a><\/div><div class=\"g-dyn a-62 c-6\"><a class=\"gofollow\" data-track=\"NjIsNiw2MA==\" href=\": http:\/\/teliga.corsan.com.br\" target=\"_blank\"><img decoding=\"async\" src=\"http:\/\/tvnativoos.com.br\/wfe\/wp-content\/uploads\/2026\/02\/WhatsApp-Image-2026-02-19-at-17.23.17.jpeg\" \/><\/a><\/div><\/div>\n\n\n<p>Depois de uma\u00a0<strong>onda de calor intenso<\/strong>, as\u00a0<strong>temperaturas amenas\u00a0<\/strong>devem predominar no Rio Grande do Sul nesta semana. Uma frente fria que atua no Estado contribuiu para derrubar o term\u00f4metro, que deve permanecer na faixa dos 20\u00baC nos pr\u00f3ximos dias em todas as regi\u00f5es.\u00a0<\/p>\n\n\n\n<p>\u2014 As temperaturas devem se manter mais amenas. Nesta semana, n\u00e3o haver\u00e1 aquele calor\u00e3o que tivemos nos \u00faltimos dias. A&nbsp;<strong>frente fria deve seguir influenciando o tempo<\/strong>&nbsp;ao longo da semana \u2014 explica o meteorologista da Universidade Federal de Santa Maria Daniel Caetano.&nbsp;<\/p>\n\n\n\n<p>De acordo com ele,&nbsp;<strong>a chuva tamb\u00e9m deve recuar<\/strong>&nbsp;ao longo da semana, conforme a frente fria se desloca em dire\u00e7\u00e3o \u00e0 regi\u00e3o Sudeste.&nbsp;<\/p>\n\n\n\n<p>Com isso, o sol volta a aparecer em boa parte do Estado, principalmente a partir de quarta-feira (12), quando o tempo seco volta a predominar \u2014 exceto em \u00e1reas do Noroeste, Norte, Serra e faixa litor\u00e2nea, onde&nbsp;<strong>pode haver pancadas de chuva<\/strong>&nbsp;a qualquer hora do dia, conforme informa\u00e7\u00f5es da Climatempo.&nbsp;<\/p>\n\n\n<div class=\"g g-7\"><div class=\"g-dyn a-62 c-1\"><a class=\"gofollow\" data-track=\"NjIsNyw2MA==\" href=\": http:\/\/teliga.corsan.com.br\" target=\"_blank\"><img decoding=\"async\" src=\"http:\/\/tvnativoos.com.br\/wfe\/wp-content\/uploads\/2026\/02\/WhatsApp-Image-2026-02-19-at-17.23.17.jpeg\" \/><\/a><\/div><div class=\"g-dyn a-6 c-2\"><a class=\"gofollow\" data-track=\"Niw3LDYw\" href=\"#\" target=\"_blank\"><img decoding=\"async\" src=\"http:\/\/tvnativoos.com.br\/wfe\/wp-content\/uploads\/2023\/01\/banner-agua-kangen-e1701887476486.jpeg\" \/><\/a><\/div><div class=\"g-dyn a-7 c-3\"><a class=\"gofollow\" data-track=\"Nyw3LDYw\" href=\"https:\/\/inovaimoveis.rs\/\" target=\"_blank\"><img decoding=\"async\" src=\"http:\/\/tvnativoos.com.br\/wfe\/wp-content\/uploads\/2023\/06\/Banner-Inova-300x214-1.jpeg\" \/><\/a><\/div><div class=\"g-dyn a-4 c-4\"><a class=\"gofollow\" data-track=\"NCw3LDYw\" href=\"https:\/\/arquitetalaurabaltar.com.br\/wfe\/\" target=\"_blank\"><img decoding=\"async\" src=\"http:\/\/tvnativoos.com.br\/wfe\/wp-content\/uploads\/2025\/01\/01-1.png\" \/><\/a><\/div><div class=\"g-dyn a-58 c-5\"><a class=\"gofollow\" data-track=\"NTgsNyw2MA==\" href=\"https:\/\/transformar.tramandai.rs.gov.br\/\"><img decoding=\"async\" src=\"http:\/\/tvnativoos.com.br\/wfe\/wp-content\/uploads\/2026\/03\/TV-Nativoos-300-x-250-px.png\" \/><\/a><\/div><div class=\"g-dyn a-39 c-6\"><a class=\"gofollow\" data-track=\"MzksNyw2MA==\" href=\"https:\/\/tvnativoos.com.br\/wfe\/\" target=\"_blank\"><img decoding=\"async\" src=\"http:\/\/tvnativoos.com.br\/wfe\/wp-content\/uploads\/2024\/05\/WhatsApp-Image-2024-05-17-at-19.58.28.jpeg\" \/><\/a><\/div><div class=\"g-dyn a-8 c-7\"><a class=\"gofollow\" data-track=\"OCw3LDYw\" href=\"https:\/\/www.facebook.com\/sonia.conti.7545\" target=\"_blank\"><img decoding=\"async\" src=\"http:\/\/tvnativoos.com.br\/wfe\/wp-content\/uploads\/2023\/06\/BANNERS-350X250-SONIA-CONTI-1-300x214-1.jpg\" \/><\/a><\/div><\/div>\n\n\n<p>Entre segunda e ter\u00e7a-feira (11), n\u00e3o est\u00e3o previstos&nbsp;<strong>grandes volumes de chuva<\/strong>, em geral. N\u00e3o deve chover nas faixas Oeste, Campanha e Sul do Estado. J\u00e1 nas regi\u00f5es Metropolitana, Central, Miss\u00f5es, Norte, Vales e Serra, ainda h\u00e1 previs\u00e3o de pancadas isoladas. Entre quarta e sexta-feira (14), pelo menos, o&nbsp;<strong>tempo deve se manter seco&nbsp;<\/strong>em todo o Estado, segundo Caetano.&nbsp;<\/p>\n\n\n\n<p>Com isso, as temperaturas devem subir na sexta-feira. No in\u00edcio da semana, principalmente, algumas regi\u00f5es ter\u00e3o manh\u00e3s mais frias, como na Campanha. Em Bag\u00e9, por exemplo, a segunda-feira deve registrar&nbsp;<strong>temperatura m\u00ednima de 10\u00baC<\/strong>. Conforme a precipita\u00e7\u00e3o recua e avan\u00e7a o ar seco, deve ficar mais quente no final da semana.<\/p>\n\n\n\n<h2 class=\"wp-block-heading\">Alerta de tempestade&nbsp;<\/h2>\n\n\n\n<p>Haver\u00e1&nbsp;<strong>pontos isolados com chuva mais forte<\/strong>&nbsp;e possibilidade de raios, principalmente na faixa do Norte do RS, Miss\u00f5es, Noroeste, Serra e Nordeste, conforme informa\u00e7\u00f5es da Climatempo. H\u00e1 um alerta do Instituto Nacional de Meteorologia (Inmet), v\u00e1lido at\u00e9 10h de segunda-feira, que indica&nbsp;<strong>risco de tempestade<\/strong>&nbsp;que abrange Noroeste, Nordeste e Regi\u00e3o Metropolitana.&nbsp;<\/p>\n\n\n\n<p>Fontes: Climatempo, GZH, Jornal Correio do Povo<\/p>\n\n\n\n<p><\/p>\n","protected":false},"excerpt":{"rendered":"<p>Com frente fria atuando no Estado, term\u00f4metro deve permanecer na faixa dos 20\u00baC nos pr\u00f3ximos dias em todo o territ\u00f3rio ga\u00facho Depois de uma\u00a0onda de calor intenso, as\u00a0temperaturas amenas\u00a0devem predominar no Rio Grande do Sul nesta semana. Uma frente fria que atua no Estado contribuiu para derrubar o term\u00f4metro, que deve permanecer na faixa dos [&hellip;]<\/p>\n","protected":false},"author":3,"featured_media":25897,"comment_status":"closed","ping_status":"open","sticky":false,"template":"","format":"standard","meta":{"footnotes":""},"categories":[8],"tags":[],"class_list":["post-25896","post","type-post","status-publish","format-standard","has-post-thumbnail","hentry","category-noticias"],"cc_featured_image_caption":{"caption_text":"","source_text":"","source_url":""},"_links":{"self":[{"href":"https:\/\/tvnativoos.com.br\/wfe\/wp-json\/wp\/v2\/posts\/25896","targetHints":{"allow":["GET"]}}],"collection":[{"href":"https:\/\/tvnativoos.com.br\/wfe\/wp-json\/wp\/v2\/posts"}],"about":[{"href":"https:\/\/tvnativoos.com.br\/wfe\/wp-json\/wp\/v2\/types\/post"}],"author":[{"embeddable":true,"href":"https:\/\/tvnativoos.com.br\/wfe\/wp-json\/wp\/v2\/users\/3"}],"replies":[{"embeddable":true,"href":"https:\/\/tvnativoos.com.br\/wfe\/wp-json\/wp\/v2\/comments?post=25896"}],"version-history":[{"count":1,"href":"https:\/\/tvnativoos.com.br\/wfe\/wp-json\/wp\/v2\/posts\/25896\/revisions"}],"predecessor-version":[{"id":25898,"href":"https:\/\/tvnativoos.com.br\/wfe\/wp-json\/wp\/v2\/posts\/25896\/revisions\/25898"}],"wp:featuredmedia":[{"embeddable":true,"href":"https:\/\/tvnativoos.com.br\/wfe\/wp-json\/wp\/v2\/media\/25897"}],"wp:attachment":[{"href":"https:\/\/tvnativoos.com.br\/wfe\/wp-json\/wp\/v2\/media?parent=25896"}],"wp:term":[{"taxonomy":"category","embeddable":true,"href":"https:\/\/tvnativoos.com.br\/wfe\/wp-json\/wp\/v2\/categories?post=25896"},{"taxonomy":"post_tag","embeddable":true,"href":"https:\/\/tvnativoos.com.br\/wfe\/wp-json\/wp\/v2\/tags?post=25896"}],"curies":[{"name":"wp","href":"https:\/\/api.w.org\/{rel}","templated":true}]}}