{"id":25835,"date":"2025-03-06T17:06:49","date_gmt":"2025-03-06T17:06:49","guid":{"rendered":"https:\/\/tvnativoos.com.br\/wfe\/?p=25835"},"modified":"2025-03-06T17:06:49","modified_gmt":"2025-03-06T17:06:49","slug":"cultura-prefeitura-renova-convenio-com-a-orquestra-jovem-santa-rosa","status":"publish","type":"post","link":"https:\/\/tvnativoos.com.br\/wfe\/cultura-prefeitura-renova-convenio-com-a-orquestra-jovem-santa-rosa\/","title":{"rendered":"Cultura &#8211; Prefeitura renova conv\u00eanio com a Orquestra Jovem Santa Rosa"},"content":{"rendered":"\n<p>Nesta semana, o Prefeito Anderson Mantei recebeu no gabinete integrantes da Orquestra Jovem Santa Rosa. Na oportunidade, foi assinado um termo aditivo para renovar o conv\u00eanio do munic\u00edpio com a institui\u00e7\u00e3o.<\/p>\n\n\n<div class=\"g g-7\"><div class=\"g-dyn a-39 c-1\"><a class=\"gofollow\" data-track=\"MzksNyw2MA==\" href=\"https:\/\/tvnativoos.com.br\/wfe\/\" target=\"_blank\"><img decoding=\"async\" src=\"http:\/\/tvnativoos.com.br\/wfe\/wp-content\/uploads\/2024\/05\/WhatsApp-Image-2024-05-17-at-19.58.28.jpeg\" \/><\/a><\/div><div class=\"g-dyn a-8 c-2\"><a class=\"gofollow\" data-track=\"OCw3LDYw\" href=\"https:\/\/www.facebook.com\/sonia.conti.7545\" target=\"_blank\"><img decoding=\"async\" src=\"http:\/\/tvnativoos.com.br\/wfe\/wp-content\/uploads\/2023\/06\/BANNERS-350X250-SONIA-CONTI-1-300x214-1.jpg\" \/><\/a><\/div><div class=\"g-dyn a-58 c-3\"><a class=\"gofollow\" data-track=\"NTgsNyw2MA==\" href=\"https:\/\/transformar.tramandai.rs.gov.br\/\"><img decoding=\"async\" src=\"http:\/\/tvnativoos.com.br\/wfe\/wp-content\/uploads\/2026\/03\/TV-Nativoos-300-x-250-px.png\" \/><\/a><\/div><div class=\"g-dyn a-6 c-4\"><a class=\"gofollow\" data-track=\"Niw3LDYw\" href=\"#\" target=\"_blank\"><img decoding=\"async\" src=\"http:\/\/tvnativoos.com.br\/wfe\/wp-content\/uploads\/2023\/01\/banner-agua-kangen-e1701887476486.jpeg\" \/><\/a><\/div><div class=\"g-dyn a-62 c-5\"><a class=\"gofollow\" data-track=\"NjIsNyw2MA==\" href=\": http:\/\/teliga.corsan.com.br\" target=\"_blank\"><img decoding=\"async\" src=\"http:\/\/tvnativoos.com.br\/wfe\/wp-content\/uploads\/2026\/02\/WhatsApp-Image-2026-02-19-at-17.23.17.jpeg\" \/><\/a><\/div><div class=\"g-dyn a-4 c-6\"><a class=\"gofollow\" data-track=\"NCw3LDYw\" href=\"https:\/\/arquitetalaurabaltar.com.br\/wfe\/\" target=\"_blank\"><img decoding=\"async\" src=\"http:\/\/tvnativoos.com.br\/wfe\/wp-content\/uploads\/2025\/01\/01-1.png\" \/><\/a><\/div><div class=\"g-dyn a-7 c-7\"><a class=\"gofollow\" data-track=\"Nyw3LDYw\" href=\"https:\/\/inovaimoveis.rs\/\" target=\"_blank\"><img decoding=\"async\" src=\"http:\/\/tvnativoos.com.br\/wfe\/wp-content\/uploads\/2023\/06\/Banner-Inova-300x214-1.jpeg\" \/><\/a><\/div><\/div>\n\n\n<p>A prefeitura \u00e9 parceira do projeto Orquestra Jovem realizado nas escolas da Rede Municipal de Ensino, que disponibiliza para os alunos, a musicaliza\u00e7\u00e3o pela flauta doce, canto e coral.<\/p>\n\n\n\n<p>Atualmente, cerca de 300 alunos s\u00e3o atendidos no projeto, tendo acesso a aulas que promovem a educa\u00e7\u00e3o musical de forma gratuita. O Maestro Alessandro Munawek, respons\u00e1vel pela orquestra, fez um agradecimento especial \u00e0 Administra\u00e7\u00e3o Municipal pelo apoio nos \u00faltimos quatro anos, destacando a relev\u00e2ncia dessa parceria, \u201cEste apoio tem sido fundamental para a continuidade do nosso projeto. Gra\u00e7as \u00e0 parceria com a prefeitura, conseguimos oferecer aos alunos e para a comunidade uma oportunidade \u00fanica de desenvolvimento musical e pessoal\u201d.<\/p>\n\n\n<div class=\"g g-8\"><div class=\"g-dyn a-45 c-1\"><a href=\"https:\/\/tvnativoos.com.br\/wfe\/radio-online-costeira-nativa\/\" target=\"_blank\"><img decoding=\"async\" src=\"http:\/\/tvnativoos.com.br\/wfe\/wp-content\/uploads\/2024\/06\/radiocosteiranativa-2.jpeg\" \/><\/a><\/div><div class=\"g-dyn a-44 c-2\"><a href=\"https:\/\/tvnativoos.com.br\/wfe\/radio-online-costeira-nativa\/\" target=\"_blank\"><img decoding=\"async\" src=\"http:\/\/tvnativoos.com.br\/wfe\/wp-content\/uploads\/2024\/06\/radiocosteiranativa-1.jpeg\" \/><\/a><\/div><\/div>\n\n\n<p>Al\u00e9m do trabalho desenvolvido nas escolas, a Orquestra Jovem tamb\u00e9m oferece aulas de instrumentos de orquestra sinf\u00f4nica para toda a comunidade de Santa Rosa. O Prefeito Anderson Mantei destacou a import\u00e2ncia dessa parceria para o munic\u00edpio, refor\u00e7ando o compromisso da gest\u00e3o com a educa\u00e7\u00e3o e a cultura, \u201cA renova\u00e7\u00e3o deste conv\u00eanio com a Orquestra Jovem \u00e9 mais um passo para fortalecer as a\u00e7\u00f5es culturais em Santa Rosa. A educa\u00e7\u00e3o musical \u00e9 uma ferramenta poderosa para o desenvolvimento pessoal e social dos nossos jovens. Sabemos a import\u00e2ncia de apoiar projetos como este, que transformam a vida das pessoas e contribuem para a forma\u00e7\u00e3o dos cidad\u00e3os\u201d.<\/p>\n\n\n\n<p>A Orquestra Jovem \u00e9 uma iniciativa com foco em proporcionar educa\u00e7\u00e3o musical e cultura gratuita para todas as faixas et\u00e1rias. Dessa forma, a proposta oferece tanto a oportunidade de aprendizado musical, como tamb\u00e9m busca promover a inclus\u00e3o destes jovens, permitindo o desenvolvimento de talentos e habilidades como, a disciplina, o trabalho em equipe e a autoestima.<\/p>\n\n\n\n<p>Fonte: Assessoria de Comunica\u00e7\u00e3o<\/p>\n\n\n\n<p>Curta, compartilhe e inscreva em nosso canal do\u00a0<a href=\"https:\/\/youtube.com\/@tvnativoos\">youtube.com\/@tvnativoos<\/a>, curta nossa p\u00e1gina no facebook, instagram e veja nossa programa\u00e7\u00e3o ao vivo portal\u00a0<a href=\"https:\/\/tvnativoos.com.br\/wfe\/tramandai-anuncia-os-shows-da-33a-festa-nacional-do-peixe-o-maior-evento-gastronomico-do-estado\/\">www.tvnativoos.com.br<\/a><\/p>\n","protected":false},"excerpt":{"rendered":"<p>Nesta semana, o Prefeito Anderson Mantei recebeu no gabinete integrantes da Orquestra Jovem Santa Rosa. Na oportunidade, foi assinado um termo aditivo para renovar o conv\u00eanio do munic\u00edpio com a institui\u00e7\u00e3o. A prefeitura \u00e9 parceira do projeto Orquestra Jovem realizado nas escolas da Rede Municipal de Ensino, que disponibiliza para os alunos, a musicaliza\u00e7\u00e3o pela [&hellip;]<\/p>\n","protected":false},"author":3,"featured_media":25836,"comment_status":"closed","ping_status":"open","sticky":false,"template":"","format":"standard","meta":{"footnotes":""},"categories":[8],"tags":[],"class_list":["post-25835","post","type-post","status-publish","format-standard","has-post-thumbnail","hentry","category-noticias"],"cc_featured_image_caption":{"caption_text":"","source_text":"","source_url":""},"_links":{"self":[{"href":"https:\/\/tvnativoos.com.br\/wfe\/wp-json\/wp\/v2\/posts\/25835","targetHints":{"allow":["GET"]}}],"collection":[{"href":"https:\/\/tvnativoos.com.br\/wfe\/wp-json\/wp\/v2\/posts"}],"about":[{"href":"https:\/\/tvnativoos.com.br\/wfe\/wp-json\/wp\/v2\/types\/post"}],"author":[{"embeddable":true,"href":"https:\/\/tvnativoos.com.br\/wfe\/wp-json\/wp\/v2\/users\/3"}],"replies":[{"embeddable":true,"href":"https:\/\/tvnativoos.com.br\/wfe\/wp-json\/wp\/v2\/comments?post=25835"}],"version-history":[{"count":1,"href":"https:\/\/tvnativoos.com.br\/wfe\/wp-json\/wp\/v2\/posts\/25835\/revisions"}],"predecessor-version":[{"id":25837,"href":"https:\/\/tvnativoos.com.br\/wfe\/wp-json\/wp\/v2\/posts\/25835\/revisions\/25837"}],"wp:featuredmedia":[{"embeddable":true,"href":"https:\/\/tvnativoos.com.br\/wfe\/wp-json\/wp\/v2\/media\/25836"}],"wp:attachment":[{"href":"https:\/\/tvnativoos.com.br\/wfe\/wp-json\/wp\/v2\/media?parent=25835"}],"wp:term":[{"taxonomy":"category","embeddable":true,"href":"https:\/\/tvnativoos.com.br\/wfe\/wp-json\/wp\/v2\/categories?post=25835"},{"taxonomy":"post_tag","embeddable":true,"href":"https:\/\/tvnativoos.com.br\/wfe\/wp-json\/wp\/v2\/tags?post=25835"}],"curies":[{"name":"wp","href":"https:\/\/api.w.org\/{rel}","templated":true}]}}