{"id":25801,"date":"2025-03-05T17:47:57","date_gmt":"2025-03-05T17:47:57","guid":{"rendered":"https:\/\/tvnativoos.com.br\/wfe\/?p=25801"},"modified":"2025-03-05T17:47:58","modified_gmt":"2025-03-05T17:47:58","slug":"santa-rosa-e-contemplada-com-recursos-para-revitalizacao-de-casa-historica","status":"publish","type":"post","link":"https:\/\/tvnativoos.com.br\/wfe\/santa-rosa-e-contemplada-com-recursos-para-revitalizacao-de-casa-historica\/","title":{"rendered":"Santa Rosa \u00e9 contemplada com recursos para revitaliza\u00e7\u00e3o de casa hist\u00f3rica"},"content":{"rendered":"\n<p>Obra or\u00e7ada em quase R$ 480 mil da Sede da Supervis\u00e3o Regional da Secretaria da Agricultura dever\u00e1 ser conclu\u00edda em maio<\/p>\n\n\n\n<p>Um pr\u00e9dio hist\u00f3rico de Santa Rosa est\u00e1 em reforma com recursos do do Fundo de Desenvolvimento e Defesa Sanit\u00e1ria Animal. A casa de madeira e alvenaria \u00e9 a sede da Supervis\u00e3o Regional de Santa Rosa e j\u00e1 abrigou o Escrit\u00f3rio de Divis\u00e3o de Terras e uma unidade do Ex\u00e9rcito no come\u00e7o dos anos 1900. A obra est\u00e1 or\u00e7ada em R$ 480 mil, a obra deve ser conclu\u00edda em maio.<\/p>\n\n\n\n<p>Para o presidente do Fundesa, Rog\u00e9rio Kerber, a reforma \u00e9 uma forma de contribuir para o melhor atendimento dos produtores da regi\u00e3o e fomentar o agroneg\u00f3cio. Al\u00e9m da Supervis\u00e3o Regional, o pr\u00e9dio abrigar\u00e1 tamb\u00e9m a Inspetoria de Defesa Agropecu\u00e1ria de Santa Rosa.<\/p>\n\n\n<div class=\"g g-7\"><div class=\"g-dyn a-8 c-1\"><a class=\"gofollow\" data-track=\"OCw3LDYw\" href=\"https:\/\/www.facebook.com\/sonia.conti.7545\" target=\"_blank\"><img decoding=\"async\" src=\"http:\/\/tvnativoos.com.br\/wfe\/wp-content\/uploads\/2023\/06\/BANNERS-350X250-SONIA-CONTI-1-300x214-1.jpg\" \/><\/a><\/div><div class=\"g-dyn a-62 c-2\"><a class=\"gofollow\" data-track=\"NjIsNyw2MA==\" href=\": http:\/\/teliga.corsan.com.br\" target=\"_blank\"><img decoding=\"async\" src=\"http:\/\/tvnativoos.com.br\/wfe\/wp-content\/uploads\/2026\/02\/WhatsApp-Image-2026-02-19-at-17.23.17.jpeg\" \/><\/a><\/div><div class=\"g-dyn a-7 c-3\"><a class=\"gofollow\" data-track=\"Nyw3LDYw\" href=\"https:\/\/inovaimoveis.rs\/\" target=\"_blank\"><img decoding=\"async\" src=\"http:\/\/tvnativoos.com.br\/wfe\/wp-content\/uploads\/2023\/06\/Banner-Inova-300x214-1.jpeg\" \/><\/a><\/div><div class=\"g-dyn a-39 c-4\"><a class=\"gofollow\" data-track=\"MzksNyw2MA==\" href=\"https:\/\/tvnativoos.com.br\/wfe\/\" target=\"_blank\"><img decoding=\"async\" src=\"http:\/\/tvnativoos.com.br\/wfe\/wp-content\/uploads\/2024\/05\/WhatsApp-Image-2024-05-17-at-19.58.28.jpeg\" \/><\/a><\/div><div class=\"g-dyn a-4 c-5\"><a class=\"gofollow\" data-track=\"NCw3LDYw\" href=\"https:\/\/arquitetalaurabaltar.com.br\/wfe\/\" target=\"_blank\"><img decoding=\"async\" src=\"http:\/\/tvnativoos.com.br\/wfe\/wp-content\/uploads\/2025\/01\/01-1.png\" \/><\/a><\/div><div class=\"g-dyn a-58 c-6\"><a class=\"gofollow\" data-track=\"NTgsNyw2MA==\" href=\"https:\/\/transformar.tramandai.rs.gov.br\/\"><img decoding=\"async\" src=\"http:\/\/tvnativoos.com.br\/wfe\/wp-content\/uploads\/2026\/03\/TV-Nativoos-300-x-250-px.png\" \/><\/a><\/div><div class=\"g-dyn a-6 c-7\"><a class=\"gofollow\" data-track=\"Niw3LDYw\" href=\"#\" target=\"_blank\"><img decoding=\"async\" src=\"http:\/\/tvnativoos.com.br\/wfe\/wp-content\/uploads\/2023\/01\/banner-agua-kangen-e1701887476486.jpeg\" \/><\/a><\/div><\/div>\n\n\n<p>A casa, muito importante do ponto de vista hist\u00f3rico, estava em condi\u00e7\u00f5es dif\u00edceis de trabalho, por conta da precariedade da instala\u00e7\u00e3o el\u00e9trica e desgaste natural de um pr\u00e9dio de quase um s\u00e9culo. Agora, atrav\u00e9s de projeto do Acordo de Coopera\u00e7\u00e3o entre o Fundesa e a Seapi, est\u00e1 recebendo atualiza\u00e7\u00e3o de instala\u00e7\u00f5es, telhado e recupera\u00e7\u00e3o das paredes de madeira, e posteriormente, receber\u00e1 novos m\u00f3veis e equipamentos.<\/p>\n\n\n<div class=\"g g-6\"><div class=\"g-dyn a-39 c-1\"><a class=\"gofollow\" data-track=\"MzksNiw2MA==\" href=\"https:\/\/tvnativoos.com.br\/wfe\/\" target=\"_blank\"><img decoding=\"async\" src=\"http:\/\/tvnativoos.com.br\/wfe\/wp-content\/uploads\/2024\/05\/WhatsApp-Image-2024-05-17-at-19.58.28.jpeg\" \/><\/a><\/div><div class=\"g-dyn a-62 c-2\"><a class=\"gofollow\" data-track=\"NjIsNiw2MA==\" href=\": http:\/\/teliga.corsan.com.br\" target=\"_blank\"><img decoding=\"async\" src=\"http:\/\/tvnativoos.com.br\/wfe\/wp-content\/uploads\/2026\/02\/WhatsApp-Image-2026-02-19-at-17.23.17.jpeg\" \/><\/a><\/div><div class=\"g-dyn a-6 c-3\"><a class=\"gofollow\" data-track=\"Niw2LDYw\" href=\"#\" target=\"_blank\"><img decoding=\"async\" src=\"http:\/\/tvnativoos.com.br\/wfe\/wp-content\/uploads\/2023\/01\/banner-agua-kangen-e1701887476486.jpeg\" \/><\/a><\/div><div class=\"g-dyn a-4 c-4\"><a class=\"gofollow\" data-track=\"NCw2LDYw\" href=\"https:\/\/arquitetalaurabaltar.com.br\/wfe\/\" target=\"_blank\"><img decoding=\"async\" src=\"http:\/\/tvnativoos.com.br\/wfe\/wp-content\/uploads\/2025\/01\/01-1.png\" \/><\/a><\/div><div class=\"g-dyn a-58 c-5\"><a class=\"gofollow\" data-track=\"NTgsNiw2MA==\" href=\"https:\/\/transformar.tramandai.rs.gov.br\/\"><img decoding=\"async\" src=\"http:\/\/tvnativoos.com.br\/wfe\/wp-content\/uploads\/2026\/03\/TV-Nativoos-300-x-250-px.png\" \/><\/a><\/div><div class=\"g-dyn a-7 c-6\"><a class=\"gofollow\" data-track=\"Nyw2LDYw\" href=\"https:\/\/inovaimoveis.rs\/\" target=\"_blank\"><img decoding=\"async\" src=\"http:\/\/tvnativoos.com.br\/wfe\/wp-content\/uploads\/2023\/06\/Banner-Inova-300x214-1.jpeg\" \/><\/a><\/div><\/div>\n\n\n<p>A Supervis\u00e3o Regional de Santa Rosa \u00e9 uma das mais importantes pelo volume de produ\u00e7\u00e3o de prote\u00edna animal da regi\u00e3o, bem como da produ\u00e7\u00e3o de gr\u00e3os. Para o supervisor Jo\u00e3o Arthur Schwertz, a reforma do pr\u00e9dio representa um marco para os servidores e \u00e9 um s\u00edmbolo da defesa agropecu\u00e1ria.<\/p>\n\n\n\n<blockquote class=\"wp-block-quote is-layout-flow wp-block-quote-is-layout-flow\">\n<p>\u201cTudo em prol da manuten\u00e7\u00e3o do nosso status sanit\u00e1rio, do aumento da produ\u00e7\u00e3o e crescimento do agroneg\u00f3cio ga\u00facho\u201d, finaliza.<\/p>\n<\/blockquote>\n\n\n\n<p>Fonte: Correio do Povo<\/p>\n\n\n<div class=\"g g-8\"><div class=\"g-dyn a-44 c-1\"><a href=\"https:\/\/tvnativoos.com.br\/wfe\/radio-online-costeira-nativa\/\" target=\"_blank\"><img decoding=\"async\" src=\"http:\/\/tvnativoos.com.br\/wfe\/wp-content\/uploads\/2024\/06\/radiocosteiranativa-1.jpeg\" \/><\/a><\/div><div class=\"g-dyn a-45 c-2\"><a href=\"https:\/\/tvnativoos.com.br\/wfe\/radio-online-costeira-nativa\/\" target=\"_blank\"><img decoding=\"async\" src=\"http:\/\/tvnativoos.com.br\/wfe\/wp-content\/uploads\/2024\/06\/radiocosteiranativa-2.jpeg\" \/><\/a><\/div><\/div>\n\n\n<p>Curta, compartilhe e inscreva em nosso canal do\u00a0<a href=\"https:\/\/youtube.com\/@tvnativoos\">youtube.com\/@tvnativoos<\/a>, curta nossa p\u00e1gina no facebook, instagram e veja nossa programa\u00e7\u00e3o ao vivo portal\u00a0<a href=\"https:\/\/tvnativoos.com.br\/wfe\/\">www.tvnativoos.com.br<\/a><\/p>\n","protected":false},"excerpt":{"rendered":"<p>Obra or\u00e7ada em quase R$ 480 mil da Sede da Supervis\u00e3o Regional da Secretaria da Agricultura dever\u00e1 ser conclu\u00edda em maio Um pr\u00e9dio hist\u00f3rico de Santa Rosa est\u00e1 em reforma com recursos do do Fundo de Desenvolvimento e Defesa Sanit\u00e1ria Animal. A casa de madeira e alvenaria \u00e9 a sede da Supervis\u00e3o Regional de Santa [&hellip;]<\/p>\n","protected":false},"author":2,"featured_media":25802,"comment_status":"closed","ping_status":"open","sticky":false,"template":"","format":"standard","meta":{"footnotes":""},"categories":[8],"tags":[137,65],"class_list":["post-25801","post","type-post","status-publish","format-standard","has-post-thumbnail","hentry","category-noticias","tag-santa-rosa","tag-tvnativoos"],"cc_featured_image_caption":{"caption_text":"Casa de alvenaria estava em condic\u0327o\u0303es difi\u0301ceis de trabalho, por conta da precariedade da instalac\u0327a\u0303o ele\u0301trica e desgaste natural de quase um se\u0301culo | Foto: Thais D'Avila \/ Divulga\u00e7\u00e3o \/ CP","source_text":"","source_url":""},"_links":{"self":[{"href":"https:\/\/tvnativoos.com.br\/wfe\/wp-json\/wp\/v2\/posts\/25801","targetHints":{"allow":["GET"]}}],"collection":[{"href":"https:\/\/tvnativoos.com.br\/wfe\/wp-json\/wp\/v2\/posts"}],"about":[{"href":"https:\/\/tvnativoos.com.br\/wfe\/wp-json\/wp\/v2\/types\/post"}],"author":[{"embeddable":true,"href":"https:\/\/tvnativoos.com.br\/wfe\/wp-json\/wp\/v2\/users\/2"}],"replies":[{"embeddable":true,"href":"https:\/\/tvnativoos.com.br\/wfe\/wp-json\/wp\/v2\/comments?post=25801"}],"version-history":[{"count":1,"href":"https:\/\/tvnativoos.com.br\/wfe\/wp-json\/wp\/v2\/posts\/25801\/revisions"}],"predecessor-version":[{"id":25803,"href":"https:\/\/tvnativoos.com.br\/wfe\/wp-json\/wp\/v2\/posts\/25801\/revisions\/25803"}],"wp:featuredmedia":[{"embeddable":true,"href":"https:\/\/tvnativoos.com.br\/wfe\/wp-json\/wp\/v2\/media\/25802"}],"wp:attachment":[{"href":"https:\/\/tvnativoos.com.br\/wfe\/wp-json\/wp\/v2\/media?parent=25801"}],"wp:term":[{"taxonomy":"category","embeddable":true,"href":"https:\/\/tvnativoos.com.br\/wfe\/wp-json\/wp\/v2\/categories?post=25801"},{"taxonomy":"post_tag","embeddable":true,"href":"https:\/\/tvnativoos.com.br\/wfe\/wp-json\/wp\/v2\/tags?post=25801"}],"curies":[{"name":"wp","href":"https:\/\/api.w.org\/{rel}","templated":true}]}}