{"id":25790,"date":"2025-03-05T11:58:45","date_gmt":"2025-03-05T11:58:45","guid":{"rendered":"https:\/\/tvnativoos.com.br\/wfe\/?p=25790"},"modified":"2025-03-05T11:58:45","modified_gmt":"2025-03-05T11:58:45","slug":"foragido-internacional-ligado-a-operacao-kryptos-e-preso-nos-eua","status":"publish","type":"post","link":"https:\/\/tvnativoos.com.br\/wfe\/foragido-internacional-ligado-a-operacao-kryptos-e-preso-nos-eua\/","title":{"rendered":"Foragido internacional ligado \u00e0 Opera\u00e7\u00e3o Kryptos \u00e9 preso nos EUA"},"content":{"rendered":"\n<p>Pris\u00e3o ocorreu na Fl\u00f3rida ap\u00f3s a\u00e7\u00e3o de coopera\u00e7\u00e3o policial entre a Pol\u00edcia Federal e autoridades americanas.<\/p>\n\n\n\n<p><strong>Bras\u00edlia\/DF.<\/strong>&nbsp;Um brasileiro foragido da Justi\u00e7a desde 2021 foi preso nesta ter\u00e7a-feira (4\/3) na Fl\u00f3rida, Estados Unidos. A a\u00e7\u00e3o foi realizada pela ag\u00eancia americana Homeland Security Investigations (HSI), ap\u00f3s coopera\u00e7\u00e3o com a Pol\u00edcia Federal.<\/p>\n\n\n<div class=\"g g-7\"><div class=\"g-dyn a-8 c-1\"><a class=\"gofollow\" data-track=\"OCw3LDYw\" href=\"https:\/\/www.facebook.com\/sonia.conti.7545\" target=\"_blank\"><img decoding=\"async\" src=\"http:\/\/tvnativoos.com.br\/wfe\/wp-content\/uploads\/2023\/06\/BANNERS-350X250-SONIA-CONTI-1-300x214-1.jpg\" \/><\/a><\/div><div class=\"g-dyn a-4 c-2\"><a class=\"gofollow\" data-track=\"NCw3LDYw\" href=\"https:\/\/arquitetalaurabaltar.com.br\/wfe\/\" target=\"_blank\"><img decoding=\"async\" src=\"http:\/\/tvnativoos.com.br\/wfe\/wp-content\/uploads\/2025\/01\/01-1.png\" \/><\/a><\/div><div class=\"g-dyn a-7 c-3\"><a class=\"gofollow\" data-track=\"Nyw3LDYw\" href=\"https:\/\/inovaimoveis.rs\/\" target=\"_blank\"><img decoding=\"async\" src=\"http:\/\/tvnativoos.com.br\/wfe\/wp-content\/uploads\/2023\/06\/Banner-Inova-300x214-1.jpeg\" \/><\/a><\/div><div class=\"g-dyn a-39 c-4\"><a class=\"gofollow\" data-track=\"MzksNyw2MA==\" href=\"https:\/\/tvnativoos.com.br\/wfe\/\" target=\"_blank\"><img decoding=\"async\" src=\"http:\/\/tvnativoos.com.br\/wfe\/wp-content\/uploads\/2024\/05\/WhatsApp-Image-2024-05-17-at-19.58.28.jpeg\" \/><\/a><\/div><div class=\"g-dyn a-58 c-5\"><a class=\"gofollow\" data-track=\"NTgsNyw2MA==\" href=\"https:\/\/transformar.tramandai.rs.gov.br\/\"><img decoding=\"async\" src=\"http:\/\/tvnativoos.com.br\/wfe\/wp-content\/uploads\/2026\/03\/TV-Nativoos-300-x-250-px.png\" \/><\/a><\/div><div class=\"g-dyn a-6 c-6\"><a class=\"gofollow\" data-track=\"Niw3LDYw\" href=\"#\" target=\"_blank\"><img decoding=\"async\" src=\"http:\/\/tvnativoos.com.br\/wfe\/wp-content\/uploads\/2023\/01\/banner-agua-kangen-e1701887476486.jpeg\" \/><\/a><\/div><div class=\"g-dyn a-62 c-7\"><a class=\"gofollow\" data-track=\"NjIsNyw2MA==\" href=\": http:\/\/teliga.corsan.com.br\" target=\"_blank\"><img decoding=\"async\" src=\"http:\/\/tvnativoos.com.br\/wfe\/wp-content\/uploads\/2026\/02\/WhatsApp-Image-2026-02-19-at-17.23.17.jpeg\" \/><\/a><\/div><\/div>\n\n\n<p>O homem \u00e9 acusado de participa\u00e7\u00e3o no esquema criminoso investigado na Opera\u00e7\u00e3o Kryptos, que movimentou ilegalmente mais de R$ 38 bilh\u00f5es entre 2015 e 2021, operando uma pir\u00e2mide financeira com falsas promessas de investimentos em criptomoedas.<\/p>\n\n\n\n<p>De acordo com as investiga\u00e7\u00f5es, o foragido deixou o Brasil utilizando um passaporte falso e passou a atuar nos Estados Unidos em benef\u00edcio da organiza\u00e7\u00e3o criminosa, intermediando aquisi\u00e7\u00f5es patrimoniais, constituindo empresas, movimentando contas banc\u00e1rias, adquirindo criptoativos e providenciando documentos migrat\u00f3rios.<\/p>\n\n\n<div class=\"g g-6\"><div class=\"g-dyn a-7 c-1\"><a class=\"gofollow\" data-track=\"Nyw2LDYw\" href=\"https:\/\/inovaimoveis.rs\/\" target=\"_blank\"><img decoding=\"async\" src=\"http:\/\/tvnativoos.com.br\/wfe\/wp-content\/uploads\/2023\/06\/Banner-Inova-300x214-1.jpeg\" \/><\/a><\/div><div class=\"g-dyn a-58 c-2\"><a class=\"gofollow\" data-track=\"NTgsNiw2MA==\" href=\"https:\/\/transformar.tramandai.rs.gov.br\/\"><img decoding=\"async\" src=\"http:\/\/tvnativoos.com.br\/wfe\/wp-content\/uploads\/2026\/03\/TV-Nativoos-300-x-250-px.png\" \/><\/a><\/div><div class=\"g-dyn a-62 c-3\"><a class=\"gofollow\" data-track=\"NjIsNiw2MA==\" href=\": http:\/\/teliga.corsan.com.br\" target=\"_blank\"><img decoding=\"async\" src=\"http:\/\/tvnativoos.com.br\/wfe\/wp-content\/uploads\/2026\/02\/WhatsApp-Image-2026-02-19-at-17.23.17.jpeg\" \/><\/a><\/div><div class=\"g-dyn a-39 c-4\"><a class=\"gofollow\" data-track=\"MzksNiw2MA==\" href=\"https:\/\/tvnativoos.com.br\/wfe\/\" target=\"_blank\"><img decoding=\"async\" src=\"http:\/\/tvnativoos.com.br\/wfe\/wp-content\/uploads\/2024\/05\/WhatsApp-Image-2024-05-17-at-19.58.28.jpeg\" \/><\/a><\/div><div class=\"g-dyn a-6 c-5\"><a class=\"gofollow\" data-track=\"Niw2LDYw\" href=\"#\" target=\"_blank\"><img decoding=\"async\" src=\"http:\/\/tvnativoos.com.br\/wfe\/wp-content\/uploads\/2023\/01\/banner-agua-kangen-e1701887476486.jpeg\" \/><\/a><\/div><div class=\"g-dyn a-4 c-6\"><a class=\"gofollow\" data-track=\"NCw2LDYw\" href=\"https:\/\/arquitetalaurabaltar.com.br\/wfe\/\" target=\"_blank\"><img decoding=\"async\" src=\"http:\/\/tvnativoos.com.br\/wfe\/wp-content\/uploads\/2025\/01\/01-1.png\" \/><\/a><\/div><\/div>\n\n\n<p>Desde agosto de 2022, o homem era alvo de uma Difus\u00e3o Vermelha da Interpol, figurando como foragido internacional. A pris\u00e3o foi poss\u00edvel gra\u00e7as ao interc\u00e2mbio de informa\u00e7\u00f5es entre a Pol\u00edcia Federal e o HSI, que possibilitou sua localiza\u00e7\u00e3o na regi\u00e3o de Miami e posterior captura.<\/p>\n\n\n\n<p>O preso permanecer\u00e1 sob cust\u00f3dia nos Estados Unidos enquanto s\u00e3o adotadas as provid\u00eancias para sua deporta\u00e7\u00e3o ou extradi\u00e7\u00e3o ao Brasil, onde poder\u00e1 responder pelos crimes pelos quais \u00e9 acusado, com penas que podem chegar a 26 anos de pris\u00e3o.<\/p>\n\n\n\n<p><em>Coordena\u00e7\u00e3o-Geral de Comunica\u00e7\u00e3o Social da Pol\u00edcia Federal<\/em><br><em>imprensa@pf.gov.br<\/em><br><em>(61) 2024-8142<\/em><\/p>\n\n\n<div class=\"g g-8\"><div class=\"g-dyn a-44 c-1\"><a href=\"https:\/\/tvnativoos.com.br\/wfe\/radio-online-costeira-nativa\/\" target=\"_blank\"><img decoding=\"async\" src=\"http:\/\/tvnativoos.com.br\/wfe\/wp-content\/uploads\/2024\/06\/radiocosteiranativa-1.jpeg\" \/><\/a><\/div><div class=\"g-dyn a-45 c-2\"><a href=\"https:\/\/tvnativoos.com.br\/wfe\/radio-online-costeira-nativa\/\" target=\"_blank\"><img decoding=\"async\" src=\"http:\/\/tvnativoos.com.br\/wfe\/wp-content\/uploads\/2024\/06\/radiocosteiranativa-2.jpeg\" \/><\/a><\/div><\/div>\n\n\n<p>Curta, compartilhe e inscreva em nosso canal do\u00a0<a href=\"https:\/\/youtube.com\/@tvnativoos\">youtube.com\/@tvnativoos<\/a>, curta nossa p\u00e1gina no facebook, instagram e veja nossa programa\u00e7\u00e3o ao vivo portal\u00a0<a href=\"https:\/\/tvnativoos.com.br\/wfe\/\">www.tvnativoos.com.br<\/a><\/p>\n","protected":false},"excerpt":{"rendered":"<p>Pris\u00e3o ocorreu na Fl\u00f3rida ap\u00f3s a\u00e7\u00e3o de coopera\u00e7\u00e3o policial entre a Pol\u00edcia Federal e autoridades americanas. Bras\u00edlia\/DF.&nbsp;Um brasileiro foragido da Justi\u00e7a desde 2021 foi preso nesta ter\u00e7a-feira (4\/3) na Fl\u00f3rida, Estados Unidos. A a\u00e7\u00e3o foi realizada pela ag\u00eancia americana Homeland Security Investigations (HSI), ap\u00f3s coopera\u00e7\u00e3o com a Pol\u00edcia Federal. O homem \u00e9 acusado de participa\u00e7\u00e3o [&hellip;]<\/p>\n","protected":false},"author":2,"featured_media":25791,"comment_status":"closed","ping_status":"open","sticky":false,"template":"","format":"standard","meta":{"footnotes":""},"categories":[8],"tags":[1063,65],"class_list":["post-25790","post","type-post","status-publish","format-standard","has-post-thumbnail","hentry","category-noticias","tag-pf","tag-tvnativoos"],"cc_featured_image_caption":{"caption_text":"Foto: PF","source_text":"","source_url":""},"_links":{"self":[{"href":"https:\/\/tvnativoos.com.br\/wfe\/wp-json\/wp\/v2\/posts\/25790","targetHints":{"allow":["GET"]}}],"collection":[{"href":"https:\/\/tvnativoos.com.br\/wfe\/wp-json\/wp\/v2\/posts"}],"about":[{"href":"https:\/\/tvnativoos.com.br\/wfe\/wp-json\/wp\/v2\/types\/post"}],"author":[{"embeddable":true,"href":"https:\/\/tvnativoos.com.br\/wfe\/wp-json\/wp\/v2\/users\/2"}],"replies":[{"embeddable":true,"href":"https:\/\/tvnativoos.com.br\/wfe\/wp-json\/wp\/v2\/comments?post=25790"}],"version-history":[{"count":1,"href":"https:\/\/tvnativoos.com.br\/wfe\/wp-json\/wp\/v2\/posts\/25790\/revisions"}],"predecessor-version":[{"id":25792,"href":"https:\/\/tvnativoos.com.br\/wfe\/wp-json\/wp\/v2\/posts\/25790\/revisions\/25792"}],"wp:featuredmedia":[{"embeddable":true,"href":"https:\/\/tvnativoos.com.br\/wfe\/wp-json\/wp\/v2\/media\/25791"}],"wp:attachment":[{"href":"https:\/\/tvnativoos.com.br\/wfe\/wp-json\/wp\/v2\/media?parent=25790"}],"wp:term":[{"taxonomy":"category","embeddable":true,"href":"https:\/\/tvnativoos.com.br\/wfe\/wp-json\/wp\/v2\/categories?post=25790"},{"taxonomy":"post_tag","embeddable":true,"href":"https:\/\/tvnativoos.com.br\/wfe\/wp-json\/wp\/v2\/tags?post=25790"}],"curies":[{"name":"wp","href":"https:\/\/api.w.org\/{rel}","templated":true}]}}