{"id":25767,"date":"2025-03-03T00:32:50","date_gmt":"2025-03-03T00:32:50","guid":{"rendered":"https:\/\/tvnativoos.com.br\/wfe\/?p=25767"},"modified":"2025-03-03T00:32:50","modified_gmt":"2025-03-03T00:32:50","slug":"rs-tem-mais-de-360-vagas-em-concursos-publicos-abertas","status":"publish","type":"post","link":"https:\/\/tvnativoos.com.br\/wfe\/rs-tem-mais-de-360-vagas-em-concursos-publicos-abertas\/","title":{"rendered":"RS tem mais de 360 vagas em concursos p\u00fablicos abertas"},"content":{"rendered":"\n<p>Candidatos devem ficar atentos aos prazos de inscri\u00e7\u00e3o<\/p>\n\n\n<div class=\"g g-6\"><div class=\"g-dyn a-62 c-1\"><a class=\"gofollow\" data-track=\"NjIsNiw2MA==\" href=\": http:\/\/teliga.corsan.com.br\" target=\"_blank\"><img decoding=\"async\" src=\"http:\/\/tvnativoos.com.br\/wfe\/wp-content\/uploads\/2026\/02\/WhatsApp-Image-2026-02-19-at-17.23.17.jpeg\" \/><\/a><\/div><div class=\"g-dyn a-58 c-2\"><a class=\"gofollow\" data-track=\"NTgsNiw2MA==\" href=\"https:\/\/transformar.tramandai.rs.gov.br\/\"><img decoding=\"async\" src=\"http:\/\/tvnativoos.com.br\/wfe\/wp-content\/uploads\/2026\/03\/TV-Nativoos-300-x-250-px.png\" \/><\/a><\/div><div class=\"g-dyn a-7 c-3\"><a class=\"gofollow\" data-track=\"Nyw2LDYw\" href=\"https:\/\/inovaimoveis.rs\/\" target=\"_blank\"><img decoding=\"async\" src=\"http:\/\/tvnativoos.com.br\/wfe\/wp-content\/uploads\/2023\/06\/Banner-Inova-300x214-1.jpeg\" \/><\/a><\/div><div class=\"g-dyn a-4 c-4\"><a class=\"gofollow\" data-track=\"NCw2LDYw\" href=\"https:\/\/arquitetalaurabaltar.com.br\/wfe\/\" target=\"_blank\"><img decoding=\"async\" src=\"http:\/\/tvnativoos.com.br\/wfe\/wp-content\/uploads\/2025\/01\/01-1.png\" \/><\/a><\/div><div class=\"g-dyn a-39 c-5\"><a class=\"gofollow\" data-track=\"MzksNiw2MA==\" href=\"https:\/\/tvnativoos.com.br\/wfe\/\" target=\"_blank\"><img decoding=\"async\" src=\"http:\/\/tvnativoos.com.br\/wfe\/wp-content\/uploads\/2024\/05\/WhatsApp-Image-2024-05-17-at-19.58.28.jpeg\" \/><\/a><\/div><div class=\"g-dyn a-6 c-6\"><a class=\"gofollow\" data-track=\"Niw2LDYw\" href=\"#\" target=\"_blank\"><img decoding=\"async\" src=\"http:\/\/tvnativoos.com.br\/wfe\/wp-content\/uploads\/2023\/01\/banner-agua-kangen-e1701887476486.jpeg\" \/><\/a><\/div><\/div>\n\n\n<p>A Prefeitura de Gua\u00edba anunciou 33 ocupa\u00e7\u00f5es da \u00e1rea da sa\u00fade, com rendimentos que podem chegar a R$ 9.721,03. Os candidatos devem realizar inscri\u00e7\u00e3o at\u00e9 14 de mar\u00e7o para os cargos de t\u00e9cnico de enfermagem, m\u00e9dio psiquiatra, psic\u00f3logo e fonoaudi\u00f3logo, entre outros. Os candidatos devem ficar atentos aos prazos de inscri\u00e7\u00e3o e \u00e0s exig\u00eancias contidas nos editais.<\/p>\n\n\n\n<p><strong>Confira as principais informa\u00e7\u00f5es de alguns dos editais. Os concursos que tiveram in\u00edcio do per\u00edodo de inscri\u00e7\u00f5es na \u00faltima semana est\u00e3o&nbsp;destacados<\/strong><\/p>\n\n\n\n<p><strong>Prefeitura de Erebango<\/strong><br>N\u00famero de vagas: 4 + CR<br>N\u00edvel: fundamental, m\u00e9dio, t\u00e9cnico e superior<br>Sal\u00e1rio: at\u00e9 R$ 19.005,31<br>Prazo: 3 de mar\u00e7o<br>Cargos: digitador (CR), enfermeiro ESF (1), inspetor tribut\u00e1rio e de obras (CR), m\u00e9dico cl\u00ednico geral PSF (1), pedagogo (CR), professor de artes (CR), t\u00e9cnico em enfermagem (CR), auxiliar de administra\u00e7\u00e3o (CR), motorista oper\u00e1rio (1), operador\/oper\u00e1rio de m\u00e1quinas (1)<br>Taxa de inscri\u00e7\u00e3o: de R$ 105,00 a R$ 255,00<br>Onde se inscrever:&nbsp;<a href=\"http:\/\/www.fundatec.com.br\/\" target=\"_blank\" rel=\"noreferrer noopener\">endere\u00e7o eletr\u00f4nico<\/a><br>Data da prova: 30 de mar\u00e7o<\/p>\n\n\n\n<p><strong>Prefeitura de Lagoa dos Tr\u00eas Cantos<\/strong><br>N\u00famero de vagas: 28<br>N\u00edvel: fundamental incompleto, m\u00e9dio, t\u00e9cnico e superior<br>Sal\u00e1rio: R$ 29.973,53<br>Prazo: 6 de mar\u00e7o<br>Cargos: agente administrativo (2), art\u00edfice (CR), assistente social (1), auxiliar de ensino (4), contador (CR), enfermeiro (1), engenheiro civil (CR), farmac\u00eautico (1), fiscal municipal (CR), fiscal tribut\u00e1rio (1), fisioterapeuta (1), fonoaudi\u00f3logo (CR), m\u00e9dico do esf (1), motorista (3), nutricionista (CR), odont\u00f3logo (1), operador de m\u00e1quinas (3), oper\u00e1rio (3), procurador jur\u00eddico (CR), professor de educa\u00e7\u00e3o infantil e anos iniciais do ensino fundamental (3), psic\u00f3logo (1), t\u00e9cnico em enfermagem (1), tesoureiro (1)<br>Taxa de inscri\u00e7\u00e3o: de R$ 50,00 a R$ 150,00<br>Onde se inscrever:&nbsp;<a href=\"https:\/\/legalleconcursos.com.br\/editais\/ver\/85ca8db1f8116d2fe464c24cecba9cc9\" target=\"_blank\" rel=\"noreferrer noopener\">endere\u00e7o eletr\u00f4nico<\/a><br>Data da prova: 30 de mar\u00e7o<\/p>\n\n\n\n<p><strong>Prefeitura de Pelotas<\/strong><br>N\u00famero de vagas: 76<br>N\u00edvel: fundamental, m\u00e9dio e superior<br>Sal\u00e1rio: at\u00e9 R$ 1.996,45<br>Prazo: 6 de mar\u00e7o<br>Cargos: Motorista Transporte Escolar (12); Motorista &#8211; Transporte de Carga (12); Secret\u00e1rio de Escola (15); Professor de Ensino Religioso (1); Professor de Espanhol (4); Professor de Ingl\u00eas (3); Professor de M\u00fasica (5); Eletricista Instalador (4); Auxiliar de Servi\u00e7os Gerais (10); Servente (10).<br>Onde se inscrever: pelo&nbsp;<a href=\"https:\/\/www.pelotas.com.br\/oportunidades\/selecao-publica-simplificada\" target=\"_blank\" rel=\"noreferrer noopener\">site<\/a><\/p>\n\n\n<div class=\"g g-7\"><div class=\"g-dyn a-6 c-1\"><a class=\"gofollow\" data-track=\"Niw3LDYw\" href=\"#\" target=\"_blank\"><img decoding=\"async\" src=\"http:\/\/tvnativoos.com.br\/wfe\/wp-content\/uploads\/2023\/01\/banner-agua-kangen-e1701887476486.jpeg\" \/><\/a><\/div><div class=\"g-dyn a-7 c-2\"><a class=\"gofollow\" data-track=\"Nyw3LDYw\" href=\"https:\/\/inovaimoveis.rs\/\" target=\"_blank\"><img decoding=\"async\" src=\"http:\/\/tvnativoos.com.br\/wfe\/wp-content\/uploads\/2023\/06\/Banner-Inova-300x214-1.jpeg\" \/><\/a><\/div><div class=\"g-dyn a-62 c-3\"><a class=\"gofollow\" data-track=\"NjIsNyw2MA==\" href=\": http:\/\/teliga.corsan.com.br\" target=\"_blank\"><img decoding=\"async\" src=\"http:\/\/tvnativoos.com.br\/wfe\/wp-content\/uploads\/2026\/02\/WhatsApp-Image-2026-02-19-at-17.23.17.jpeg\" \/><\/a><\/div><div class=\"g-dyn a-8 c-4\"><a class=\"gofollow\" data-track=\"OCw3LDYw\" href=\"https:\/\/www.facebook.com\/sonia.conti.7545\" target=\"_blank\"><img decoding=\"async\" src=\"http:\/\/tvnativoos.com.br\/wfe\/wp-content\/uploads\/2023\/06\/BANNERS-350X250-SONIA-CONTI-1-300x214-1.jpg\" \/><\/a><\/div><div class=\"g-dyn a-4 c-5\"><a class=\"gofollow\" data-track=\"NCw3LDYw\" href=\"https:\/\/arquitetalaurabaltar.com.br\/wfe\/\" target=\"_blank\"><img decoding=\"async\" src=\"http:\/\/tvnativoos.com.br\/wfe\/wp-content\/uploads\/2025\/01\/01-1.png\" \/><\/a><\/div><div class=\"g-dyn a-39 c-6\"><a class=\"gofollow\" data-track=\"MzksNyw2MA==\" href=\"https:\/\/tvnativoos.com.br\/wfe\/\" target=\"_blank\"><img decoding=\"async\" src=\"http:\/\/tvnativoos.com.br\/wfe\/wp-content\/uploads\/2024\/05\/WhatsApp-Image-2024-05-17-at-19.58.28.jpeg\" \/><\/a><\/div><div class=\"g-dyn a-58 c-7\"><a class=\"gofollow\" data-track=\"NTgsNyw2MA==\" href=\"https:\/\/transformar.tramandai.rs.gov.br\/\"><img decoding=\"async\" src=\"http:\/\/tvnativoos.com.br\/wfe\/wp-content\/uploads\/2026\/03\/TV-Nativoos-300-x-250-px.png\" \/><\/a><\/div><\/div>\n\n\n<p><strong>Furg<\/strong><br>N\u00famero de vagas: 5<br>N\u00edvel: superior<br>Sal\u00e1rio: at\u00e9 R$ 13.288,85<br>Prazo: 10 de mar\u00e7o<br>Cargos: professor assistente\/adjunto nas \u00e1reas de Medicina\/Cl\u00ednica M\u00e9dica, Est\u00e1gio em Urg\u00eancia e Emerg\u00eancia, Est\u00e1gio em Cl\u00ednica M\u00e9dica e Resid\u00eancia M\u00e9dica (1); Geografia Humana\/Geografia Econ\u00f4mica, Teoria da Geografia, Planejamento Regional, Extens\u00e3o em Discuss\u00f5es Regionais, Trabalho de Campo Integrado em Geografia e Est\u00e1gios Supervisionados (1); Ci\u00eancias Humanas; Hist\u00f3ria; Teoria e Filosofia da Hist\u00f3ria; Hist\u00f3ria da Am\u00e9rica (1); Letras e Lingu\u00edstica\/Produ\u00e7\u00e3o Textual, Espanhol Instrumental para as Hospitalidades I e II, Espanhol para Fins Espec\u00edficos I e II (1); Letras e Lingu\u00edstica\/Oficina de Leitura e Escrita, Pr\u00e1ticas de Leitura na Escola, Ensino de L\u00edngua Portuguesa Mediado por Tecnologias Digitais, Pr\u00e1ticas de Leitura e Escrita Acad\u00eamica, Pr\u00e1ticas de An\u00e1lise, Produ\u00e7\u00e3o e Uso de Materiais Did\u00e1ticos e Ensino de L\u00edngua, Leitura e Escrita em Ambientes Digitais e Produ\u00e7\u00e3o Textual (1).<br>Taxa de inscri\u00e7\u00e3o: de R$ 80,00 a R$ 190,00<br>Onde se inscrever:&nbsp;<a href=\"http:\/\/www.objetivas.com.br\/\" target=\"_blank\" rel=\"noreferrer noopener\">endere\u00e7o eletr\u00f4nico<\/a><\/p>\n\n\n\n<p><strong>C\u00e2mara de Progresso<\/strong><br>N\u00famero de vagas: 1<br>N\u00edvel: m\u00e9dio<br>Sal\u00e1rio: R$ 2.709<br>Prazo: 10 de mar\u00e7o<br>Cargos: Auxiliar de Administra\u00e7\u00e3o.<br>Taxa de inscri\u00e7\u00e3o: R$ 130,41<br>Onde se inscrever: por meio do&nbsp;<a href=\"http:\/\/www.objetivas.com.br\/\" target=\"_blank\" rel=\"noreferrer noopener\">endere\u00e7o eletr\u00f4nico<\/a><br>Data da prova: 6 de abril<\/p>\n\n\n\n<p><strong>Prefeitura de Gua\u00edba<\/strong><br>N\u00famero de vagas: 33<br>N\u00edvel: t\u00e9cnico e superior<br>Sal\u00e1rio: at\u00e9 R$ 9.721,03<br>Prazo: 14 de mar\u00e7o<br>Cargos: T\u00e9cnico de Enfermagem (10); T\u00e9cnico de Raio X (2); M\u00e9dio Psiquiatra (2); M\u00e9dico Ginecologista (1); Terapeuta Ocupacional (3); Psic\u00f3logo (13); Fonoaudi\u00f3logo (2).<br>Onde se inscrever: pelo&nbsp;<a href=\"http:\/\/www.fundacaofafipa.org.br\/\" target=\"_blank\" rel=\"noreferrer noopener\">site<\/a><\/p>\n\n\n\n<p><strong>Prefeitura de Porto Alegre<\/strong><br>N\u00famero de vagas: 11<br>N\u00edvel: m\u00e9dio e superior<br>Sal\u00e1rio: R$ 3.095,22<br>Prazo: 17 de mar\u00e7o<br>Cargos: Professor de Artes (1); Professor de Ci\u00eancias, Qu\u00edmicas, F\u00edsicas e Biol\u00f3gicas (1); Professor de Educa\u00e7\u00e3o F\u00edsica (1); Professor de Filosofia (1); Professor de L\u00edngua Espanhola (1); Professor de L\u00edngua Inglesa (1); Professor de L\u00edngua Portuguesa (1); Professor de Matem\u00e1tica (1); Professor Educa\u00e7\u00e3o Especial &#8211; Habilita\u00e7\u00e3o em Defici\u00eancia Mental (1); Professor Educa\u00e7\u00e3o Especial &#8211; Habilita\u00e7\u00e3o em Defici\u00eancia Visual (1); Professor Educa\u00e7\u00e3o Especial &#8211; Habilita\u00e7\u00e3o em Educa\u00e7\u00e3o Surdos (1).<br>Taxa de inscri\u00e7\u00e3o: R$ 201,9<br>Onde se inscrever: pelo&nbsp;<a href=\"https:\/\/www.fundatec.org.br\/portal\/concursos\" target=\"_blank\" rel=\"noreferrer noopener\">endere\u00e7o eletr\u00f4nico<\/a><br>Data da prova: 27 de abril<\/p>\n\n\n\n<p><strong>Prefeitura e C\u00e2mara de Cerro Grande<\/strong><br>N\u00famero de vagas: 52<br>N\u00edvel: Fundamental, m\u00e9dio, t\u00e9cnico e superior<br>Sal\u00e1rio: R$ 11.208<br>Prazo: 17 de mar\u00e7o<br>Cargos: Assistente Social (1), Auditor Fiscal (1), Contador (1), Enfermeiro (1), Farmac\u00eautico (1), Fisioterapeuta (1), Licenciador Ambiental (1), M\u00e9dico (1), M\u00e9dico Veterin\u00e1rio (1), Monitor de Ensino (4), Nutricionista (1), Odont\u00f3logo (1), Oficial Administrativo (1), Procurador Jur\u00eddico (1), Professor de Educa\u00e7\u00e3o Infantil (4), Professor de Anos Iniciais (5), Psic\u00f3logo (1), T\u00e9cnico em Enfermagem (2), Agente Administrativo (1), Fiscal Sanitarista (1), Fiscal Tribut\u00e1rio (1), Agente de Servi\u00e7os Gerais (6), Vigilante (1), Motorista (6), Operador de M\u00e1quinas (4), Contador (1), Diretor Administrativo (1), Auxiliar de Servi\u00e7os Gerais (1).<br>Taxa de inscri\u00e7\u00e3o: R$ 150<br>Onde se inscrever: pelo&nbsp;<a href=\"http:\/\/www.fundatec.org.br\/\" target=\"_blank\" rel=\"noreferrer noopener\">endere\u00e7o eletr\u00f4nico<\/a><br>Data da prova: 13 de abril<\/p>\n\n\n\n<p><strong>Prefeitura de Igrejinha<\/strong><br>N\u00famero de vagas: 88<br>N\u00edvel: m\u00e9dio a superior<br>Sal\u00e1rio: at\u00e9 R$ 14.108<br>Prazo: 18 de mar\u00e7o<br>Cargos: Assistente Administrativo (1); Assistente Social (1); Auxiliar Administrativo (20); Auxiliar de Educa\u00e7\u00e3o (40); Auxiliar de Farm\u00e1cia de Manipula\u00e7\u00e3o (1); Cirurgi\u00e3o-dentista (1); Educador F\u00edsico (1); Educador Multimeios (1); Enfermeiro (1); Farmac\u00eautico (1); Fiscal Municipal (1); Fisioterapeuta (1); Fonoaudi\u00f3logo (1); M\u00e9dico Gineco\/Obstetra (1); M\u00e9dico para Aten\u00e7\u00e3o B\u00e1sica\/ESF (1); M\u00e9dico Pediatra (1); Professor de AEE &#8211; Atendimento Educacional Especializado (1); Professor de Anos Finais &#8211; Artes (1); Professor de Anos Finais &#8211; Ci\u00eancias (1); Professor de Anos Finais &#8211; Educa\u00e7\u00e3o F\u00edsica (1); Professor de Anos Finais &#8211; Geografia (1); Professor de Anos Finais &#8211; Hist\u00f3ria (1); Professor de Anos Finais &#8211; Ingl\u00eas (1); Professor de Anos Finais &#8211; Matem\u00e1tica (1); Professor de Anos Iniciais (1); Psic\u00f3logo (1); Psicopedagogo (1); T\u00e9cnico em Enfermagem (1); T\u00e9cnico em Sa\u00fade Bucal (1) e Terapeuta Ocupacional (1)<br>Taxa de inscri\u00e7\u00e3o: R$ 122,00 a R$ 244,00.<br>Onde se inscrever:&nbsp;<a href=\"http:\/\/www.legalleconcursos.com.br\/\" target=\"_blank\" rel=\"noreferrer noopener\">no site<\/a><br>Data da prova: a informar.<\/p>\n\n\n\n<p><strong>MP-RS<\/strong><br>N\u00famero de vagas: 27<br>N\u00edvel: m\u00e9dio, t\u00e9cnico e superior<br>Sal\u00e1rio: at\u00e9 R$ 9.226,03<br>Prazo: 20 de mar\u00e7o<br>Cargos: Direito (20), Engenharia Civil (1), Engenharia de Seguran\u00e7a do Trabalho (1), Servi\u00e7o Social (1), T\u00e9cnico do MP &#8211; Inform\u00e1tica (1) &#8211; Exige ensino m\u00e9dio e\/ou, se for o caso, habilita\u00e7\u00e3o legal espec\u00edfica relacionada com a especialidade; Analista do MP &#8211; Biologia (1), Analista do MP &#8211; Contabilidade (1) e Analista do MP &#8211; Inform\u00e1tica (1).<br>Taxa de inscri\u00e7\u00e3o: de R$ 150 a R$ 200<br>Onde se inscrever: no&nbsp;<a href=\"http:\/\/www.institutoaocp.org.br\/\" target=\"_blank\" rel=\"noreferrer noopener\">site da organizadora<\/a><br>Data da prova: 25 de maio<\/p>\n\n\n\n<p><strong>Defensoria P\u00fablica do RS<\/strong><br>N\u00famero de vagas: 20<br>N\u00edvel: superior<br>Sal\u00e1rio: R$ 30.505<br>Prazo: 20 de mar\u00e7o<br>Cargos: Defensor P\u00fablico<br>Taxa de inscri\u00e7\u00e3o: R$ 320<br>Onde se inscrever: pelo&nbsp;<a href=\"http:\/\/www.concursosfcc.com.br\/\" target=\"_blank\" rel=\"noreferrer noopener\">endere\u00e7o eletr\u00f4nico<\/a><br>Data da prova: 27 de abril<\/p>\n\n\n\n<p><strong>Furg<\/strong><br>N\u00famero de vagas: 2<br>N\u00edvel: superior<br>Sal\u00e1rio: at\u00e9 R$ 4.967,04<br>Prazo: 25 de mar\u00e7o<br>Cargos: F\u00edsico e qu\u00edmico<br>Taxa de inscri\u00e7\u00e3o: de R$ 140<br>Onde se inscrever:&nbsp;<a href=\"http:\/\/progep.furg.br\/bin\/edital\/index.php\" target=\"_blank\" rel=\"noreferrer noopener\">endere\u00e7o eletr\u00f4nico<\/a><br>Data da prova: 15 de junho<\/p>\n\n\n\n<p><strong>Prefeitura de Arvorezinha<\/strong><br>N\u00famero de vagas: 16<br>N\u00edvel: fundamental, m\u00e9dio, t\u00e9cnico e superior<br>Sal\u00e1rio: at\u00e9 R$ 12.000,82<br>Prazo: 30 de mar\u00e7o<br>Cargos: Agente Comunit\u00e1rio de Sa\u00fade (Cr), Atendentes de Creche (Cr), Auxiliar de Administra\u00e7\u00e3o (1), Auxiliar de Sa\u00fade Bucal (1), Contador (Cr), Cozinheira (Cr), Dom\u00e9stica (Cr), Enfermeiro (Cr), Engenheiro Civil (Cr), Farmac\u00eautico (Cr), Fiscal Ambiental (1), Fiscal de Obras e Posturas (1), Fiscal Sanit\u00e1rio (1), Fisioterapeuta (Cr), Fonoaudi\u00f3logo (1), Gari (Cr), Licenciador Ambiental (1), M\u00e9dico (Cr), M\u00e9dico Veterin\u00e1rio (Cr), Motorista (Cr), Nutricionista (Cr), Odont\u00f3logo (Cr), Operador de M\u00e1quinas (Cr), Oper\u00e1rio (Cr), Oper\u00e1rio Especializado (1), Professor &#8211; Anos Iniciais e\/ou Educa\u00e7\u00e3o Infantil (1), Professor de Artes (1), Professor de Ci\u00eancias (Cr), Professor de Educa\u00e7\u00e3o F\u00edsica (1), Professor de Geografia (1), Professor de Hist\u00f3ria (1), Professor de Ingl\u00eas (Cr), Professor de L\u00edngua Portuguesa (1), Professor de Matem\u00e1tica (1), Psic\u00f3logo (Cr), T\u00e9cnico em Enfermagem (Cr), Tesoureiro (Cr) e Vigia (1).<br>Taxa de inscri\u00e7\u00e3o: de R$ 33,07<br>Onde se inscrever: por meio do&nbsp;<a href=\"http:\/\/www.objetivas.com.br\/\" target=\"_blank\" rel=\"noreferrer noopener\">endere\u00e7o eletr\u00f4nico<\/a><\/p>\n\n\n\n<p>Fonte: Jornal Correio do Povo<\/p>\n","protected":false},"excerpt":{"rendered":"<p>Candidatos devem ficar atentos aos prazos de inscri\u00e7\u00e3o A Prefeitura de Gua\u00edba anunciou 33 ocupa\u00e7\u00f5es da \u00e1rea da sa\u00fade, com rendimentos que podem chegar a R$ 9.721,03. Os candidatos devem realizar inscri\u00e7\u00e3o at\u00e9 14 de mar\u00e7o para os cargos de t\u00e9cnico de enfermagem, m\u00e9dio psiquiatra, psic\u00f3logo e fonoaudi\u00f3logo, entre outros. Os candidatos devem ficar atentos [&hellip;]<\/p>\n","protected":false},"author":3,"featured_media":23823,"comment_status":"closed","ping_status":"open","sticky":false,"template":"","format":"standard","meta":{"footnotes":""},"categories":[8],"tags":[662,65],"class_list":["post-25767","post","type-post","status-publish","format-standard","has-post-thumbnail","hentry","category-noticias","tag-concursos","tag-tvnativoos"],"cc_featured_image_caption":{"caption_text":"","source_text":"","source_url":""},"_links":{"self":[{"href":"https:\/\/tvnativoos.com.br\/wfe\/wp-json\/wp\/v2\/posts\/25767","targetHints":{"allow":["GET"]}}],"collection":[{"href":"https:\/\/tvnativoos.com.br\/wfe\/wp-json\/wp\/v2\/posts"}],"about":[{"href":"https:\/\/tvnativoos.com.br\/wfe\/wp-json\/wp\/v2\/types\/post"}],"author":[{"embeddable":true,"href":"https:\/\/tvnativoos.com.br\/wfe\/wp-json\/wp\/v2\/users\/3"}],"replies":[{"embeddable":true,"href":"https:\/\/tvnativoos.com.br\/wfe\/wp-json\/wp\/v2\/comments?post=25767"}],"version-history":[{"count":1,"href":"https:\/\/tvnativoos.com.br\/wfe\/wp-json\/wp\/v2\/posts\/25767\/revisions"}],"predecessor-version":[{"id":25768,"href":"https:\/\/tvnativoos.com.br\/wfe\/wp-json\/wp\/v2\/posts\/25767\/revisions\/25768"}],"wp:featuredmedia":[{"embeddable":true,"href":"https:\/\/tvnativoos.com.br\/wfe\/wp-json\/wp\/v2\/media\/23823"}],"wp:attachment":[{"href":"https:\/\/tvnativoos.com.br\/wfe\/wp-json\/wp\/v2\/media?parent=25767"}],"wp:term":[{"taxonomy":"category","embeddable":true,"href":"https:\/\/tvnativoos.com.br\/wfe\/wp-json\/wp\/v2\/categories?post=25767"},{"taxonomy":"post_tag","embeddable":true,"href":"https:\/\/tvnativoos.com.br\/wfe\/wp-json\/wp\/v2\/tags?post=25767"}],"curies":[{"name":"wp","href":"https:\/\/api.w.org\/{rel}","templated":true}]}}