{"id":25726,"date":"2025-02-27T19:49:27","date_gmt":"2025-02-27T19:49:27","guid":{"rendered":"https:\/\/tvnativoos.com.br\/wfe\/?p=25726"},"modified":"2025-02-27T19:49:27","modified_gmt":"2025-02-27T19:49:27","slug":"policia-apos-ser-demitido-homem-mata-mulher-e-irmao-do-antigo-chefe-no-litoral-norte-do-rs","status":"publish","type":"post","link":"https:\/\/tvnativoos.com.br\/wfe\/policia-apos-ser-demitido-homem-mata-mulher-e-irmao-do-antigo-chefe-no-litoral-norte-do-rs\/","title":{"rendered":"Pol\u00edcia &#8211; Ap\u00f3s ser demitido, homem mata mulher e irm\u00e3o do antigo chefe no Litoral Norte do RS"},"content":{"rendered":"\n<p>Fato ocorreu em Cap\u00e3o da Canoa<\/p>\n\n\n\n<p>Segundo a Pol\u00edcia Civil, suspeito estaria insatisfeito com valores recebidos ap\u00f3s ser demitido pelo ex-patr\u00e3o. Homem foi preso em flagrante.<\/p>\n\n\n<div class=\"g g-6\"><div class=\"g-dyn a-6 c-1\"><a class=\"gofollow\" data-track=\"Niw2LDYw\" href=\"#\" target=\"_blank\"><img decoding=\"async\" src=\"http:\/\/tvnativoos.com.br\/wfe\/wp-content\/uploads\/2023\/01\/banner-agua-kangen-e1701887476486.jpeg\" \/><\/a><\/div><div class=\"g-dyn a-4 c-2\"><a class=\"gofollow\" data-track=\"NCw2LDYw\" href=\"https:\/\/arquitetalaurabaltar.com.br\/wfe\/\" target=\"_blank\"><img decoding=\"async\" src=\"http:\/\/tvnativoos.com.br\/wfe\/wp-content\/uploads\/2025\/01\/01-1.png\" \/><\/a><\/div><div class=\"g-dyn a-39 c-3\"><a class=\"gofollow\" data-track=\"MzksNiw2MA==\" href=\"https:\/\/tvnativoos.com.br\/wfe\/\" target=\"_blank\"><img decoding=\"async\" src=\"http:\/\/tvnativoos.com.br\/wfe\/wp-content\/uploads\/2024\/05\/WhatsApp-Image-2024-05-17-at-19.58.28.jpeg\" \/><\/a><\/div><div class=\"g-dyn a-62 c-4\"><a class=\"gofollow\" data-track=\"NjIsNiw2MA==\" href=\": http:\/\/teliga.corsan.com.br\" target=\"_blank\"><img decoding=\"async\" src=\"http:\/\/tvnativoos.com.br\/wfe\/wp-content\/uploads\/2026\/02\/WhatsApp-Image-2026-02-19-at-17.23.17.jpeg\" \/><\/a><\/div><div class=\"g-dyn a-7 c-5\"><a class=\"gofollow\" data-track=\"Nyw2LDYw\" href=\"https:\/\/inovaimoveis.rs\/\" target=\"_blank\"><img decoding=\"async\" src=\"http:\/\/tvnativoos.com.br\/wfe\/wp-content\/uploads\/2023\/06\/Banner-Inova-300x214-1.jpeg\" \/><\/a><\/div><div class=\"g-dyn a-58 c-6\"><a class=\"gofollow\" data-track=\"NTgsNiw2MA==\" href=\"https:\/\/transformar.tramandai.rs.gov.br\/\"><img decoding=\"async\" src=\"http:\/\/tvnativoos.com.br\/wfe\/wp-content\/uploads\/2026\/03\/TV-Nativoos-300-x-250-px.png\" \/><\/a><\/div><\/div>\n\n\n<p>Um homem de 18 anos foi preso em flagrante pelo homic\u00eddio de duas pessoas,<strong>\u00a0m\u00e3e e irm\u00e3o do antigo patr\u00e3o<\/strong>, em\u00a0Cap\u00e3o da Canoa, no Litoral Norte do RS, na noite de quarta-feira (26). Segundo a Pol\u00edcia Civil, o crime teria ocorrido porque o suspeito\u00a0estava insatisfeito com valores recebidos pelo ex-chefe ap\u00f3s ser demitido de uma obra. As identidades dos envolvidos n\u00e3o foram divulgadas.<\/p>\n\n\n\n<p>O suspeito foi at\u00e9 a casa do ex-patr\u00e3o com um fac\u00e3o, mas ele n\u00e3o estava presente. Ent\u00e3o, o suspeito matou as duas pessoas que estavam na casa. Em depoimento ap\u00f3s a pris\u00e3o, o homem ficou em sil\u00eancio.<\/p>\n\n\n\n<p>De acordo com o delegado Marco Swirski o<strong>&nbsp;<\/strong>suspeito \u00e9 enteado do filho do antigo chefe, que o contratou para um servi\u00e7o em uma obra. As v\u00edtimas s\u00e3o a esposa, de 49 anos, e o irm\u00e3o, de 46, do antigo patr\u00e3o.<\/p>\n\n\n\n<p>&#8220;Ele ficou descontente com o valor que foi pago e teria ido ontem cobrar o que ele acreditava ter direito da rescis\u00e3o&#8221;, explicou o delegado.<\/p>\n\n\n\n<p>O antigo patr\u00e3o do suspeito chegou no local ap\u00f3s o crime e&nbsp;<strong>encontrou o suspeito com uma faca.&nbsp;<\/strong>Eles entraram em luta corporal.&nbsp;A v\u00edtima teve ferimentos graves e foi levada ao hospital,&nbsp;conforme a pol\u00edcia. O estado de sa\u00fade n\u00e3o foi informado.<\/p>\n\n\n\n<p>O suspeito do crime fugiu, mas foi preso pela Brigada Militar. De acordo com a pol\u00edcia, ele poder\u00e1 responder por homic\u00eddio qualificado (duas vezes) e tentativa de homic\u00eddio qualificado (2 vezes), com as qualificadoras de motivo torpe e pelo crime praticado de forma cruel.<\/p>\n\n\n<div class=\"g g-8\"><div class=\"g-dyn a-45 c-1\"><a href=\"https:\/\/tvnativoos.com.br\/wfe\/radio-online-costeira-nativa\/\" target=\"_blank\"><img decoding=\"async\" src=\"http:\/\/tvnativoos.com.br\/wfe\/wp-content\/uploads\/2024\/06\/radiocosteiranativa-2.jpeg\" \/><\/a><\/div><div class=\"g-dyn a-44 c-2\"><a href=\"https:\/\/tvnativoos.com.br\/wfe\/radio-online-costeira-nativa\/\" target=\"_blank\"><img decoding=\"async\" src=\"http:\/\/tvnativoos.com.br\/wfe\/wp-content\/uploads\/2024\/06\/radiocosteiranativa-1.jpeg\" \/><\/a><\/div><\/div>\n\n\n<p>Curta, compartilhe e inscreva em nosso canal do\u00a0<a href=\"https:\/\/youtube.com\/@tvnativoos\">youtube.com\/@tvnativoos<\/a>, curta nossa p\u00e1gina no facebook, instagram e veja nossa programa\u00e7\u00e3o ao vivo portal\u00a0<a href=\"https:\/\/tvnativoos.com.br\/wfe\/\">www.tvnativoos.com.br<\/a><\/p>\n","protected":false},"excerpt":{"rendered":"<p>Fato ocorreu em Cap\u00e3o da Canoa Segundo a Pol\u00edcia Civil, suspeito estaria insatisfeito com valores recebidos ap\u00f3s ser demitido pelo ex-patr\u00e3o. Homem foi preso em flagrante. Um homem de 18 anos foi preso em flagrante pelo homic\u00eddio de duas pessoas,\u00a0m\u00e3e e irm\u00e3o do antigo patr\u00e3o, em\u00a0Cap\u00e3o da Canoa, no Litoral Norte do RS, na noite [&hellip;]<\/p>\n","protected":false},"author":3,"featured_media":25727,"comment_status":"closed","ping_status":"open","sticky":false,"template":"","format":"standard","meta":{"footnotes":""},"categories":[8],"tags":[686,303,646,65],"class_list":["post-25726","post","type-post","status-publish","format-standard","has-post-thumbnail","hentry","category-noticias","tag-capaodacanoa","tag-litoralnorte","tag-policia","tag-tvnativoos"],"cc_featured_image_caption":{"caption_text":"","source_text":"","source_url":""},"_links":{"self":[{"href":"https:\/\/tvnativoos.com.br\/wfe\/wp-json\/wp\/v2\/posts\/25726","targetHints":{"allow":["GET"]}}],"collection":[{"href":"https:\/\/tvnativoos.com.br\/wfe\/wp-json\/wp\/v2\/posts"}],"about":[{"href":"https:\/\/tvnativoos.com.br\/wfe\/wp-json\/wp\/v2\/types\/post"}],"author":[{"embeddable":true,"href":"https:\/\/tvnativoos.com.br\/wfe\/wp-json\/wp\/v2\/users\/3"}],"replies":[{"embeddable":true,"href":"https:\/\/tvnativoos.com.br\/wfe\/wp-json\/wp\/v2\/comments?post=25726"}],"version-history":[{"count":1,"href":"https:\/\/tvnativoos.com.br\/wfe\/wp-json\/wp\/v2\/posts\/25726\/revisions"}],"predecessor-version":[{"id":25728,"href":"https:\/\/tvnativoos.com.br\/wfe\/wp-json\/wp\/v2\/posts\/25726\/revisions\/25728"}],"wp:featuredmedia":[{"embeddable":true,"href":"https:\/\/tvnativoos.com.br\/wfe\/wp-json\/wp\/v2\/media\/25727"}],"wp:attachment":[{"href":"https:\/\/tvnativoos.com.br\/wfe\/wp-json\/wp\/v2\/media?parent=25726"}],"wp:term":[{"taxonomy":"category","embeddable":true,"href":"https:\/\/tvnativoos.com.br\/wfe\/wp-json\/wp\/v2\/categories?post=25726"},{"taxonomy":"post_tag","embeddable":true,"href":"https:\/\/tvnativoos.com.br\/wfe\/wp-json\/wp\/v2\/tags?post=25726"}],"curies":[{"name":"wp","href":"https:\/\/api.w.org\/{rel}","templated":true}]}}