{"id":25702,"date":"2025-02-26T18:35:17","date_gmt":"2025-02-26T18:35:17","guid":{"rendered":"https:\/\/tvnativoos.com.br\/wfe\/?p=25702"},"modified":"2025-02-26T18:35:18","modified_gmt":"2025-02-26T18:35:18","slug":"policia-suspeito-de-estuprar-menina-de-9-anos-e-morto-por-linchamento-em-tramandai","status":"publish","type":"post","link":"https:\/\/tvnativoos.com.br\/wfe\/policia-suspeito-de-estuprar-menina-de-9-anos-e-morto-por-linchamento-em-tramandai\/","title":{"rendered":"Pol\u00edcia &#8211; Suspeito de estuprar menina de 9 anos \u00e9 morto por linchamento em Tramanda\u00ed"},"content":{"rendered":"\n<p>Crian\u00e7a foi resgatada por efetivo do 2\u00ba BPChq em cativeiro ap\u00f3s quase um dia de buscas<\/p>\n\n\n\n<p>O efetivo do 2\u00ba Batalh\u00e3o de Choque (BPChq) resgatou, na manh\u00e3 desta quarta-feira, uma menina de 9 anos que havia sido raptada em Tramanda\u00ed, no Litoral Norte. A crian\u00e7a foi encontrada dentro de um al\u00e7ap\u00e3o e relatou ter sofrido abusos. Um homem de 61 anos, tido como suspeito, foi linchado e acabou morrendo.<\/p>\n\n\n<div class=\"g g-6\"><div class=\"g-dyn a-62 c-1\"><a class=\"gofollow\" data-track=\"NjIsNiw2MA==\" href=\": http:\/\/teliga.corsan.com.br\" target=\"_blank\"><img decoding=\"async\" src=\"http:\/\/tvnativoos.com.br\/wfe\/wp-content\/uploads\/2026\/02\/WhatsApp-Image-2026-02-19-at-17.23.17.jpeg\" \/><\/a><\/div><div class=\"g-dyn a-4 c-2\"><a class=\"gofollow\" data-track=\"NCw2LDYw\" href=\"https:\/\/arquitetalaurabaltar.com.br\/wfe\/\" target=\"_blank\"><img decoding=\"async\" src=\"http:\/\/tvnativoos.com.br\/wfe\/wp-content\/uploads\/2025\/01\/01-1.png\" \/><\/a><\/div><div class=\"g-dyn a-6 c-3\"><a class=\"gofollow\" data-track=\"Niw2LDYw\" href=\"#\" target=\"_blank\"><img decoding=\"async\" src=\"http:\/\/tvnativoos.com.br\/wfe\/wp-content\/uploads\/2023\/01\/banner-agua-kangen-e1701887476486.jpeg\" \/><\/a><\/div><div class=\"g-dyn a-39 c-4\"><a class=\"gofollow\" data-track=\"MzksNiw2MA==\" href=\"https:\/\/tvnativoos.com.br\/wfe\/\" target=\"_blank\"><img decoding=\"async\" src=\"http:\/\/tvnativoos.com.br\/wfe\/wp-content\/uploads\/2024\/05\/WhatsApp-Image-2024-05-17-at-19.58.28.jpeg\" \/><\/a><\/div><div class=\"g-dyn a-58 c-5\"><a class=\"gofollow\" data-track=\"NTgsNiw2MA==\" href=\"https:\/\/transformar.tramandai.rs.gov.br\/\"><img decoding=\"async\" src=\"http:\/\/tvnativoos.com.br\/wfe\/wp-content\/uploads\/2026\/03\/TV-Nativoos-300-x-250-px.png\" \/><\/a><\/div><div class=\"g-dyn a-7 c-6\"><a class=\"gofollow\" data-track=\"Nyw2LDYw\" href=\"https:\/\/inovaimoveis.rs\/\" target=\"_blank\"><img decoding=\"async\" src=\"http:\/\/tvnativoos.com.br\/wfe\/wp-content\/uploads\/2023\/06\/Banner-Inova-300x214-1.jpeg\" \/><\/a><\/div><\/div>\n\n\n<p>A crian\u00e7a era procurada desde a tarde de ter\u00e7a-feira. De acordo com a Brigada Militar, ela sumiu enquanto brincava em uma pra\u00e7a na rua S\u00e3o Marcos, no bairro Parque dos Presidentes, por volta das 16h.<\/p>\n\n\n\n<p>Nesta manh\u00e3, pr\u00f3ximo \u00e0s 10h, munidos de informa\u00e7\u00f5es do Setor de Intelig\u00eancia, os policiais do Choque encontraram a v\u00edtima. Ela estava com as m\u00e3os amarradas, dentro de um calabou\u00e7o, nos fundos de um mercado. O estabelecimento seria propriedade do sequestrador.<\/p>\n\n\n\n<p>A v\u00edtima gritou por socorro ao perceber a entrada dos policiais no local e indicou onde era mantida. O esconderijo, no ch\u00e3o, estava lacrado com uma tampa de concreto, al\u00e9m de ter caixas de cerveja em cima.<\/p>\n\n\n\n<p>\u201cEle me abusou\u201d, disse a pequena quando viu os PMs.<\/p>\n\n\n\n<p>Dezenas de pessoas participaram de um protesto em frente ao armaz\u00e9m. A popula\u00e7\u00e3o, no auge da f\u00faria, invadiu o lugar enquanto a ocorr\u00eancia ainda estava em andamento e passou a agredir o sequestrador. Ele foi atingido por chutes, socos, garrafas, tijolos e pedras.<\/p>\n\n\n\n<p>Os PMs, for\u00e7ados por dever constitucional a impedir o linchamento, tentaram conter o tumulto com bombas de efeito moral, balas de borracha e g\u00e1s lacrimog\u00e9neo. Um policial foi atingido por uma garrafa e teve ferimentos no bra\u00e7o.<\/p>\n\n\n\n<p>O suspeito chegou a ser socorrido ainda com vida, mas morreu enquanto era atendido por uma equipe do Servi\u00e7o de Atendimento M\u00f3vel de Urg\u00eancia (Samu). A ficha criminal dele acumulava registros por feminic\u00eddio, tr\u00e1fico de drogas, furto a ve\u00edculo, crueldade contra animais e les\u00e3o corporal.<\/p>\n\n\n\n<p>A v\u00edtima recebeu atendimento m\u00e9dico. Mesmo com os traumas que sofreu, ela est\u00e1 fora de risco e passa bem.<\/p>\n\n\n\n<p>Fonte: Jornal Correio do Povo<\/p>\n\n\n\n<p>Curta, compartilhe e inscreva em nosso canal do\u00a0<a href=\"https:\/\/youtube.com\/@tvnativoos\">youtube.com\/@tvnativoos<\/a>, curta nossa p\u00e1gina no facebook, instagram e veja nossa programa\u00e7\u00e3o ao vivo portal www.tvnativoos.com.br<\/p>\n","protected":false},"excerpt":{"rendered":"<p>Crian\u00e7a foi resgatada por efetivo do 2\u00ba BPChq em cativeiro ap\u00f3s quase um dia de buscas O efetivo do 2\u00ba Batalh\u00e3o de Choque (BPChq) resgatou, na manh\u00e3 desta quarta-feira, uma menina de 9 anos que havia sido raptada em Tramanda\u00ed, no Litoral Norte. A crian\u00e7a foi encontrada dentro de um al\u00e7ap\u00e3o e relatou ter sofrido [&hellip;]<\/p>\n","protected":false},"author":3,"featured_media":25703,"comment_status":"closed","ping_status":"open","sticky":false,"template":"","format":"standard","meta":{"footnotes":""},"categories":[8],"tags":[],"class_list":["post-25702","post","type-post","status-publish","format-standard","has-post-thumbnail","hentry","category-noticias"],"cc_featured_image_caption":{"caption_text":"","source_text":"","source_url":""},"_links":{"self":[{"href":"https:\/\/tvnativoos.com.br\/wfe\/wp-json\/wp\/v2\/posts\/25702","targetHints":{"allow":["GET"]}}],"collection":[{"href":"https:\/\/tvnativoos.com.br\/wfe\/wp-json\/wp\/v2\/posts"}],"about":[{"href":"https:\/\/tvnativoos.com.br\/wfe\/wp-json\/wp\/v2\/types\/post"}],"author":[{"embeddable":true,"href":"https:\/\/tvnativoos.com.br\/wfe\/wp-json\/wp\/v2\/users\/3"}],"replies":[{"embeddable":true,"href":"https:\/\/tvnativoos.com.br\/wfe\/wp-json\/wp\/v2\/comments?post=25702"}],"version-history":[{"count":1,"href":"https:\/\/tvnativoos.com.br\/wfe\/wp-json\/wp\/v2\/posts\/25702\/revisions"}],"predecessor-version":[{"id":25704,"href":"https:\/\/tvnativoos.com.br\/wfe\/wp-json\/wp\/v2\/posts\/25702\/revisions\/25704"}],"wp:featuredmedia":[{"embeddable":true,"href":"https:\/\/tvnativoos.com.br\/wfe\/wp-json\/wp\/v2\/media\/25703"}],"wp:attachment":[{"href":"https:\/\/tvnativoos.com.br\/wfe\/wp-json\/wp\/v2\/media?parent=25702"}],"wp:term":[{"taxonomy":"category","embeddable":true,"href":"https:\/\/tvnativoos.com.br\/wfe\/wp-json\/wp\/v2\/categories?post=25702"},{"taxonomy":"post_tag","embeddable":true,"href":"https:\/\/tvnativoos.com.br\/wfe\/wp-json\/wp\/v2\/tags?post=25702"}],"curies":[{"name":"wp","href":"https:\/\/api.w.org\/{rel}","templated":true}]}}